{"id":51188,"date":"2015-01-28T14:10:15","date_gmt":"2015-01-28T17:10:15","guid":{"rendered":"http:\/\/aconteceunovale.com.br\/portal\/?p=51188"},"modified":"2015-01-28T14:11:58","modified_gmt":"2015-01-28T17:11:58","slug":"acordo-mediado-pelo-incra-impede-reintegracao-de-posse-em-novo-cruzeiro","status":"publish","type":"post","link":"https:\/\/aconteceunovale.com.br\/portal\/?p=51188","title":{"rendered":"Acordo mediado pelo Incra impede reintegra\u00e7\u00e3o de posse em Novo Cruzeiro"},"content":{"rendered":"<h4><strong><em>Fazenda de 340 hectares \u00e9 ocupada h\u00e1 13 anos. Acordo prev\u00ea avalia\u00e7\u00e3o conjunta realizada pelo Incra e Governo do estado com o acompanhamento do propriet\u00e1rio em at\u00e9 90 dias.<\/em><\/strong><\/h4>\n<p>Um acordo extrajudicial, firmado na superintend\u00eancia do Incra\/MG, em Belo Horizonte, suspende a reintegra\u00e7\u00e3o de posse que estava prestes a ser efetivada pela Pol\u00edcia Militar, por decis\u00e3o Judicial, na Fazenda Gravat\u00e1, em Novo Cruzeiro, no Vale do Jequitinhonha<\/p>\n<p>A concilia\u00e7\u00e3o evita um conflito que poderia resultar em viol\u00eancia j\u00e1 que as 32 fam\u00edlias ligadas ao MST, que ocupam o im\u00f3vel de 340 hectares, h\u00e1 13 anos, n\u00e3o pretendiam deixar o local.<\/p>\n<p><img decoding=\"async\" src=\"http:\/\/aconteceunovale.com.br\/portal\/wp-content\/uploads\/2015\/01\/incra_nc.jpg\" alt=\"\" \/><em>Acordo foi firmado na superintend\u00eancia do Incra\/MG, em Belo Horizonte &#8211; Foto: Divulga\u00e7\u00e3o<\/em><br \/>\n<\/br><\/p>\n<p>O acordo prev\u00ea avalia\u00e7\u00e3o conjunta realizada pelo Incra e Governo do estado com o acompanhamento do propriet\u00e1rio em at\u00e9 90 dias. Se o valor resultante for aceito pelo fazendeiro, o Incra ou o estado tomam as medidas administrativas para pagar a quantia por meio de compra e venda, pelo Decreto 433\/92 ou pelo Programa Nacional de Cr\u00e9dito Fundi\u00e1rio (PNFC).<\/p>\n<p>Se a avalia\u00e7\u00e3o n\u00e3o chegar ao pretendido pelo propriet\u00e1rio, a reintegra\u00e7\u00e3o de posse pode ser cumprida em cumprimento \u00e0 senten\u00e7a judicial da Vara de Conflitos Agr\u00e1rios da Capital. O acordo vai ser protocolizado para homologa\u00e7\u00e3o judicial.<\/p>\n<p>Em 2011, o Incra j\u00e1 tinha avaliado o im\u00f3vel, contudo o valor ficou desatualizado. Para minimizar o conflito, a prefeitura de Novo Cruzeiro decretou 27 hectares do im\u00f3vel, onde vivem os acampados, de interesse social, para implantar uma col\u00f4nia agr\u00edcola e ajuizou uma a\u00e7\u00e3o de desapropria\u00e7\u00e3o da \u00e1rea desta por\u00e7\u00e3o do im\u00f3vel.<\/p>\n<p>O superintendente do Incra\/MG, Danilo Ara\u00fajo destaca a condi\u00e7\u00e3o social das fam\u00edlias. &#8220;Trata-se de um acampamento onde residem 32 fam\u00edlias de trabalhadores rurais que lavram a terra e tiram o seu sustento com muito esfor\u00e7o&#8221;, destaca.<\/p>\n<p>O propriet\u00e1rio, lideran\u00e7a do MST, seus advogados, o prefeito do munic\u00edpio, um vereador e representantes da Secretaria de estado de Agricultura Pecu\u00e1ria e Abastecimento (Seapa) participaram da negocia\u00e7\u00e3o al\u00e9m do superintendente do Incra\/MG. <\/p>\n","protected":false},"excerpt":{"rendered":"<p>Fazenda de 340 hectares \u00e9 ocupada h\u00e1 13 anos. Acordo prev\u00ea avalia\u00e7\u00e3o conjunta realizada pelo Incra e Governo do estado com o acompanhamento do propriet\u00e1rio em at\u00e9 90 dias. Um acordo extrajudicial, firmado na superintend\u00eancia do Incra\/MG, em Belo Horizonte, suspende a reintegra\u00e7\u00e3o de posse que estava prestes a ser efetivada pela Pol\u00edcia Militar, por [&hellip;]<\/p>\n","protected":false},"author":1,"featured_media":51189,"comment_status":"open","ping_status":"closed","sticky":false,"template":"","format":"standard","meta":{"amp_status":"","footnotes":""},"categories":[120],"tags":[31541,31545,31078,175,31544,31543,31542],"class_list":["post-51188","post","type-post","status-publish","format-standard","has-post-thumbnail","hentry","category-jequi","tag-acordo-mediado-pelo-incra-impede-reintegracao-de-posse-em-novo-cruzeiro","tag-danilo-araujo","tag-fazenda-gravata","tag-novo-cruzeiro","tag-prefeitura-de-novo-cruzeiro","tag-programa-nacional-de-credito-fundiario","tag-reintegracao-de-posse-em-novo-cruzeiro"],"_links":{"self":[{"href":"https:\/\/aconteceunovale.com.br\/portal\/index.php?rest_route=\/wp\/v2\/posts\/51188","targetHints":{"allow":["GET"]}}],"collection":[{"href":"https:\/\/aconteceunovale.com.br\/portal\/index.php?rest_route=\/wp\/v2\/posts"}],"about":[{"href":"https:\/\/aconteceunovale.com.br\/portal\/index.php?rest_route=\/wp\/v2\/types\/post"}],"author":[{"embeddable":true,"href":"https:\/\/aconteceunovale.com.br\/portal\/index.php?rest_route=\/wp\/v2\/users\/1"}],"replies":[{"embeddable":true,"href":"https:\/\/aconteceunovale.com.br\/portal\/index.php?rest_route=%2Fwp%2Fv2%2Fcomments&post=51188"}],"version-history":[{"count":0,"href":"https:\/\/aconteceunovale.com.br\/portal\/index.php?rest_route=\/wp\/v2\/posts\/51188\/revisions"}],"wp:featuredmedia":[{"embeddable":true,"href":"https:\/\/aconteceunovale.com.br\/portal\/index.php?rest_route=\/wp\/v2\/media\/51189"}],"wp:attachment":[{"href":"https:\/\/aconteceunovale.com.br\/portal\/index.php?rest_route=%2Fwp%2Fv2%2Fmedia&parent=51188"}],"wp:term":[{"taxonomy":"category","embeddable":true,"href":"https:\/\/aconteceunovale.com.br\/portal\/index.php?rest_route=%2Fwp%2Fv2%2Fcategories&post=51188"},{"taxonomy":"post_tag","embeddable":true,"href":"https:\/\/aconteceunovale.com.br\/portal\/index.php?rest_route=%2Fwp%2Fv2%2Ftags&post=51188"}],"curies":[{"name":"wp","href":"https:\/\/api.w.org\/{rel}","templated":true}]}}