{"id":51185,"date":"2015-01-28T13:45:35","date_gmt":"2015-01-28T16:45:35","guid":{"rendered":"http:\/\/aconteceunovale.com.br\/portal\/?p=51185"},"modified":"2015-01-28T13:48:45","modified_gmt":"2015-01-28T16:48:45","slug":"homem-estupra-filha-e-enteada-em-medina-no-vale-do-jequitinhonha","status":"publish","type":"post","link":"https:\/\/aconteceunovale.com.br\/portal\/?p=51185","title":{"rendered":"Homem estupra filha e enteada em Medina, no Vale do Jequitinhonha"},"content":{"rendered":"<h4><strong><em>Crian\u00e7as de 6 e 10 anos contaram sobre o estupro a um tio. Homem \u00e9 procurado pela Pol\u00edcia.<\/em><\/strong><\/h4>\n<p>A Pol\u00edcia Militar de Medina, no Vale do Jequitinhonha, registrou na tarde dessa ter\u00e7a-feira, 27 de janeiro, o estupro de duas crian\u00e7as de 6 e 10 anos de idade. De acordo com a corpora\u00e7\u00e3o, um tio das meninas relatou que elas teriam ido passar alguns dias em sua casa, na zona rural do munic\u00edpio, e que logo ao chegarem, come\u00e7aram a falar que o pai de uma delas e padrasto da outra, o autor M.R.S, teria abusado sexualmente delas e que n\u00e3o queriam voltar para casa.<\/p>\n<p>Ainda segundo a PM, a crian\u00e7a A.P.O.P disse que seu padrasto teria tirado as suas vestes e de sua irm\u00e3 M.O.S e que teria mandado que elas colocasse suas bocas em seu \u00f3rg\u00e3o genital e que ap\u00f3s isso elas foram amorda\u00e7adas e amarradas. A menor disse tamb\u00e9m que ela e a irm\u00e3 foram colocadas sobre uma cama e que foram penetradas pelo autor. <\/p>\n<p>No registro de ocorr\u00eancia da PM, \u00e9 relatado tamb\u00e9m que ap\u00f3s o crime, M.R.S teria pego uma faca e colocado no pesco\u00e7o das crian\u00e7as, as amea\u00e7ado de morte, caso contassem sobre o estupro para algu\u00e9m.<\/p>\n","protected":false},"excerpt":{"rendered":"<p>Crian\u00e7as de 6 e 10 anos contaram sobre o estupro a um tio. Homem \u00e9 procurado pela Pol\u00edcia. A Pol\u00edcia Militar de Medina, no Vale do Jequitinhonha, registrou na tarde dessa ter\u00e7a-feira, 27 de janeiro, o estupro de duas crian\u00e7as de 6 e 10 anos de idade. De acordo com a corpora\u00e7\u00e3o, um tio das [&hellip;]<\/p>\n","protected":false},"author":1,"featured_media":25521,"comment_status":"open","ping_status":"closed","sticky":false,"template":"","format":"standard","meta":{"amp_status":"","footnotes":""},"categories":[120],"tags":[31537,31535,31540,31538,31539,31536,389],"class_list":["post-51185","post","type-post","status-publish","format-standard","has-post-thumbnail","hentry","category-jequi","tag-ana-paula-de-oliveira-prates","tag-homem-estupra-filha-e-enteada-em-medina","tag-homem-estupra-filha-e-enteada-em-medina-no-vale-do-jequitinhonha","tag-lucimar-oliveira-prates","tag-maira-oliveira-santos","tag-mauricio-rodrigues-dos-santos","tag-medina"],"_links":{"self":[{"href":"https:\/\/aconteceunovale.com.br\/portal\/index.php?rest_route=\/wp\/v2\/posts\/51185","targetHints":{"allow":["GET"]}}],"collection":[{"href":"https:\/\/aconteceunovale.com.br\/portal\/index.php?rest_route=\/wp\/v2\/posts"}],"about":[{"href":"https:\/\/aconteceunovale.com.br\/portal\/index.php?rest_route=\/wp\/v2\/types\/post"}],"author":[{"embeddable":true,"href":"https:\/\/aconteceunovale.com.br\/portal\/index.php?rest_route=\/wp\/v2\/users\/1"}],"replies":[{"embeddable":true,"href":"https:\/\/aconteceunovale.com.br\/portal\/index.php?rest_route=%2Fwp%2Fv2%2Fcomments&post=51185"}],"version-history":[{"count":0,"href":"https:\/\/aconteceunovale.com.br\/portal\/index.php?rest_route=\/wp\/v2\/posts\/51185\/revisions"}],"wp:featuredmedia":[{"embeddable":true,"href":"https:\/\/aconteceunovale.com.br\/portal\/index.php?rest_route=\/wp\/v2\/media\/25521"}],"wp:attachment":[{"href":"https:\/\/aconteceunovale.com.br\/portal\/index.php?rest_route=%2Fwp%2Fv2%2Fmedia&parent=51185"}],"wp:term":[{"taxonomy":"category","embeddable":true,"href":"https:\/\/aconteceunovale.com.br\/portal\/index.php?rest_route=%2Fwp%2Fv2%2Fcategories&post=51185"},{"taxonomy":"post_tag","embeddable":true,"href":"https:\/\/aconteceunovale.com.br\/portal\/index.php?rest_route=%2Fwp%2Fv2%2Ftags&post=51185"}],"curies":[{"name":"wp","href":"https:\/\/api.w.org\/{rel}","templated":true}]}}