{"id":51155,"date":"2015-01-27T21:57:09","date_gmt":"2015-01-28T00:57:09","guid":{"rendered":"http:\/\/aconteceunovale.com.br\/portal\/?p=51155"},"modified":"2015-01-29T17:52:32","modified_gmt":"2015-01-29T20:52:32","slug":"guarda-municipal-morre-em-acidente-no-municipio-de-diamantina","status":"publish","type":"post","link":"https:\/\/aconteceunovale.com.br\/portal\/?p=51155","title":{"rendered":"Guarda municipal morre em acidente no munic\u00edpio de Diamantina"},"content":{"rendered":"<h4><strong><em>Jo\u00e3o Afonso, de 32 anos, foi atingido por um carro forte pr\u00f3ximo a Bandeirinha. Chovia no momento do acidente.<\/em><\/strong><\/h4>\n<p>[image src=&#8221;http:\/\/aconteceunovale.com.br\/portal\/wp-content\/uploads\/2015\/01\/guarda_municipal_dtna.jpg&#8221; width=&#8221;250&#8243; height=&#8221;281&#8243; lightbox=&#8221;yes&#8221; align=&#8221;left&#8221; float=&#8221;left&#8221;]Um agente da Guarda Municipal (GM) de Diamantina morreu em um acidente na tarde desta ter\u00e7a-feira, 27 de janeiro, na BR-367, pr\u00f3ximo a Bandeirinha, na zona rural do munic\u00edpio.<\/p>\n<p>De acordo com a Pol\u00edcia Militar, Jo\u00e3o Afonso dos Santos J\u00fanior, de 32 anos, estava em uma motocicleta, quando foi atingido por um carro forte pr\u00f3ximo ao km 634. Com o impacto da batida, ele ficou gravemente ferido e veio a \u00f3bito.<\/p>\n<p>Ainda segundo a PM, o motorista do carro forte alegou que a pista estava molhada e que a colis\u00e3o aconteceu logo ap\u00f3s uma curva, n\u00e3o sendo poss\u00edvel evitar o acidente.<\/p>\n","protected":false},"excerpt":{"rendered":"<p>Jo\u00e3o Afonso, de 32 anos, foi atingido por um carro forte pr\u00f3ximo a Bandeirinha. Chovia no momento do acidente. [image src=&#8221;http:\/\/aconteceunovale.com.br\/portal\/wp-content\/uploads\/2015\/01\/guarda_municipal_dtna.jpg&#8221; width=&#8221;250&#8243; height=&#8221;281&#8243; lightbox=&#8221;yes&#8221; align=&#8221;left&#8221; float=&#8221;left&#8221;]Um agente da Guarda Municipal (GM) de Diamantina morreu em um acidente na tarde desta ter\u00e7a-feira, 27 de janeiro, na BR-367, pr\u00f3ximo a Bandeirinha, na zona rural do munic\u00edpio. De [&hellip;]<\/p>\n","protected":false},"author":1,"featured_media":51156,"comment_status":"open","ping_status":"closed","sticky":false,"template":"","format":"standard","meta":{"amp_status":"","footnotes":""},"categories":[120],"tags":[31480,31479,198,31477,31478,31640],"class_list":["post-51155","post","type-post","status-publish","format-standard","has-post-thumbnail","hentry","category-jequi","tag-acidente-com-guarda-municipal-de-diamantina","tag-acidente-com-joao-afonso-da-guarda-municipal-de-diamantina","tag-diamantina","tag-guarda-municipal-morre-em-acidente-no-municipio-de-diamantina","tag-joao-afonso","tag-joao-afonso-dos-santos-junior"],"_links":{"self":[{"href":"https:\/\/aconteceunovale.com.br\/portal\/index.php?rest_route=\/wp\/v2\/posts\/51155","targetHints":{"allow":["GET"]}}],"collection":[{"href":"https:\/\/aconteceunovale.com.br\/portal\/index.php?rest_route=\/wp\/v2\/posts"}],"about":[{"href":"https:\/\/aconteceunovale.com.br\/portal\/index.php?rest_route=\/wp\/v2\/types\/post"}],"author":[{"embeddable":true,"href":"https:\/\/aconteceunovale.com.br\/portal\/index.php?rest_route=\/wp\/v2\/users\/1"}],"replies":[{"embeddable":true,"href":"https:\/\/aconteceunovale.com.br\/portal\/index.php?rest_route=%2Fwp%2Fv2%2Fcomments&post=51155"}],"version-history":[{"count":0,"href":"https:\/\/aconteceunovale.com.br\/portal\/index.php?rest_route=\/wp\/v2\/posts\/51155\/revisions"}],"wp:featuredmedia":[{"embeddable":true,"href":"https:\/\/aconteceunovale.com.br\/portal\/index.php?rest_route=\/wp\/v2\/media\/51156"}],"wp:attachment":[{"href":"https:\/\/aconteceunovale.com.br\/portal\/index.php?rest_route=%2Fwp%2Fv2%2Fmedia&parent=51155"}],"wp:term":[{"taxonomy":"category","embeddable":true,"href":"https:\/\/aconteceunovale.com.br\/portal\/index.php?rest_route=%2Fwp%2Fv2%2Fcategories&post=51155"},{"taxonomy":"post_tag","embeddable":true,"href":"https:\/\/aconteceunovale.com.br\/portal\/index.php?rest_route=%2Fwp%2Fv2%2Ftags&post=51155"}],"curies":[{"name":"wp","href":"https:\/\/api.w.org\/{rel}","templated":true}]}}