{"id":51130,"date":"2015-01-27T12:38:35","date_gmt":"2015-01-27T15:38:35","guid":{"rendered":"http:\/\/aconteceunovale.com.br\/portal\/?p=51130"},"modified":"2015-01-27T12:54:52","modified_gmt":"2015-01-27T15:54:52","slug":"prf-apreende-carga-de-cigarros-na-br-040-em-curvelo","status":"publish","type":"post","link":"https:\/\/aconteceunovale.com.br\/portal\/?p=51130","title":{"rendered":"PRF apreende carga de cigarros na BR-040 em Curvelo"},"content":{"rendered":"<h4><strong><em>Carga estava sendo retirada de galp\u00e3o e colocada em caminh\u00e3o. Dono do im\u00f3vel foi preso.<\/em><\/strong><\/h4>\n<p>A Pol\u00edcia Rodovi\u00e1ria Federal apreendeu nesta segunda-feira, 26 de janeiro, 321.540 ma\u00e7os de cigarro no KM-372 da BR-040, em Curvelo, na regi\u00e3o Central de Minas. Um homem de 35 anos foi preso.<\/p>\n<p>Segundo informa\u00e7\u00f5es da corpora\u00e7\u00e3o, uma viatura fazia uma ronda quando os policiais viram duas pessoas colocando a carga em um caminh\u00e3o. Ao perceberem a chegada da PRF, eles fugiram para um matagal e n\u00e3o foram localizados.<\/p>\n<p>Ainda de acordo com a PRF, os cigarros estavam sendo armazenados dentro de um galp\u00e3o, o propriet\u00e1rio do im\u00f3vel, A.C.C, de 35 anos, assumiu que alugou o local e foi detido.<\/p>\n<p>O caminh\u00e3o, com placa de Curvelo, e a carga foram levados para a Receita Federal,  j\u00e1 o homem de 35 anos foi encaminhado para a Delegacia de Pol\u00edcia Civil.<\/p>\n<p><img decoding=\"async\" src=\"http:\/\/aconteceunovale.com.br\/portal\/wp-content\/uploads\/2015\/01\/apreensao_cigarros_curvelo.jpg\" alt=\"\" \/><em>Parte da carga j\u00e1 havia sido colocada no caminh\u00e3o (Foto: Divulga\u00e7\u00e3o \/ Pol\u00edcia Rodovi\u00e1ria Federal)<\/em><br \/>\n<\/br><\/p>\n<p><strong><em>(Inter TV Grande Minas)<\/em><\/strong><\/p>\n","protected":false},"excerpt":{"rendered":"<p>Carga estava sendo retirada de galp\u00e3o e colocada em caminh\u00e3o. Dono do im\u00f3vel foi preso. A Pol\u00edcia Rodovi\u00e1ria Federal apreendeu nesta segunda-feira, 26 de janeiro, 321.540 ma\u00e7os de cigarro no KM-372 da BR-040, em Curvelo, na regi\u00e3o Central de Minas. Um homem de 35 anos foi preso. Segundo informa\u00e7\u00f5es da corpora\u00e7\u00e3o, uma viatura fazia uma [&hellip;]<\/p>\n","protected":false},"author":1,"featured_media":51131,"comment_status":"open","ping_status":"closed","sticky":false,"template":"","format":"standard","meta":{"amp_status":"","footnotes":""},"categories":[123],"tags":[31457,31456,197,31455],"class_list":["post-51130","post","type-post","status-publish","format-standard","has-post-thumbnail","hentry","category-gerais","tag-carga-de-cigarros-apreendida-em-curvelo","tag-carga-de-cigarros-apreendida-na-br-040","tag-curvelo","tag-prf-apreende-carga-de-cigarros-na-br-040-em-curvelo"],"yoast_head":"<!-- This site is optimized with the Yoast SEO plugin v28.3 - https:\/\/yoast.com\/product\/yoast-seo-wordpress\/ -->\n<title>PRF apreende carga de cigarros na BR-040 em Curvelo - Aconteceu no Vale<\/title>\n<meta name=\"robots\" content=\"index, follow, max-snippet:-1, max-image-preview:large, max-video-preview:-1\" \/>\n<link rel=\"canonical\" href=\"https:\/\/aconteceunovale.com.br\/portal\/?p=51130\" \/>\n<meta property=\"og:locale\" content=\"pt_BR\" \/>\n<meta property=\"og:type\" content=\"article\" \/>\n<meta property=\"og:title\" content=\"PRF apreende carga de cigarros na BR-040 em Curvelo - Aconteceu no Vale\" \/>\n<meta property=\"og:description\" content=\"Carga estava sendo retirada de galp\u00e3o e colocada em caminh\u00e3o. Dono do im\u00f3vel foi preso. A Pol\u00edcia Rodovi\u00e1ria Federal apreendeu nesta segunda-feira, 26 de janeiro, 321.540 ma\u00e7os de cigarro no KM-372 da BR-040, em Curvelo, na regi\u00e3o Central de Minas. Um homem de 35 anos foi preso. Segundo informa\u00e7\u00f5es da corpora\u00e7\u00e3o, uma viatura fazia uma [&hellip;]\" \/>\n<meta property=\"og:url\" content=\"https:\/\/aconteceunovale.com.br\/portal\/?p=51130\" \/>\n<meta property=\"og:site_name\" content=\"Aconteceu no Vale\" \/>\n<meta property=\"article:publisher\" content=\"https:\/\/www.facebook.com\/aconteceunovale\/\" \/>\n<meta property=\"article:published_time\" content=\"2015-01-27T15:38:35+00:00\" \/>\n<meta property=\"article:modified_time\" content=\"2015-01-27T15:54:52+00:00\" \/>\n<meta property=\"og:image\" content=\"https:\/\/aconteceunovale.com.br\/portal\/wp-content\/uploads\/2015\/01\/apreensao_cigarros_curvelo.jpg\" \/>\n\t<meta property=\"og:image:width\" content=\"600\" \/>\n\t<meta property=\"og:image:height\" content=\"450\" \/>\n\t<meta property=\"og:image:type\" content=\"image\/jpeg\" \/>\n<meta name=\"author\" content=\"Aconteceu no Vale\" \/>\n<meta name=\"twitter:card\" content=\"summary_large_image\" \/>\n<meta name=\"twitter:creator\" content=\"@noticiadosvales\" \/>\n<meta name=\"twitter:site\" content=\"@noticiadosvales\" \/>\n<meta name=\"twitter:label1\" content=\"Escrito por\" \/>\n\t<meta name=\"twitter:data1\" content=\"Aconteceu no Vale\" \/>\n\t<meta name=\"twitter:label2\" content=\"Est. tempo de leitura\" \/>\n\t<meta name=\"twitter:data2\" content=\"1 minuto\" \/>\n<script type=\"application\/ld+json\" class=\"yoast-schema-graph\">{\"@context\":\"https:\\\/\\\/schema.org\",\"@graph\":[{\"@type\":\"Article\",\"@id\":\"https:\\\/\\\/aconteceunovale.com.br\\\/portal\\\/?p=51130#article\",\"isPartOf\":{\"@id\":\"https:\\\/\\\/aconteceunovale.com.br\\\/portal\\\/?p=51130\"},\"author\":{\"name\":\"Aconteceu no Vale\",\"@id\":\"https:\\\/\\\/aconteceunovale.com.br\\\/portal\\\/#\\\/schema\\\/person\\\/633529146f2c94272bef50ac2953d589\"},\"headline\":\"PRF apreende carga de cigarros na BR-040 em Curvelo\",\"datePublished\":\"2015-01-27T15:38:35+00:00\",\"dateModified\":\"2015-01-27T15:54:52+00:00\",\"mainEntityOfPage\":{\"@id\":\"https:\\\/\\\/aconteceunovale.com.br\\\/portal\\\/?p=51130\"},\"wordCount\":187,\"commentCount\":0,\"image\":{\"@id\":\"https:\\\/\\\/aconteceunovale.com.br\\\/portal\\\/?p=51130#primaryimage\"},\"thumbnailUrl\":\"https:\\\/\\\/aconteceunovale.com.br\\\/portal\\\/wp-content\\\/uploads\\\/2015\\\/01\\\/apreensao_cigarros_curvelo.jpg\",\"keywords\":[\"carga de cigarros apreendida em curvelo\",\"carga de cigarros apreendida na br 040\",\"Curvelo\",\"PRF apreende carga de cigarros na BR-040 em Curvelo\"],\"articleSection\":[\"Minas Gerais\"],\"inLanguage\":\"pt-BR\",\"potentialAction\":[{\"@type\":\"CommentAction\",\"name\":\"Comment\",\"target\":[\"https:\\\/\\\/aconteceunovale.com.br\\\/portal\\\/?p=51130#respond\"]}]},{\"@type\":\"WebPage\",\"@id\":\"https:\\\/\\\/aconteceunovale.com.br\\\/portal\\\/?p=51130\",\"url\":\"https:\\\/\\\/aconteceunovale.com.br\\\/portal\\\/?p=51130\",\"name\":\"PRF apreende carga de cigarros na BR-040 em Curvelo - Aconteceu no Vale\",\"isPartOf\":{\"@id\":\"https:\\\/\\\/aconteceunovale.com.br\\\/portal\\\/#website\"},\"primaryImageOfPage\":{\"@id\":\"https:\\\/\\\/aconteceunovale.com.br\\\/portal\\\/?p=51130#primaryimage\"},\"image\":{\"@id\":\"https:\\\/\\\/aconteceunovale.com.br\\\/portal\\\/?p=51130#primaryimage\"},\"thumbnailUrl\":\"https:\\\/\\\/aconteceunovale.com.br\\\/portal\\\/wp-content\\\/uploads\\\/2015\\\/01\\\/apreensao_cigarros_curvelo.jpg\",\"datePublished\":\"2015-01-27T15:38:35+00:00\",\"dateModified\":\"2015-01-27T15:54:52+00:00\",\"author\":{\"@id\":\"https:\\\/\\\/aconteceunovale.com.br\\\/portal\\\/#\\\/schema\\\/person\\\/633529146f2c94272bef50ac2953d589\"},\"breadcrumb\":{\"@id\":\"https:\\\/\\\/aconteceunovale.com.br\\\/portal\\\/?p=51130#breadcrumb\"},\"inLanguage\":\"pt-BR\",\"potentialAction\":[{\"@type\":\"ReadAction\",\"target\":[\"https:\\\/\\\/aconteceunovale.com.br\\\/portal\\\/?p=51130\"]}]},{\"@type\":\"ImageObject\",\"inLanguage\":\"pt-BR\",\"@id\":\"https:\\\/\\\/aconteceunovale.com.br\\\/portal\\\/?p=51130#primaryimage\",\"url\":\"https:\\\/\\\/aconteceunovale.com.br\\\/portal\\\/wp-content\\\/uploads\\\/2015\\\/01\\\/apreensao_cigarros_curvelo.jpg\",\"contentUrl\":\"https:\\\/\\\/aconteceunovale.com.br\\\/portal\\\/wp-content\\\/uploads\\\/2015\\\/01\\\/apreensao_cigarros_curvelo.jpg\",\"width\":600,\"height\":450},{\"@type\":\"BreadcrumbList\",\"@id\":\"https:\\\/\\\/aconteceunovale.com.br\\\/portal\\\/?p=51130#breadcrumb\",\"itemListElement\":[{\"@type\":\"ListItem\",\"position\":1,\"name\":\"In\u00edcio\",\"item\":\"https:\\\/\\\/aconteceunovale.com.br\\\/portal\\\/\"},{\"@type\":\"ListItem\",\"position\":2,\"name\":\"PRF apreende carga de cigarros na BR-040 em Curvelo\"}]},{\"@type\":\"WebSite\",\"@id\":\"https:\\\/\\\/aconteceunovale.com.br\\\/portal\\\/#website\",\"url\":\"https:\\\/\\\/aconteceunovale.com.br\\\/portal\\\/\",\"name\":\"Aconteceu no Vale\",\"description\":\"Portal de Not\u00edcias\",\"potentialAction\":[{\"@type\":\"SearchAction\",\"target\":{\"@type\":\"EntryPoint\",\"urlTemplate\":\"https:\\\/\\\/aconteceunovale.com.br\\\/portal\\\/?s={search_term_string}\"},\"query-input\":{\"@type\":\"PropertyValueSpecification\",\"valueRequired\":true,\"valueName\":\"search_term_string\"}}],\"inLanguage\":\"pt-BR\"},{\"@type\":\"Person\",\"@id\":\"https:\\\/\\\/aconteceunovale.com.br\\\/portal\\\/#\\\/schema\\\/person\\\/633529146f2c94272bef50ac2953d589\",\"name\":\"Aconteceu no Vale\",\"description\":\"Equipe de reportagem do Aconteceu no Vale, portal de not\u00edcias do Vale do Jequitinhonha, em Minas Gerais. Cobrimos as 51 cidades do Vale desde 2013. Sugest\u00f5es de pauta e pedidos de corre\u00e7\u00e3o: contato@aconteceunovale.com.br\",\"sameAs\":[\"http:\\\/\\\/www.aconteceunovale.com.br\"],\"url\":\"https:\\\/\\\/aconteceunovale.com.br\\\/portal\\\/?author=1\"}]}<\/script>\n<!-- \/ Yoast SEO plugin. -->","yoast_head_json":{"title":"PRF apreende carga de cigarros na BR-040 em Curvelo - Aconteceu no Vale","robots":{"index":"index","follow":"follow","max-snippet":"max-snippet:-1","max-image-preview":"max-image-preview:large","max-video-preview":"max-video-preview:-1"},"canonical":"https:\/\/aconteceunovale.com.br\/portal\/?p=51130","og_locale":"pt_BR","og_type":"article","og_title":"PRF apreende carga de cigarros na BR-040 em Curvelo - Aconteceu no Vale","og_description":"Carga estava sendo retirada de galp\u00e3o e colocada em caminh\u00e3o. Dono do im\u00f3vel foi preso. A Pol\u00edcia Rodovi\u00e1ria Federal apreendeu nesta segunda-feira, 26 de janeiro, 321.540 ma\u00e7os de cigarro no KM-372 da BR-040, em Curvelo, na regi\u00e3o Central de Minas. Um homem de 35 anos foi preso. Segundo informa\u00e7\u00f5es da corpora\u00e7\u00e3o, uma viatura fazia uma [&hellip;]","og_url":"https:\/\/aconteceunovale.com.br\/portal\/?p=51130","og_site_name":"Aconteceu no Vale","article_publisher":"https:\/\/www.facebook.com\/aconteceunovale\/","article_published_time":"2015-01-27T15:38:35+00:00","article_modified_time":"2015-01-27T15:54:52+00:00","og_image":[{"width":600,"height":450,"url":"https:\/\/aconteceunovale.com.br\/portal\/wp-content\/uploads\/2015\/01\/apreensao_cigarros_curvelo.jpg","type":"image\/jpeg"}],"author":"Aconteceu no Vale","twitter_card":"summary_large_image","twitter_creator":"@noticiadosvales","twitter_site":"@noticiadosvales","twitter_misc":{"Escrito por":"Aconteceu no Vale","Est. tempo de leitura":"1 minuto"},"schema":{"@context":"https:\/\/schema.org","@graph":[{"@type":"Article","@id":"https:\/\/aconteceunovale.com.br\/portal\/?p=51130#article","isPartOf":{"@id":"https:\/\/aconteceunovale.com.br\/portal\/?p=51130"},"author":{"name":"Aconteceu no Vale","@id":"https:\/\/aconteceunovale.com.br\/portal\/#\/schema\/person\/633529146f2c94272bef50ac2953d589"},"headline":"PRF apreende carga de cigarros na BR-040 em Curvelo","datePublished":"2015-01-27T15:38:35+00:00","dateModified":"2015-01-27T15:54:52+00:00","mainEntityOfPage":{"@id":"https:\/\/aconteceunovale.com.br\/portal\/?p=51130"},"wordCount":187,"commentCount":0,"image":{"@id":"https:\/\/aconteceunovale.com.br\/portal\/?p=51130#primaryimage"},"thumbnailUrl":"https:\/\/aconteceunovale.com.br\/portal\/wp-content\/uploads\/2015\/01\/apreensao_cigarros_curvelo.jpg","keywords":["carga de cigarros apreendida em curvelo","carga de cigarros apreendida na br 040","Curvelo","PRF apreende carga de cigarros na BR-040 em Curvelo"],"articleSection":["Minas Gerais"],"inLanguage":"pt-BR","potentialAction":[{"@type":"CommentAction","name":"Comment","target":["https:\/\/aconteceunovale.com.br\/portal\/?p=51130#respond"]}]},{"@type":"WebPage","@id":"https:\/\/aconteceunovale.com.br\/portal\/?p=51130","url":"https:\/\/aconteceunovale.com.br\/portal\/?p=51130","name":"PRF apreende carga de cigarros na BR-040 em Curvelo - Aconteceu no Vale","isPartOf":{"@id":"https:\/\/aconteceunovale.com.br\/portal\/#website"},"primaryImageOfPage":{"@id":"https:\/\/aconteceunovale.com.br\/portal\/?p=51130#primaryimage"},"image":{"@id":"https:\/\/aconteceunovale.com.br\/portal\/?p=51130#primaryimage"},"thumbnailUrl":"https:\/\/aconteceunovale.com.br\/portal\/wp-content\/uploads\/2015\/01\/apreensao_cigarros_curvelo.jpg","datePublished":"2015-01-27T15:38:35+00:00","dateModified":"2015-01-27T15:54:52+00:00","author":{"@id":"https:\/\/aconteceunovale.com.br\/portal\/#\/schema\/person\/633529146f2c94272bef50ac2953d589"},"breadcrumb":{"@id":"https:\/\/aconteceunovale.com.br\/portal\/?p=51130#breadcrumb"},"inLanguage":"pt-BR","potentialAction":[{"@type":"ReadAction","target":["https:\/\/aconteceunovale.com.br\/portal\/?p=51130"]}]},{"@type":"ImageObject","inLanguage":"pt-BR","@id":"https:\/\/aconteceunovale.com.br\/portal\/?p=51130#primaryimage","url":"https:\/\/aconteceunovale.com.br\/portal\/wp-content\/uploads\/2015\/01\/apreensao_cigarros_curvelo.jpg","contentUrl":"https:\/\/aconteceunovale.com.br\/portal\/wp-content\/uploads\/2015\/01\/apreensao_cigarros_curvelo.jpg","width":600,"height":450},{"@type":"BreadcrumbList","@id":"https:\/\/aconteceunovale.com.br\/portal\/?p=51130#breadcrumb","itemListElement":[{"@type":"ListItem","position":1,"name":"In\u00edcio","item":"https:\/\/aconteceunovale.com.br\/portal\/"},{"@type":"ListItem","position":2,"name":"PRF apreende carga de cigarros na BR-040 em Curvelo"}]},{"@type":"WebSite","@id":"https:\/\/aconteceunovale.com.br\/portal\/#website","url":"https:\/\/aconteceunovale.com.br\/portal\/","name":"Aconteceu no Vale","description":"Portal de Not\u00edcias","potentialAction":[{"@type":"SearchAction","target":{"@type":"EntryPoint","urlTemplate":"https:\/\/aconteceunovale.com.br\/portal\/?s={search_term_string}"},"query-input":{"@type":"PropertyValueSpecification","valueRequired":true,"valueName":"search_term_string"}}],"inLanguage":"pt-BR"},{"@type":"Person","@id":"https:\/\/aconteceunovale.com.br\/portal\/#\/schema\/person\/633529146f2c94272bef50ac2953d589","name":"Aconteceu no Vale","description":"Equipe de reportagem do Aconteceu no Vale, portal de not\u00edcias do Vale do Jequitinhonha, em Minas Gerais. Cobrimos as 51 cidades do Vale desde 2013. Sugest\u00f5es de pauta e pedidos de corre\u00e7\u00e3o: contato@aconteceunovale.com.br","sameAs":["http:\/\/www.aconteceunovale.com.br"],"url":"https:\/\/aconteceunovale.com.br\/portal\/?author=1"}]}},"_links":{"self":[{"href":"https:\/\/aconteceunovale.com.br\/portal\/index.php?rest_route=\/wp\/v2\/posts\/51130","targetHints":{"allow":["GET"]}}],"collection":[{"href":"https:\/\/aconteceunovale.com.br\/portal\/index.php?rest_route=\/wp\/v2\/posts"}],"about":[{"href":"https:\/\/aconteceunovale.com.br\/portal\/index.php?rest_route=\/wp\/v2\/types\/post"}],"author":[{"embeddable":true,"href":"https:\/\/aconteceunovale.com.br\/portal\/index.php?rest_route=\/wp\/v2\/users\/1"}],"replies":[{"embeddable":true,"href":"https:\/\/aconteceunovale.com.br\/portal\/index.php?rest_route=%2Fwp%2Fv2%2Fcomments&post=51130"}],"version-history":[{"count":0,"href":"https:\/\/aconteceunovale.com.br\/portal\/index.php?rest_route=\/wp\/v2\/posts\/51130\/revisions"}],"wp:featuredmedia":[{"embeddable":true,"href":"https:\/\/aconteceunovale.com.br\/portal\/index.php?rest_route=\/wp\/v2\/media\/51131"}],"wp:attachment":[{"href":"https:\/\/aconteceunovale.com.br\/portal\/index.php?rest_route=%2Fwp%2Fv2%2Fmedia&parent=51130"}],"wp:term":[{"taxonomy":"category","embeddable":true,"href":"https:\/\/aconteceunovale.com.br\/portal\/index.php?rest_route=%2Fwp%2Fv2%2Fcategories&post=51130"},{"taxonomy":"post_tag","embeddable":true,"href":"https:\/\/aconteceunovale.com.br\/portal\/index.php?rest_route=%2Fwp%2Fv2%2Ftags&post=51130"}],"curies":[{"name":"wp","href":"https:\/\/api.w.org\/{rel}","templated":true}]}}