{"id":51120,"date":"2015-01-27T12:11:31","date_gmt":"2015-01-27T15:11:31","guid":{"rendered":"http:\/\/aconteceunovale.com.br\/portal\/?p=51120"},"modified":"2026-09-02T12:04:55","modified_gmt":"2026-09-02T15:04:55","slug":"passarela-e-liberada-para-travessia-de-pedestres-em-almenara","status":"publish","type":"post","link":"https:\/\/aconteceunovale.com.br\/portal\/?p=51120","title":{"rendered":"Passarela \u00e9 liberada para travessia de pedestres em Almenara"},"content":{"rendered":"<h4><strong><em>Motociclistas est\u00e3o proibidos de passarem pela estrutura provis\u00f3ria. Equipamentos para reforma da ponte interditada come\u00e7aram a chegar \u00e0 cidade.<\/em><\/strong><\/h4>\n<p>Foi liberada na manh\u00e3 desta ter\u00e7a-feira, 27 de janeiro, a travessia de pedestres na passarela flutuante sobre o Rio Jequitinhonha, em Almenara (MG). A estrutura provis\u00f3ria liga a regi\u00e3o central da cidade ao bairro Cidade Nova e a BR-367. A passagem \u00e9 permitida apenas para pedestres.<\/p>\n<p><img decoding=\"async\" src=\"http:\/\/aconteceunovale.com.br\/portal\/wp-content\/uploads\/2015\/01\/passarela_liberada_almenara_27_1_1.jpg\" alt=\"\" \/><em>Passarela foi liberada na manh\u00e3 desta ter\u00e7a-feira para passagem de pedestres &#8211; Foto: Reprodu\u00e7\u00e3o<\/em><br \/>\n<\/br><\/p>\n<h4>Reforma da ponte<\/h4>\n<p>Nessa segunda-feira (26), os equipamentos para reforma da ponte, que foi interditada no in\u00edcio deste m\u00eas, come\u00e7aram a chegar \u00e0 cidade. Entre eles as longarinas, que servir\u00e3o para escorar a estrutura. <\/p>\n<p>A obra ser\u00e1 executada pela mesma empresa contratada pelo Departamento de Estradas de Rodagem (DER) de Minas Gerais para constru\u00e7\u00e3o da passarela.<\/p>\n<p><img decoding=\"async\" src=\"http:\/\/aconteceunovale.com.br\/portal\/wp-content\/uploads\/2015\/01\/passarela_liberada_almenara_27_1_2.jpg\" alt=\"\" \/><em>Equipamentos para reforma da ponte come\u00e7aram a chegar em Almenara &#8211; Foto: Reprodu\u00e7\u00e3o<\/em><\/p>\n","protected":false},"excerpt":{"rendered":"<p>Motociclistas est\u00e3o proibidos de passarem pela estrutura provis\u00f3ria. Equipamentos para reforma da ponte interditada come\u00e7aram a chegar \u00e0 cidade. Foi liberada na manh\u00e3 desta ter\u00e7a-feira, 27 de janeiro, a travessia de pedestres na passarela flutuante sobre o Rio Jequitinhonha, em Almenara (MG). A estrutura provis\u00f3ria liga a regi\u00e3o central da cidade ao bairro Cidade Nova [&hellip;]<\/p>\n","protected":false},"author":1,"featured_media":51121,"comment_status":"open","ping_status":"closed","sticky":false,"template":"","format":"standard","meta":{"amp_status":"","footnotes":""},"categories":[272528,120],"tags":[142,31451,31452,31453,29448,31450],"class_list":["post-51120","post","type-post","status-publish","format-standard","has-post-thumbnail","hentry","category-almenara","category-jequi","tag-almenara","tag-passarela-e-liberada-para-travessia-de-pedestres-em-almenara","tag-passarela-flutuante-em-almenara","tag-passarela-para-passagem-de-pedestres-em-almenara","tag-ponte-de-almenara","tag-reforma-da-ponte-de-almenara"],"yoast_head":"<!-- This site is optimized with the Yoast SEO plugin v28.3 - https:\/\/yoast.com\/product\/yoast-seo-wordpress\/ -->\n<title>Passarela \u00e9 liberada para travessia de pedestres em Almenara - Aconteceu no Vale<\/title>\n<meta name=\"robots\" content=\"index, follow, max-snippet:-1, max-image-preview:large, max-video-preview:-1\" \/>\n<link rel=\"canonical\" href=\"https:\/\/aconteceunovale.com.br\/portal\/?p=51120\" \/>\n<meta property=\"og:locale\" content=\"pt_BR\" \/>\n<meta property=\"og:type\" content=\"article\" \/>\n<meta property=\"og:title\" content=\"Passarela \u00e9 liberada para travessia de pedestres em Almenara - Aconteceu no Vale\" \/>\n<meta property=\"og:description\" content=\"Motociclistas est\u00e3o proibidos de passarem pela estrutura provis\u00f3ria. Equipamentos para reforma da ponte interditada come\u00e7aram a chegar \u00e0 cidade. Foi liberada na manh\u00e3 desta ter\u00e7a-feira, 27 de janeiro, a travessia de pedestres na passarela flutuante sobre o Rio Jequitinhonha, em Almenara (MG). A estrutura provis\u00f3ria liga a regi\u00e3o central da cidade ao bairro Cidade Nova [&hellip;]\" \/>\n<meta property=\"og:url\" content=\"https:\/\/aconteceunovale.com.br\/portal\/?p=51120\" \/>\n<meta property=\"og:site_name\" content=\"Aconteceu no Vale\" \/>\n<meta property=\"article:publisher\" content=\"https:\/\/www.facebook.com\/aconteceunovale\/\" \/>\n<meta property=\"article:published_time\" content=\"2015-01-27T15:11:31+00:00\" \/>\n<meta property=\"article:modified_time\" content=\"2026-09-02T15:04:55+00:00\" \/>\n<meta property=\"og:image\" content=\"https:\/\/aconteceunovale.com.br\/portal\/wp-content\/uploads\/2015\/01\/passarela_liberada_almenara_27_1_1.jpg\" \/>\n\t<meta property=\"og:image:width\" content=\"678\" \/>\n\t<meta property=\"og:image:height\" content=\"412\" \/>\n\t<meta property=\"og:image:type\" content=\"image\/jpeg\" \/>\n<meta name=\"author\" content=\"Aconteceu no Vale\" \/>\n<meta name=\"twitter:card\" content=\"summary_large_image\" \/>\n<meta name=\"twitter:creator\" content=\"@noticiadosvales\" \/>\n<meta name=\"twitter:site\" content=\"@noticiadosvales\" \/>\n<meta name=\"twitter:label1\" content=\"Escrito por\" \/>\n\t<meta name=\"twitter:data1\" content=\"Aconteceu no Vale\" \/>\n\t<meta name=\"twitter:label2\" content=\"Est. tempo de leitura\" \/>\n\t<meta name=\"twitter:data2\" content=\"1 minuto\" \/>\n<script type=\"application\/ld+json\" class=\"yoast-schema-graph\">{\"@context\":\"https:\\\/\\\/schema.org\",\"@graph\":[{\"@type\":\"Article\",\"@id\":\"https:\\\/\\\/aconteceunovale.com.br\\\/portal\\\/?p=51120#article\",\"isPartOf\":{\"@id\":\"https:\\\/\\\/aconteceunovale.com.br\\\/portal\\\/?p=51120\"},\"author\":{\"name\":\"Aconteceu no Vale\",\"@id\":\"https:\\\/\\\/aconteceunovale.com.br\\\/portal\\\/#\\\/schema\\\/person\\\/633529146f2c94272bef50ac2953d589\"},\"headline\":\"Passarela \u00e9 liberada para travessia de pedestres em Almenara\",\"datePublished\":\"2015-01-27T15:11:31+00:00\",\"dateModified\":\"2026-09-02T15:04:55+00:00\",\"mainEntityOfPage\":{\"@id\":\"https:\\\/\\\/aconteceunovale.com.br\\\/portal\\\/?p=51120\"},\"wordCount\":166,\"commentCount\":0,\"image\":{\"@id\":\"https:\\\/\\\/aconteceunovale.com.br\\\/portal\\\/?p=51120#primaryimage\"},\"thumbnailUrl\":\"https:\\\/\\\/aconteceunovale.com.br\\\/portal\\\/wp-content\\\/uploads\\\/2015\\\/01\\\/passarela_liberada_almenara_27_1_1.jpg\",\"keywords\":[\"Almenara\",\"Passarela \u00e9 liberada para travessia de pedestres em Almenara\",\"passarela flutuante em almenara\",\"passarela para passagem de pedestres em almenara\",\"Ponte de Almenara\",\"Reforma da ponte de almenara\"],\"articleSection\":[\"Almenara\",\"Vale do Jequitinhonha\"],\"inLanguage\":\"pt-BR\",\"potentialAction\":[{\"@type\":\"CommentAction\",\"name\":\"Comment\",\"target\":[\"https:\\\/\\\/aconteceunovale.com.br\\\/portal\\\/?p=51120#respond\"]}]},{\"@type\":\"WebPage\",\"@id\":\"https:\\\/\\\/aconteceunovale.com.br\\\/portal\\\/?p=51120\",\"url\":\"https:\\\/\\\/aconteceunovale.com.br\\\/portal\\\/?p=51120\",\"name\":\"Passarela \u00e9 liberada para travessia de pedestres em Almenara - Aconteceu no Vale\",\"isPartOf\":{\"@id\":\"https:\\\/\\\/aconteceunovale.com.br\\\/portal\\\/#website\"},\"primaryImageOfPage\":{\"@id\":\"https:\\\/\\\/aconteceunovale.com.br\\\/portal\\\/?p=51120#primaryimage\"},\"image\":{\"@id\":\"https:\\\/\\\/aconteceunovale.com.br\\\/portal\\\/?p=51120#primaryimage\"},\"thumbnailUrl\":\"https:\\\/\\\/aconteceunovale.com.br\\\/portal\\\/wp-content\\\/uploads\\\/2015\\\/01\\\/passarela_liberada_almenara_27_1_1.jpg\",\"datePublished\":\"2015-01-27T15:11:31+00:00\",\"dateModified\":\"2026-09-02T15:04:55+00:00\",\"author\":{\"@id\":\"https:\\\/\\\/aconteceunovale.com.br\\\/portal\\\/#\\\/schema\\\/person\\\/633529146f2c94272bef50ac2953d589\"},\"breadcrumb\":{\"@id\":\"https:\\\/\\\/aconteceunovale.com.br\\\/portal\\\/?p=51120#breadcrumb\"},\"inLanguage\":\"pt-BR\",\"potentialAction\":[{\"@type\":\"ReadAction\",\"target\":[\"https:\\\/\\\/aconteceunovale.com.br\\\/portal\\\/?p=51120\"]}]},{\"@type\":\"ImageObject\",\"inLanguage\":\"pt-BR\",\"@id\":\"https:\\\/\\\/aconteceunovale.com.br\\\/portal\\\/?p=51120#primaryimage\",\"url\":\"https:\\\/\\\/aconteceunovale.com.br\\\/portal\\\/wp-content\\\/uploads\\\/2015\\\/01\\\/passarela_liberada_almenara_27_1_1.jpg\",\"contentUrl\":\"https:\\\/\\\/aconteceunovale.com.br\\\/portal\\\/wp-content\\\/uploads\\\/2015\\\/01\\\/passarela_liberada_almenara_27_1_1.jpg\",\"width\":678,\"height\":412},{\"@type\":\"BreadcrumbList\",\"@id\":\"https:\\\/\\\/aconteceunovale.com.br\\\/portal\\\/?p=51120#breadcrumb\",\"itemListElement\":[{\"@type\":\"ListItem\",\"position\":1,\"name\":\"In\u00edcio\",\"item\":\"https:\\\/\\\/aconteceunovale.com.br\\\/portal\\\/\"},{\"@type\":\"ListItem\",\"position\":2,\"name\":\"Passarela \u00e9 liberada para travessia de pedestres em Almenara\"}]},{\"@type\":\"WebSite\",\"@id\":\"https:\\\/\\\/aconteceunovale.com.br\\\/portal\\\/#website\",\"url\":\"https:\\\/\\\/aconteceunovale.com.br\\\/portal\\\/\",\"name\":\"Aconteceu no Vale\",\"description\":\"Portal de Not\u00edcias\",\"potentialAction\":[{\"@type\":\"SearchAction\",\"target\":{\"@type\":\"EntryPoint\",\"urlTemplate\":\"https:\\\/\\\/aconteceunovale.com.br\\\/portal\\\/?s={search_term_string}\"},\"query-input\":{\"@type\":\"PropertyValueSpecification\",\"valueRequired\":true,\"valueName\":\"search_term_string\"}}],\"inLanguage\":\"pt-BR\"},{\"@type\":\"Person\",\"@id\":\"https:\\\/\\\/aconteceunovale.com.br\\\/portal\\\/#\\\/schema\\\/person\\\/633529146f2c94272bef50ac2953d589\",\"name\":\"Aconteceu no Vale\",\"description\":\"Equipe de reportagem do Aconteceu no Vale, portal de not\u00edcias do Vale do Jequitinhonha, em Minas Gerais. Cobrimos as 51 cidades do Vale desde 2013. Sugest\u00f5es de pauta e pedidos de corre\u00e7\u00e3o: contato@aconteceunovale.com.br\",\"sameAs\":[\"http:\\\/\\\/www.aconteceunovale.com.br\"],\"url\":\"https:\\\/\\\/aconteceunovale.com.br\\\/portal\\\/?author=1\"}]}<\/script>\n<!-- \/ Yoast SEO plugin. -->","yoast_head_json":{"title":"Passarela \u00e9 liberada para travessia de pedestres em Almenara - Aconteceu no Vale","robots":{"index":"index","follow":"follow","max-snippet":"max-snippet:-1","max-image-preview":"max-image-preview:large","max-video-preview":"max-video-preview:-1"},"canonical":"https:\/\/aconteceunovale.com.br\/portal\/?p=51120","og_locale":"pt_BR","og_type":"article","og_title":"Passarela \u00e9 liberada para travessia de pedestres em Almenara - Aconteceu no Vale","og_description":"Motociclistas est\u00e3o proibidos de passarem pela estrutura provis\u00f3ria. Equipamentos para reforma da ponte interditada come\u00e7aram a chegar \u00e0 cidade. Foi liberada na manh\u00e3 desta ter\u00e7a-feira, 27 de janeiro, a travessia de pedestres na passarela flutuante sobre o Rio Jequitinhonha, em Almenara (MG). A estrutura provis\u00f3ria liga a regi\u00e3o central da cidade ao bairro Cidade Nova [&hellip;]","og_url":"https:\/\/aconteceunovale.com.br\/portal\/?p=51120","og_site_name":"Aconteceu no Vale","article_publisher":"https:\/\/www.facebook.com\/aconteceunovale\/","article_published_time":"2015-01-27T15:11:31+00:00","article_modified_time":"2026-09-02T15:04:55+00:00","og_image":[{"width":678,"height":412,"url":"https:\/\/aconteceunovale.com.br\/portal\/wp-content\/uploads\/2015\/01\/passarela_liberada_almenara_27_1_1.jpg","type":"image\/jpeg"}],"author":"Aconteceu no Vale","twitter_card":"summary_large_image","twitter_creator":"@noticiadosvales","twitter_site":"@noticiadosvales","twitter_misc":{"Escrito por":"Aconteceu no Vale","Est. tempo de leitura":"1 minuto"},"schema":{"@context":"https:\/\/schema.org","@graph":[{"@type":"Article","@id":"https:\/\/aconteceunovale.com.br\/portal\/?p=51120#article","isPartOf":{"@id":"https:\/\/aconteceunovale.com.br\/portal\/?p=51120"},"author":{"name":"Aconteceu no Vale","@id":"https:\/\/aconteceunovale.com.br\/portal\/#\/schema\/person\/633529146f2c94272bef50ac2953d589"},"headline":"Passarela \u00e9 liberada para travessia de pedestres em Almenara","datePublished":"2015-01-27T15:11:31+00:00","dateModified":"2026-09-02T15:04:55+00:00","mainEntityOfPage":{"@id":"https:\/\/aconteceunovale.com.br\/portal\/?p=51120"},"wordCount":166,"commentCount":0,"image":{"@id":"https:\/\/aconteceunovale.com.br\/portal\/?p=51120#primaryimage"},"thumbnailUrl":"https:\/\/aconteceunovale.com.br\/portal\/wp-content\/uploads\/2015\/01\/passarela_liberada_almenara_27_1_1.jpg","keywords":["Almenara","Passarela \u00e9 liberada para travessia de pedestres em Almenara","passarela flutuante em almenara","passarela para passagem de pedestres em almenara","Ponte de Almenara","Reforma da ponte de almenara"],"articleSection":["Almenara","Vale do Jequitinhonha"],"inLanguage":"pt-BR","potentialAction":[{"@type":"CommentAction","name":"Comment","target":["https:\/\/aconteceunovale.com.br\/portal\/?p=51120#respond"]}]},{"@type":"WebPage","@id":"https:\/\/aconteceunovale.com.br\/portal\/?p=51120","url":"https:\/\/aconteceunovale.com.br\/portal\/?p=51120","name":"Passarela \u00e9 liberada para travessia de pedestres em Almenara - Aconteceu no Vale","isPartOf":{"@id":"https:\/\/aconteceunovale.com.br\/portal\/#website"},"primaryImageOfPage":{"@id":"https:\/\/aconteceunovale.com.br\/portal\/?p=51120#primaryimage"},"image":{"@id":"https:\/\/aconteceunovale.com.br\/portal\/?p=51120#primaryimage"},"thumbnailUrl":"https:\/\/aconteceunovale.com.br\/portal\/wp-content\/uploads\/2015\/01\/passarela_liberada_almenara_27_1_1.jpg","datePublished":"2015-01-27T15:11:31+00:00","dateModified":"2026-09-02T15:04:55+00:00","author":{"@id":"https:\/\/aconteceunovale.com.br\/portal\/#\/schema\/person\/633529146f2c94272bef50ac2953d589"},"breadcrumb":{"@id":"https:\/\/aconteceunovale.com.br\/portal\/?p=51120#breadcrumb"},"inLanguage":"pt-BR","potentialAction":[{"@type":"ReadAction","target":["https:\/\/aconteceunovale.com.br\/portal\/?p=51120"]}]},{"@type":"ImageObject","inLanguage":"pt-BR","@id":"https:\/\/aconteceunovale.com.br\/portal\/?p=51120#primaryimage","url":"https:\/\/aconteceunovale.com.br\/portal\/wp-content\/uploads\/2015\/01\/passarela_liberada_almenara_27_1_1.jpg","contentUrl":"https:\/\/aconteceunovale.com.br\/portal\/wp-content\/uploads\/2015\/01\/passarela_liberada_almenara_27_1_1.jpg","width":678,"height":412},{"@type":"BreadcrumbList","@id":"https:\/\/aconteceunovale.com.br\/portal\/?p=51120#breadcrumb","itemListElement":[{"@type":"ListItem","position":1,"name":"In\u00edcio","item":"https:\/\/aconteceunovale.com.br\/portal\/"},{"@type":"ListItem","position":2,"name":"Passarela \u00e9 liberada para travessia de pedestres em Almenara"}]},{"@type":"WebSite","@id":"https:\/\/aconteceunovale.com.br\/portal\/#website","url":"https:\/\/aconteceunovale.com.br\/portal\/","name":"Aconteceu no Vale","description":"Portal de Not\u00edcias","potentialAction":[{"@type":"SearchAction","target":{"@type":"EntryPoint","urlTemplate":"https:\/\/aconteceunovale.com.br\/portal\/?s={search_term_string}"},"query-input":{"@type":"PropertyValueSpecification","valueRequired":true,"valueName":"search_term_string"}}],"inLanguage":"pt-BR"},{"@type":"Person","@id":"https:\/\/aconteceunovale.com.br\/portal\/#\/schema\/person\/633529146f2c94272bef50ac2953d589","name":"Aconteceu no Vale","description":"Equipe de reportagem do Aconteceu no Vale, portal de not\u00edcias do Vale do Jequitinhonha, em Minas Gerais. Cobrimos as 51 cidades do Vale desde 2013. Sugest\u00f5es de pauta e pedidos de corre\u00e7\u00e3o: contato@aconteceunovale.com.br","sameAs":["http:\/\/www.aconteceunovale.com.br"],"url":"https:\/\/aconteceunovale.com.br\/portal\/?author=1"}]}},"_links":{"self":[{"href":"https:\/\/aconteceunovale.com.br\/portal\/index.php?rest_route=\/wp\/v2\/posts\/51120","targetHints":{"allow":["GET"]}}],"collection":[{"href":"https:\/\/aconteceunovale.com.br\/portal\/index.php?rest_route=\/wp\/v2\/posts"}],"about":[{"href":"https:\/\/aconteceunovale.com.br\/portal\/index.php?rest_route=\/wp\/v2\/types\/post"}],"author":[{"embeddable":true,"href":"https:\/\/aconteceunovale.com.br\/portal\/index.php?rest_route=\/wp\/v2\/users\/1"}],"replies":[{"embeddable":true,"href":"https:\/\/aconteceunovale.com.br\/portal\/index.php?rest_route=%2Fwp%2Fv2%2Fcomments&post=51120"}],"version-history":[{"count":1,"href":"https:\/\/aconteceunovale.com.br\/portal\/index.php?rest_route=\/wp\/v2\/posts\/51120\/revisions"}],"predecessor-version":[{"id":199166,"href":"https:\/\/aconteceunovale.com.br\/portal\/index.php?rest_route=\/wp\/v2\/posts\/51120\/revisions\/199166"}],"wp:featuredmedia":[{"embeddable":true,"href":"https:\/\/aconteceunovale.com.br\/portal\/index.php?rest_route=\/wp\/v2\/media\/51121"}],"wp:attachment":[{"href":"https:\/\/aconteceunovale.com.br\/portal\/index.php?rest_route=%2Fwp%2Fv2%2Fmedia&parent=51120"}],"wp:term":[{"taxonomy":"category","embeddable":true,"href":"https:\/\/aconteceunovale.com.br\/portal\/index.php?rest_route=%2Fwp%2Fv2%2Fcategories&post=51120"},{"taxonomy":"post_tag","embeddable":true,"href":"https:\/\/aconteceunovale.com.br\/portal\/index.php?rest_route=%2Fwp%2Fv2%2Ftags&post=51120"}],"curies":[{"name":"wp","href":"https:\/\/api.w.org\/{rel}","templated":true}]}}