{"id":51083,"date":"2015-01-26T19:42:23","date_gmt":"2015-01-26T22:42:23","guid":{"rendered":"http:\/\/aconteceunovale.com.br\/portal\/?p=51083"},"modified":"2026-09-02T13:53:42","modified_gmt":"2026-09-02T16:53:42","slug":"homem-morre-em-acidente-com-caminhao-proximo-a-turmalina","status":"publish","type":"post","link":"https:\/\/aconteceunovale.com.br\/portal\/?p=51083","title":{"rendered":"Homem morre em acidente com caminh\u00e3o pr\u00f3ximo a Turmalina"},"content":{"rendered":"<h4><strong><em>Caminh\u00e3o tombou no sentido Turmalina\/Diamantina, antes da Ponte Alta. Passageiro morreu no local e o motorista ficou ferido.<\/em><\/strong><\/h4>\n<p>Uma pessoa morreu e outra ficou ferida em um acidente na tarde desta segunda-feira, 26 de janeiro, na BR-367, pr\u00f3ximo a Ponte Alta, no munic\u00edpio de Turmalina, no Vale do Jequitinhonha. <\/p>\n<p>De acordo com informa\u00e7\u00f5es, o condutor do caminh\u00e3o placas HGA-3249, de Uberl\u00e2ndia (MG), pertencente \u00e0 empresa Brasnica Frutas Topicais, perdeu o controle da dire\u00e7\u00e3o e tombou \u00e0s margens da rodovia. <\/p>\n<p>Com o impacto do acidente, o passageiro ficou gravemente ferido e morreu preso \u00e0s ferragens. O motorista foi socorrido e encaminhado para atendimento m\u00e9dico no Hospital S\u00e3o Vicente de Paulo, em Turmalina.<\/p>\n<p><img decoding=\"async\" src=\"http:\/\/aconteceunovale.com.br\/portal\/wp-content\/uploads\/2015\/01\/acidente_turmalina_26_1_1.jpg\" alt=\"\" \/><img decoding=\"async\" src=\"http:\/\/aconteceunovale.com.br\/portal\/wp-content\/uploads\/2015\/01\/acidente_turmalina_26_1_2.jpg\" alt=\"\" \/><img decoding=\"async\" src=\"http:\/\/aconteceunovale.com.br\/portal\/wp-content\/uploads\/2015\/01\/acidente_turmalina_26_1_3.jpg\" alt=\"\" \/><img decoding=\"async\" src=\"http:\/\/aconteceunovale.com.br\/portal\/wp-content\/uploads\/2015\/01\/acidente_turmalina_26_1_4.jpg\" alt=\"\" \/><img decoding=\"async\" src=\"http:\/\/aconteceunovale.com.br\/portal\/wp-content\/uploads\/2015\/01\/acidente_turmalina_26_1_5.jpg\" alt=\"\" \/><img decoding=\"async\" src=\"http:\/\/aconteceunovale.com.br\/portal\/wp-content\/uploads\/2015\/01\/acidente_turmalina_26_1_6.jpg\" alt=\"\" \/><\/p>\n","protected":false},"excerpt":{"rendered":"<p>Caminh\u00e3o tombou no sentido Turmalina\/Diamantina, antes da Ponte Alta. Passageiro morreu no local e o motorista ficou ferido. Uma pessoa morreu e outra ficou ferida em um acidente na tarde desta segunda-feira, 26 de janeiro, na BR-367, pr\u00f3ximo a Ponte Alta, no munic\u00edpio de Turmalina, no Vale do Jequitinhonha. De acordo com informa\u00e7\u00f5es, o condutor [&hellip;]<\/p>\n","protected":false},"author":1,"featured_media":51084,"comment_status":"open","ping_status":"closed","sticky":false,"template":"","format":"standard","meta":{"amp_status":"","footnotes":""},"categories":[272576,120],"tags":[31400,31492,13247,31399,31402,31401,31491,31398,178,221],"class_list":["post-51083","post","type-post","status-publish","format-standard","has-post-thumbnail","hentry","category-turmalina","category-jequi","tag-acidente-com-caminhao-da-brasnica-frutas-tropicais","tag-acidente-com-everton-mendonca-quintino","tag-acidente-em-turmalina","tag-acidente-na-ponte-alta-em-turmalina","tag-acidente-perto-da-ponte-alta","tag-caminhao-da-brasnica-tomba-no-vale-do-jequitinhonha","tag-everton-mendonca-quintino","tag-homem-morre-em-acidente-com-caminhao-proximo-a-turmalina","tag-turmalina","tag-uberlandia"],"yoast_head":"<!-- This site is optimized with the Yoast SEO plugin v28.3 - https:\/\/yoast.com\/product\/yoast-seo-wordpress\/ -->\n<title>Homem morre em acidente com caminh\u00e3o pr\u00f3ximo a Turmalina - Aconteceu no Vale<\/title>\n<meta name=\"robots\" content=\"index, follow, max-snippet:-1, max-image-preview:large, max-video-preview:-1\" \/>\n<link rel=\"canonical\" href=\"https:\/\/aconteceunovale.com.br\/portal\/?p=51083\" \/>\n<meta property=\"og:locale\" content=\"pt_BR\" \/>\n<meta property=\"og:type\" content=\"article\" \/>\n<meta property=\"og:title\" content=\"Homem morre em acidente com caminh\u00e3o pr\u00f3ximo a Turmalina - Aconteceu no Vale\" \/>\n<meta property=\"og:description\" content=\"Caminh\u00e3o tombou no sentido Turmalina\/Diamantina, antes da Ponte Alta. Passageiro morreu no local e o motorista ficou ferido. Uma pessoa morreu e outra ficou ferida em um acidente na tarde desta segunda-feira, 26 de janeiro, na BR-367, pr\u00f3ximo a Ponte Alta, no munic\u00edpio de Turmalina, no Vale do Jequitinhonha. De acordo com informa\u00e7\u00f5es, o condutor [&hellip;]\" \/>\n<meta property=\"og:url\" content=\"https:\/\/aconteceunovale.com.br\/portal\/?p=51083\" \/>\n<meta property=\"og:site_name\" content=\"Aconteceu no Vale\" \/>\n<meta property=\"article:publisher\" content=\"https:\/\/www.facebook.com\/aconteceunovale\/\" \/>\n<meta property=\"article:published_time\" content=\"2015-01-26T22:42:23+00:00\" \/>\n<meta property=\"article:modified_time\" content=\"2026-09-02T16:53:42+00:00\" \/>\n<meta property=\"og:image\" content=\"https:\/\/aconteceunovale.com.br\/portal\/wp-content\/uploads\/2015\/01\/acidente_turmalina_26_1_1.jpg\" \/>\n\t<meta property=\"og:image:width\" content=\"678\" \/>\n\t<meta property=\"og:image:height\" content=\"381\" \/>\n\t<meta property=\"og:image:type\" content=\"image\/jpeg\" \/>\n<meta name=\"author\" content=\"Aconteceu no Vale\" \/>\n<meta name=\"twitter:card\" content=\"summary_large_image\" \/>\n<meta name=\"twitter:creator\" content=\"@noticiadosvales\" \/>\n<meta name=\"twitter:site\" content=\"@noticiadosvales\" \/>\n<meta name=\"twitter:label1\" content=\"Escrito por\" \/>\n\t<meta name=\"twitter:data1\" content=\"Aconteceu no Vale\" \/>\n\t<meta name=\"twitter:label2\" content=\"Est. tempo de leitura\" \/>\n\t<meta name=\"twitter:data2\" content=\"1 minuto\" \/>\n<script type=\"application\/ld+json\" class=\"yoast-schema-graph\">{\"@context\":\"https:\\\/\\\/schema.org\",\"@graph\":[{\"@type\":\"Article\",\"@id\":\"https:\\\/\\\/aconteceunovale.com.br\\\/portal\\\/?p=51083#article\",\"isPartOf\":{\"@id\":\"https:\\\/\\\/aconteceunovale.com.br\\\/portal\\\/?p=51083\"},\"author\":{\"name\":\"Aconteceu no Vale\",\"@id\":\"https:\\\/\\\/aconteceunovale.com.br\\\/portal\\\/#\\\/schema\\\/person\\\/633529146f2c94272bef50ac2953d589\"},\"headline\":\"Homem morre em acidente com caminh\u00e3o pr\u00f3ximo a Turmalina\",\"datePublished\":\"2015-01-26T22:42:23+00:00\",\"dateModified\":\"2026-09-02T16:53:42+00:00\",\"mainEntityOfPage\":{\"@id\":\"https:\\\/\\\/aconteceunovale.com.br\\\/portal\\\/?p=51083\"},\"wordCount\":130,\"commentCount\":0,\"image\":{\"@id\":\"https:\\\/\\\/aconteceunovale.com.br\\\/portal\\\/?p=51083#primaryimage\"},\"thumbnailUrl\":\"https:\\\/\\\/aconteceunovale.com.br\\\/portal\\\/wp-content\\\/uploads\\\/2015\\\/01\\\/acidente_turmalina_26_1_1.jpg\",\"keywords\":[\"acidente com caminh\u00e3o da brasnica frutas tropicais\",\"acidente com Everton Mendon\u00e7a Quintino\",\"acidente em turmalina\",\"acidente na ponte alta em turmalina\",\"acidente perto da ponte alta\",\"caminh\u00e3o da brasnica tomba no vale do jequitinhonha\",\"Everton Mendon\u00e7a Quintino\",\"Homem morre em acidente com caminh\u00e3o pr\u00f3ximo a Turmalina\",\"Turmalina\",\"Uberl\u00e2ndia\"],\"articleSection\":[\"Turmalina\",\"Vale do Jequitinhonha\"],\"inLanguage\":\"pt-BR\",\"potentialAction\":[{\"@type\":\"CommentAction\",\"name\":\"Comment\",\"target\":[\"https:\\\/\\\/aconteceunovale.com.br\\\/portal\\\/?p=51083#respond\"]}]},{\"@type\":\"WebPage\",\"@id\":\"https:\\\/\\\/aconteceunovale.com.br\\\/portal\\\/?p=51083\",\"url\":\"https:\\\/\\\/aconteceunovale.com.br\\\/portal\\\/?p=51083\",\"name\":\"Homem morre em acidente com caminh\u00e3o pr\u00f3ximo a Turmalina - Aconteceu no Vale\",\"isPartOf\":{\"@id\":\"https:\\\/\\\/aconteceunovale.com.br\\\/portal\\\/#website\"},\"primaryImageOfPage\":{\"@id\":\"https:\\\/\\\/aconteceunovale.com.br\\\/portal\\\/?p=51083#primaryimage\"},\"image\":{\"@id\":\"https:\\\/\\\/aconteceunovale.com.br\\\/portal\\\/?p=51083#primaryimage\"},\"thumbnailUrl\":\"https:\\\/\\\/aconteceunovale.com.br\\\/portal\\\/wp-content\\\/uploads\\\/2015\\\/01\\\/acidente_turmalina_26_1_1.jpg\",\"datePublished\":\"2015-01-26T22:42:23+00:00\",\"dateModified\":\"2026-09-02T16:53:42+00:00\",\"author\":{\"@id\":\"https:\\\/\\\/aconteceunovale.com.br\\\/portal\\\/#\\\/schema\\\/person\\\/633529146f2c94272bef50ac2953d589\"},\"breadcrumb\":{\"@id\":\"https:\\\/\\\/aconteceunovale.com.br\\\/portal\\\/?p=51083#breadcrumb\"},\"inLanguage\":\"pt-BR\",\"potentialAction\":[{\"@type\":\"ReadAction\",\"target\":[\"https:\\\/\\\/aconteceunovale.com.br\\\/portal\\\/?p=51083\"]}]},{\"@type\":\"ImageObject\",\"inLanguage\":\"pt-BR\",\"@id\":\"https:\\\/\\\/aconteceunovale.com.br\\\/portal\\\/?p=51083#primaryimage\",\"url\":\"https:\\\/\\\/aconteceunovale.com.br\\\/portal\\\/wp-content\\\/uploads\\\/2015\\\/01\\\/acidente_turmalina_26_1_1.jpg\",\"contentUrl\":\"https:\\\/\\\/aconteceunovale.com.br\\\/portal\\\/wp-content\\\/uploads\\\/2015\\\/01\\\/acidente_turmalina_26_1_1.jpg\",\"width\":678,\"height\":381},{\"@type\":\"BreadcrumbList\",\"@id\":\"https:\\\/\\\/aconteceunovale.com.br\\\/portal\\\/?p=51083#breadcrumb\",\"itemListElement\":[{\"@type\":\"ListItem\",\"position\":1,\"name\":\"In\u00edcio\",\"item\":\"https:\\\/\\\/aconteceunovale.com.br\\\/portal\\\/\"},{\"@type\":\"ListItem\",\"position\":2,\"name\":\"Homem morre em acidente com caminh\u00e3o pr\u00f3ximo a Turmalina\"}]},{\"@type\":\"WebSite\",\"@id\":\"https:\\\/\\\/aconteceunovale.com.br\\\/portal\\\/#website\",\"url\":\"https:\\\/\\\/aconteceunovale.com.br\\\/portal\\\/\",\"name\":\"Aconteceu no Vale\",\"description\":\"Portal de Not\u00edcias\",\"potentialAction\":[{\"@type\":\"SearchAction\",\"target\":{\"@type\":\"EntryPoint\",\"urlTemplate\":\"https:\\\/\\\/aconteceunovale.com.br\\\/portal\\\/?s={search_term_string}\"},\"query-input\":{\"@type\":\"PropertyValueSpecification\",\"valueRequired\":true,\"valueName\":\"search_term_string\"}}],\"inLanguage\":\"pt-BR\"},{\"@type\":\"Person\",\"@id\":\"https:\\\/\\\/aconteceunovale.com.br\\\/portal\\\/#\\\/schema\\\/person\\\/633529146f2c94272bef50ac2953d589\",\"name\":\"Aconteceu no Vale\",\"description\":\"Equipe de reportagem do Aconteceu no Vale, portal de not\u00edcias do Vale do Jequitinhonha, em Minas Gerais. Cobrimos as 51 cidades do Vale desde 2013. Sugest\u00f5es de pauta e pedidos de corre\u00e7\u00e3o: contato@aconteceunovale.com.br\",\"sameAs\":[\"http:\\\/\\\/www.aconteceunovale.com.br\"],\"url\":\"https:\\\/\\\/aconteceunovale.com.br\\\/portal\\\/?author=1\"}]}<\/script>\n<!-- \/ Yoast SEO plugin. -->","yoast_head_json":{"title":"Homem morre em acidente com caminh\u00e3o pr\u00f3ximo a Turmalina - Aconteceu no Vale","robots":{"index":"index","follow":"follow","max-snippet":"max-snippet:-1","max-image-preview":"max-image-preview:large","max-video-preview":"max-video-preview:-1"},"canonical":"https:\/\/aconteceunovale.com.br\/portal\/?p=51083","og_locale":"pt_BR","og_type":"article","og_title":"Homem morre em acidente com caminh\u00e3o pr\u00f3ximo a Turmalina - Aconteceu no Vale","og_description":"Caminh\u00e3o tombou no sentido Turmalina\/Diamantina, antes da Ponte Alta. Passageiro morreu no local e o motorista ficou ferido. Uma pessoa morreu e outra ficou ferida em um acidente na tarde desta segunda-feira, 26 de janeiro, na BR-367, pr\u00f3ximo a Ponte Alta, no munic\u00edpio de Turmalina, no Vale do Jequitinhonha. De acordo com informa\u00e7\u00f5es, o condutor [&hellip;]","og_url":"https:\/\/aconteceunovale.com.br\/portal\/?p=51083","og_site_name":"Aconteceu no Vale","article_publisher":"https:\/\/www.facebook.com\/aconteceunovale\/","article_published_time":"2015-01-26T22:42:23+00:00","article_modified_time":"2026-09-02T16:53:42+00:00","og_image":[{"width":678,"height":381,"url":"https:\/\/aconteceunovale.com.br\/portal\/wp-content\/uploads\/2015\/01\/acidente_turmalina_26_1_1.jpg","type":"image\/jpeg"}],"author":"Aconteceu no Vale","twitter_card":"summary_large_image","twitter_creator":"@noticiadosvales","twitter_site":"@noticiadosvales","twitter_misc":{"Escrito por":"Aconteceu no Vale","Est. tempo de leitura":"1 minuto"},"schema":{"@context":"https:\/\/schema.org","@graph":[{"@type":"Article","@id":"https:\/\/aconteceunovale.com.br\/portal\/?p=51083#article","isPartOf":{"@id":"https:\/\/aconteceunovale.com.br\/portal\/?p=51083"},"author":{"name":"Aconteceu no Vale","@id":"https:\/\/aconteceunovale.com.br\/portal\/#\/schema\/person\/633529146f2c94272bef50ac2953d589"},"headline":"Homem morre em acidente com caminh\u00e3o pr\u00f3ximo a Turmalina","datePublished":"2015-01-26T22:42:23+00:00","dateModified":"2026-09-02T16:53:42+00:00","mainEntityOfPage":{"@id":"https:\/\/aconteceunovale.com.br\/portal\/?p=51083"},"wordCount":130,"commentCount":0,"image":{"@id":"https:\/\/aconteceunovale.com.br\/portal\/?p=51083#primaryimage"},"thumbnailUrl":"https:\/\/aconteceunovale.com.br\/portal\/wp-content\/uploads\/2015\/01\/acidente_turmalina_26_1_1.jpg","keywords":["acidente com caminh\u00e3o da brasnica frutas tropicais","acidente com Everton Mendon\u00e7a Quintino","acidente em turmalina","acidente na ponte alta em turmalina","acidente perto da ponte alta","caminh\u00e3o da brasnica tomba no vale do jequitinhonha","Everton Mendon\u00e7a Quintino","Homem morre em acidente com caminh\u00e3o pr\u00f3ximo a Turmalina","Turmalina","Uberl\u00e2ndia"],"articleSection":["Turmalina","Vale do Jequitinhonha"],"inLanguage":"pt-BR","potentialAction":[{"@type":"CommentAction","name":"Comment","target":["https:\/\/aconteceunovale.com.br\/portal\/?p=51083#respond"]}]},{"@type":"WebPage","@id":"https:\/\/aconteceunovale.com.br\/portal\/?p=51083","url":"https:\/\/aconteceunovale.com.br\/portal\/?p=51083","name":"Homem morre em acidente com caminh\u00e3o pr\u00f3ximo a Turmalina - Aconteceu no Vale","isPartOf":{"@id":"https:\/\/aconteceunovale.com.br\/portal\/#website"},"primaryImageOfPage":{"@id":"https:\/\/aconteceunovale.com.br\/portal\/?p=51083#primaryimage"},"image":{"@id":"https:\/\/aconteceunovale.com.br\/portal\/?p=51083#primaryimage"},"thumbnailUrl":"https:\/\/aconteceunovale.com.br\/portal\/wp-content\/uploads\/2015\/01\/acidente_turmalina_26_1_1.jpg","datePublished":"2015-01-26T22:42:23+00:00","dateModified":"2026-09-02T16:53:42+00:00","author":{"@id":"https:\/\/aconteceunovale.com.br\/portal\/#\/schema\/person\/633529146f2c94272bef50ac2953d589"},"breadcrumb":{"@id":"https:\/\/aconteceunovale.com.br\/portal\/?p=51083#breadcrumb"},"inLanguage":"pt-BR","potentialAction":[{"@type":"ReadAction","target":["https:\/\/aconteceunovale.com.br\/portal\/?p=51083"]}]},{"@type":"ImageObject","inLanguage":"pt-BR","@id":"https:\/\/aconteceunovale.com.br\/portal\/?p=51083#primaryimage","url":"https:\/\/aconteceunovale.com.br\/portal\/wp-content\/uploads\/2015\/01\/acidente_turmalina_26_1_1.jpg","contentUrl":"https:\/\/aconteceunovale.com.br\/portal\/wp-content\/uploads\/2015\/01\/acidente_turmalina_26_1_1.jpg","width":678,"height":381},{"@type":"BreadcrumbList","@id":"https:\/\/aconteceunovale.com.br\/portal\/?p=51083#breadcrumb","itemListElement":[{"@type":"ListItem","position":1,"name":"In\u00edcio","item":"https:\/\/aconteceunovale.com.br\/portal\/"},{"@type":"ListItem","position":2,"name":"Homem morre em acidente com caminh\u00e3o pr\u00f3ximo a Turmalina"}]},{"@type":"WebSite","@id":"https:\/\/aconteceunovale.com.br\/portal\/#website","url":"https:\/\/aconteceunovale.com.br\/portal\/","name":"Aconteceu no Vale","description":"Portal de Not\u00edcias","potentialAction":[{"@type":"SearchAction","target":{"@type":"EntryPoint","urlTemplate":"https:\/\/aconteceunovale.com.br\/portal\/?s={search_term_string}"},"query-input":{"@type":"PropertyValueSpecification","valueRequired":true,"valueName":"search_term_string"}}],"inLanguage":"pt-BR"},{"@type":"Person","@id":"https:\/\/aconteceunovale.com.br\/portal\/#\/schema\/person\/633529146f2c94272bef50ac2953d589","name":"Aconteceu no Vale","description":"Equipe de reportagem do Aconteceu no Vale, portal de not\u00edcias do Vale do Jequitinhonha, em Minas Gerais. Cobrimos as 51 cidades do Vale desde 2013. Sugest\u00f5es de pauta e pedidos de corre\u00e7\u00e3o: contato@aconteceunovale.com.br","sameAs":["http:\/\/www.aconteceunovale.com.br"],"url":"https:\/\/aconteceunovale.com.br\/portal\/?author=1"}]}},"_links":{"self":[{"href":"https:\/\/aconteceunovale.com.br\/portal\/index.php?rest_route=\/wp\/v2\/posts\/51083","targetHints":{"allow":["GET"]}}],"collection":[{"href":"https:\/\/aconteceunovale.com.br\/portal\/index.php?rest_route=\/wp\/v2\/posts"}],"about":[{"href":"https:\/\/aconteceunovale.com.br\/portal\/index.php?rest_route=\/wp\/v2\/types\/post"}],"author":[{"embeddable":true,"href":"https:\/\/aconteceunovale.com.br\/portal\/index.php?rest_route=\/wp\/v2\/users\/1"}],"replies":[{"embeddable":true,"href":"https:\/\/aconteceunovale.com.br\/portal\/index.php?rest_route=%2Fwp%2Fv2%2Fcomments&post=51083"}],"version-history":[{"count":1,"href":"https:\/\/aconteceunovale.com.br\/portal\/index.php?rest_route=\/wp\/v2\/posts\/51083\/revisions"}],"predecessor-version":[{"id":201914,"href":"https:\/\/aconteceunovale.com.br\/portal\/index.php?rest_route=\/wp\/v2\/posts\/51083\/revisions\/201914"}],"wp:featuredmedia":[{"embeddable":true,"href":"https:\/\/aconteceunovale.com.br\/portal\/index.php?rest_route=\/wp\/v2\/media\/51084"}],"wp:attachment":[{"href":"https:\/\/aconteceunovale.com.br\/portal\/index.php?rest_route=%2Fwp%2Fv2%2Fmedia&parent=51083"}],"wp:term":[{"taxonomy":"category","embeddable":true,"href":"https:\/\/aconteceunovale.com.br\/portal\/index.php?rest_route=%2Fwp%2Fv2%2Fcategories&post=51083"},{"taxonomy":"post_tag","embeddable":true,"href":"https:\/\/aconteceunovale.com.br\/portal\/index.php?rest_route=%2Fwp%2Fv2%2Ftags&post=51083"}],"curies":[{"name":"wp","href":"https:\/\/api.w.org\/{rel}","templated":true}]}}