{"id":51079,"date":"2015-01-26T19:14:04","date_gmt":"2015-01-26T22:14:04","guid":{"rendered":"http:\/\/aconteceunovale.com.br\/portal\/?p=51079"},"modified":"2015-01-26T19:17:30","modified_gmt":"2015-01-26T22:17:30","slug":"relatorio-do-cenipa-e-inconclusivo-sobre-causas-de-acidente-com-aviao-de-eduardo-campos","status":"publish","type":"post","link":"https:\/\/aconteceunovale.com.br\/portal\/?p=51079","title":{"rendered":"Relat\u00f3rio do Cenipa \u00e9 inconclusivo sobre causas de acidente com avi\u00e3o de Eduardo Campos"},"content":{"rendered":"<p>O Centro de Investiga\u00e7\u00e3o e Preven\u00e7\u00e3o de Acidentes Aeron\u00e1uticos (Cenipa) descartou algumas das hip\u00f3teses sobre o que teria causado o acidente a\u00e9reo que vitimou, no dia 13 do ano passado, em Santos, S\u00e3o Paulo, sete pessoas \u2013 entre elas o ent\u00e3o candidato \u00e0 Presid\u00eancia da Rep\u00fablica, Eduardo Campos. Uma das possibilidades com as quais trabalham os investigadores \u00e9 a de falha humana ou operacional, mas isso s\u00f3 poder\u00e1 ser confirmado com o avan\u00e7ar das investiga\u00e7\u00f5es.<\/p>\n<p>Coordenador da investiga\u00e7\u00e3o, o tenente-coronel Raul de Souza informou que at\u00e9 o momento \u201cn\u00e3o h\u00e1 conclus\u00e3o\u201d sobre o acidente e que, terminada a fase de coleta de dados, \u201cnenhuma hip\u00f3tese foi criada\u201d sobre o acidente com a aeronave PR-AFA. Apesar de, at\u00e9 o momento, a Aeron\u00e1utica n\u00e3o ter apresentado oficialmente algo mais conclusivo sobre a causa do acidente, o chefe do Cenipa, brigadeiro Dilton Jos\u00e9 Schuck, disse que, nas investiga\u00e7\u00f5es prim\u00e1rias, constatou-se que, apesar de habilitada pela Ag\u00eancia Nacional de Avia\u00e7\u00e3o Civil (Anac), a tripula\u00e7\u00e3o da aeronave [piloto e co-piloto] \u201cn\u00e3o tinha conclu\u00eddo o treinamento espec\u00edfico de transi\u00e7\u00e3o\u201d da aeronave Cessna C-560 para o modelo envolvido no acidente (C-560 XLS+).<\/p>\n<p><img decoding=\"async\" src=\"http:\/\/aconteceunovale.com.br\/portal\/wp-content\/uploads\/2015\/01\/acidente_aviao_ec.jpg\" alt=\"\" \/><em>O tenente-coronel-aviador Raul de Souza apresenta dados sobre a investiga\u00e7\u00e3o do acidente com a aeronave que vitimou o ex-governador Eduardo Campos e mais seis pessoas &#8211; Foto: Jos\u00e9 Cruz\/Ag\u00eancia Brasil<\/em><br \/>\n<\/br><\/p>\n<p>Segundo o brigadeiro, uma portaria da Anac publicada no dia 3 de julho de 2014 previa a necessidade desse treinamento. \u201cMas isso pode apontar apenas uma condi\u00e7\u00e3o de risco e n\u00e3o pode ser apontado como a causa do acidente\u201d, enfatizou Schuck, pouco antes de informar que o piloto, ap\u00f3s arremeter o pouso, &#8220;fez trajeto diferente do previsto na carta [de voo]&#8221;.<\/p>\n<p>No balan\u00e7o apresentado hoje pelo Cenipa, o tenente-coronel descartou algumas hip\u00f3teses sobre a causa do acidente. Segundo Raul de Souza, n\u00e3o houve colis\u00e3o com aves, nem com ve\u00edculos a\u00e9reos n\u00e3o tripulados (Vant), como drones. As investiga\u00e7\u00f5es indicam ainda que o primeiro impacto ocorreu na parte de baixo da aeronave. Tamb\u00e9m foi descartada a ocorr\u00eancia de inc\u00eandio durante o voo ou colis\u00e3o com obst\u00e1culo em voo.<\/p>\n<p>Na segunda fase de investiga\u00e7\u00f5es, iniciada ap\u00f3s a coleta de dados, as informa\u00e7\u00f5es obtidas ser\u00e3o analisadas e as conclus\u00f5es finais sobre o acidente s\u00f3 ser\u00e3o apresentadas ao final da terceira fase. Segundo as autoridades, n\u00e3o h\u00e1 ainda previs\u00e3o sobre quando isso acontecer\u00e1. (Ag\u00eancia Brasil)<\/p>\n","protected":false},"excerpt":{"rendered":"<p>O Centro de Investiga\u00e7\u00e3o e Preven\u00e7\u00e3o de Acidentes Aeron\u00e1uticos (Cenipa) descartou algumas das hip\u00f3teses sobre o que teria causado o acidente a\u00e9reo que vitimou, no dia 13 do ano passado, em Santos, S\u00e3o Paulo, sete pessoas \u2013 entre elas o ent\u00e3o candidato \u00e0 Presid\u00eancia da Rep\u00fablica, Eduardo Campos. Uma das possibilidades com as quais trabalham [&hellip;]<\/p>\n","protected":false},"author":1,"featured_media":51080,"comment_status":"open","ping_status":"closed","sticky":false,"template":"","format":"standard","meta":{"amp_status":"","footnotes":""},"categories":[6],"tags":[31393,31394,22537,22536,31395,7630,31392,31396,31397],"class_list":["post-51079","post","type-post","status-publish","format-standard","has-post-thumbnail","hentry","category-br","tag-acidente-com-aviao-de-eduardo-campos","tag-causas-de-acidente-com-aviao-de-eduardo-campos","tag-cenipa","tag-centro-de-investigacao-e-prevencao-de-acidentes-aeronauticos","tag-dilton-jose-schuck","tag-eduardo-campos","tag-relatorio-do-cenipa-e-inconclusivo-sobre-causas-de-acidente-com-aviao-de-eduardo-campos","tag-relatorio-sobre-a-queda-do-aviao-do-eduardo-campos","tag-relatorio-sobre-o-acidente-com-o-aviao-do-eduardo-campos"],"yoast_head":"<!-- This site is optimized with the Yoast SEO plugin v28.3 - https:\/\/yoast.com\/product\/yoast-seo-wordpress\/ -->\n<title>Relat\u00f3rio do Cenipa \u00e9 inconclusivo sobre causas de acidente com avi\u00e3o de Eduardo Campos - Aconteceu no Vale<\/title>\n<meta name=\"robots\" content=\"index, follow, max-snippet:-1, max-image-preview:large, max-video-preview:-1\" \/>\n<link rel=\"canonical\" href=\"https:\/\/aconteceunovale.com.br\/portal\/?p=51079\" \/>\n<meta property=\"og:locale\" content=\"pt_BR\" \/>\n<meta property=\"og:type\" content=\"article\" \/>\n<meta property=\"og:title\" content=\"Relat\u00f3rio do Cenipa \u00e9 inconclusivo sobre causas de acidente com avi\u00e3o de Eduardo Campos - Aconteceu no Vale\" \/>\n<meta property=\"og:description\" content=\"O Centro de Investiga\u00e7\u00e3o e Preven\u00e7\u00e3o de Acidentes Aeron\u00e1uticos (Cenipa) descartou algumas das hip\u00f3teses sobre o que teria causado o acidente a\u00e9reo que vitimou, no dia 13 do ano passado, em Santos, S\u00e3o Paulo, sete pessoas \u2013 entre elas o ent\u00e3o candidato \u00e0 Presid\u00eancia da Rep\u00fablica, Eduardo Campos. Uma das possibilidades com as quais trabalham [&hellip;]\" \/>\n<meta property=\"og:url\" content=\"https:\/\/aconteceunovale.com.br\/portal\/?p=51079\" \/>\n<meta property=\"og:site_name\" content=\"Aconteceu no Vale\" \/>\n<meta property=\"article:publisher\" content=\"https:\/\/www.facebook.com\/aconteceunovale\/\" \/>\n<meta property=\"article:published_time\" content=\"2015-01-26T22:14:04+00:00\" \/>\n<meta property=\"article:modified_time\" content=\"2015-01-26T22:17:30+00:00\" \/>\n<meta property=\"og:image\" content=\"https:\/\/aconteceunovale.com.br\/portal\/wp-content\/uploads\/2015\/01\/acidente_aviao_ec.jpg\" \/>\n\t<meta property=\"og:image:width\" content=\"673\" \/>\n\t<meta property=\"og:image:height\" content=\"450\" \/>\n\t<meta property=\"og:image:type\" content=\"image\/jpeg\" \/>\n<meta name=\"author\" content=\"Aconteceu no Vale\" \/>\n<meta name=\"twitter:card\" content=\"summary_large_image\" \/>\n<meta name=\"twitter:creator\" content=\"@noticiadosvales\" \/>\n<meta name=\"twitter:site\" content=\"@noticiadosvales\" \/>\n<meta name=\"twitter:label1\" content=\"Escrito por\" \/>\n\t<meta name=\"twitter:data1\" content=\"Aconteceu no Vale\" \/>\n\t<meta name=\"twitter:label2\" content=\"Est. tempo de leitura\" \/>\n\t<meta name=\"twitter:data2\" content=\"2 minutos\" \/>\n<script type=\"application\/ld+json\" class=\"yoast-schema-graph\">{\"@context\":\"https:\\\/\\\/schema.org\",\"@graph\":[{\"@type\":\"Article\",\"@id\":\"https:\\\/\\\/aconteceunovale.com.br\\\/portal\\\/?p=51079#article\",\"isPartOf\":{\"@id\":\"https:\\\/\\\/aconteceunovale.com.br\\\/portal\\\/?p=51079\"},\"author\":{\"name\":\"Aconteceu no Vale\",\"@id\":\"https:\\\/\\\/aconteceunovale.com.br\\\/portal\\\/#\\\/schema\\\/person\\\/633529146f2c94272bef50ac2953d589\"},\"headline\":\"Relat\u00f3rio do Cenipa \u00e9 inconclusivo sobre causas de acidente com avi\u00e3o de Eduardo Campos\",\"datePublished\":\"2015-01-26T22:14:04+00:00\",\"dateModified\":\"2015-01-26T22:17:30+00:00\",\"mainEntityOfPage\":{\"@id\":\"https:\\\/\\\/aconteceunovale.com.br\\\/portal\\\/?p=51079\"},\"wordCount\":448,\"commentCount\":0,\"image\":{\"@id\":\"https:\\\/\\\/aconteceunovale.com.br\\\/portal\\\/?p=51079#primaryimage\"},\"thumbnailUrl\":\"https:\\\/\\\/aconteceunovale.com.br\\\/portal\\\/wp-content\\\/uploads\\\/2015\\\/01\\\/acidente_aviao_ec.jpg\",\"keywords\":[\"acidente com avi\u00e3o de Eduardo Campos\",\"causas de acidente com avi\u00e3o de Eduardo Campos\",\"CENIPA\",\"Centro de Investiga\u00e7\u00e3o e Preven\u00e7\u00e3o de Acidentes Aeron\u00e1uticos\",\"Dilton Jos\u00e9 Schuck\",\"Eduardo Campos\",\"Relat\u00f3rio do Cenipa \u00e9 inconclusivo sobre causas de acidente com avi\u00e3o de Eduardo Campos\",\"relat\u00f3rio sobre a queda do avi\u00e3o do eduardo campos\",\"relat\u00f3rio sobre o acidente com o avi\u00e3o do eduardo campos\"],\"articleSection\":[\"Brasil\"],\"inLanguage\":\"pt-BR\",\"potentialAction\":[{\"@type\":\"CommentAction\",\"name\":\"Comment\",\"target\":[\"https:\\\/\\\/aconteceunovale.com.br\\\/portal\\\/?p=51079#respond\"]}]},{\"@type\":\"WebPage\",\"@id\":\"https:\\\/\\\/aconteceunovale.com.br\\\/portal\\\/?p=51079\",\"url\":\"https:\\\/\\\/aconteceunovale.com.br\\\/portal\\\/?p=51079\",\"name\":\"Relat\u00f3rio do Cenipa \u00e9 inconclusivo sobre causas de acidente com avi\u00e3o de Eduardo Campos - Aconteceu no Vale\",\"isPartOf\":{\"@id\":\"https:\\\/\\\/aconteceunovale.com.br\\\/portal\\\/#website\"},\"primaryImageOfPage\":{\"@id\":\"https:\\\/\\\/aconteceunovale.com.br\\\/portal\\\/?p=51079#primaryimage\"},\"image\":{\"@id\":\"https:\\\/\\\/aconteceunovale.com.br\\\/portal\\\/?p=51079#primaryimage\"},\"thumbnailUrl\":\"https:\\\/\\\/aconteceunovale.com.br\\\/portal\\\/wp-content\\\/uploads\\\/2015\\\/01\\\/acidente_aviao_ec.jpg\",\"datePublished\":\"2015-01-26T22:14:04+00:00\",\"dateModified\":\"2015-01-26T22:17:30+00:00\",\"author\":{\"@id\":\"https:\\\/\\\/aconteceunovale.com.br\\\/portal\\\/#\\\/schema\\\/person\\\/633529146f2c94272bef50ac2953d589\"},\"breadcrumb\":{\"@id\":\"https:\\\/\\\/aconteceunovale.com.br\\\/portal\\\/?p=51079#breadcrumb\"},\"inLanguage\":\"pt-BR\",\"potentialAction\":[{\"@type\":\"ReadAction\",\"target\":[\"https:\\\/\\\/aconteceunovale.com.br\\\/portal\\\/?p=51079\"]}]},{\"@type\":\"ImageObject\",\"inLanguage\":\"pt-BR\",\"@id\":\"https:\\\/\\\/aconteceunovale.com.br\\\/portal\\\/?p=51079#primaryimage\",\"url\":\"https:\\\/\\\/aconteceunovale.com.br\\\/portal\\\/wp-content\\\/uploads\\\/2015\\\/01\\\/acidente_aviao_ec.jpg\",\"contentUrl\":\"https:\\\/\\\/aconteceunovale.com.br\\\/portal\\\/wp-content\\\/uploads\\\/2015\\\/01\\\/acidente_aviao_ec.jpg\",\"width\":673,\"height\":450},{\"@type\":\"BreadcrumbList\",\"@id\":\"https:\\\/\\\/aconteceunovale.com.br\\\/portal\\\/?p=51079#breadcrumb\",\"itemListElement\":[{\"@type\":\"ListItem\",\"position\":1,\"name\":\"In\u00edcio\",\"item\":\"https:\\\/\\\/aconteceunovale.com.br\\\/portal\\\/\"},{\"@type\":\"ListItem\",\"position\":2,\"name\":\"Relat\u00f3rio do Cenipa \u00e9 inconclusivo sobre causas de acidente com avi\u00e3o de Eduardo Campos\"}]},{\"@type\":\"WebSite\",\"@id\":\"https:\\\/\\\/aconteceunovale.com.br\\\/portal\\\/#website\",\"url\":\"https:\\\/\\\/aconteceunovale.com.br\\\/portal\\\/\",\"name\":\"Aconteceu no Vale\",\"description\":\"Portal de Not\u00edcias\",\"potentialAction\":[{\"@type\":\"SearchAction\",\"target\":{\"@type\":\"EntryPoint\",\"urlTemplate\":\"https:\\\/\\\/aconteceunovale.com.br\\\/portal\\\/?s={search_term_string}\"},\"query-input\":{\"@type\":\"PropertyValueSpecification\",\"valueRequired\":true,\"valueName\":\"search_term_string\"}}],\"inLanguage\":\"pt-BR\"},{\"@type\":\"Person\",\"@id\":\"https:\\\/\\\/aconteceunovale.com.br\\\/portal\\\/#\\\/schema\\\/person\\\/633529146f2c94272bef50ac2953d589\",\"name\":\"Aconteceu no Vale\",\"description\":\"Equipe de reportagem do Aconteceu no Vale, portal de not\u00edcias do Vale do Jequitinhonha, em Minas Gerais. Cobrimos as 51 cidades do Vale desde 2013. Sugest\u00f5es de pauta e pedidos de corre\u00e7\u00e3o: contato@aconteceunovale.com.br\",\"sameAs\":[\"http:\\\/\\\/www.aconteceunovale.com.br\"],\"url\":\"https:\\\/\\\/aconteceunovale.com.br\\\/portal\\\/?author=1\"}]}<\/script>\n<!-- \/ Yoast SEO plugin. -->","yoast_head_json":{"title":"Relat\u00f3rio do Cenipa \u00e9 inconclusivo sobre causas de acidente com avi\u00e3o de Eduardo Campos - Aconteceu no Vale","robots":{"index":"index","follow":"follow","max-snippet":"max-snippet:-1","max-image-preview":"max-image-preview:large","max-video-preview":"max-video-preview:-1"},"canonical":"https:\/\/aconteceunovale.com.br\/portal\/?p=51079","og_locale":"pt_BR","og_type":"article","og_title":"Relat\u00f3rio do Cenipa \u00e9 inconclusivo sobre causas de acidente com avi\u00e3o de Eduardo Campos - Aconteceu no Vale","og_description":"O Centro de Investiga\u00e7\u00e3o e Preven\u00e7\u00e3o de Acidentes Aeron\u00e1uticos (Cenipa) descartou algumas das hip\u00f3teses sobre o que teria causado o acidente a\u00e9reo que vitimou, no dia 13 do ano passado, em Santos, S\u00e3o Paulo, sete pessoas \u2013 entre elas o ent\u00e3o candidato \u00e0 Presid\u00eancia da Rep\u00fablica, Eduardo Campos. Uma das possibilidades com as quais trabalham [&hellip;]","og_url":"https:\/\/aconteceunovale.com.br\/portal\/?p=51079","og_site_name":"Aconteceu no Vale","article_publisher":"https:\/\/www.facebook.com\/aconteceunovale\/","article_published_time":"2015-01-26T22:14:04+00:00","article_modified_time":"2015-01-26T22:17:30+00:00","og_image":[{"width":673,"height":450,"url":"https:\/\/aconteceunovale.com.br\/portal\/wp-content\/uploads\/2015\/01\/acidente_aviao_ec.jpg","type":"image\/jpeg"}],"author":"Aconteceu no Vale","twitter_card":"summary_large_image","twitter_creator":"@noticiadosvales","twitter_site":"@noticiadosvales","twitter_misc":{"Escrito por":"Aconteceu no Vale","Est. tempo de leitura":"2 minutos"},"schema":{"@context":"https:\/\/schema.org","@graph":[{"@type":"Article","@id":"https:\/\/aconteceunovale.com.br\/portal\/?p=51079#article","isPartOf":{"@id":"https:\/\/aconteceunovale.com.br\/portal\/?p=51079"},"author":{"name":"Aconteceu no Vale","@id":"https:\/\/aconteceunovale.com.br\/portal\/#\/schema\/person\/633529146f2c94272bef50ac2953d589"},"headline":"Relat\u00f3rio do Cenipa \u00e9 inconclusivo sobre causas de acidente com avi\u00e3o de Eduardo Campos","datePublished":"2015-01-26T22:14:04+00:00","dateModified":"2015-01-26T22:17:30+00:00","mainEntityOfPage":{"@id":"https:\/\/aconteceunovale.com.br\/portal\/?p=51079"},"wordCount":448,"commentCount":0,"image":{"@id":"https:\/\/aconteceunovale.com.br\/portal\/?p=51079#primaryimage"},"thumbnailUrl":"https:\/\/aconteceunovale.com.br\/portal\/wp-content\/uploads\/2015\/01\/acidente_aviao_ec.jpg","keywords":["acidente com avi\u00e3o de Eduardo Campos","causas de acidente com avi\u00e3o de Eduardo Campos","CENIPA","Centro de Investiga\u00e7\u00e3o e Preven\u00e7\u00e3o de Acidentes Aeron\u00e1uticos","Dilton Jos\u00e9 Schuck","Eduardo Campos","Relat\u00f3rio do Cenipa \u00e9 inconclusivo sobre causas de acidente com avi\u00e3o de Eduardo Campos","relat\u00f3rio sobre a queda do avi\u00e3o do eduardo campos","relat\u00f3rio sobre o acidente com o avi\u00e3o do eduardo campos"],"articleSection":["Brasil"],"inLanguage":"pt-BR","potentialAction":[{"@type":"CommentAction","name":"Comment","target":["https:\/\/aconteceunovale.com.br\/portal\/?p=51079#respond"]}]},{"@type":"WebPage","@id":"https:\/\/aconteceunovale.com.br\/portal\/?p=51079","url":"https:\/\/aconteceunovale.com.br\/portal\/?p=51079","name":"Relat\u00f3rio do Cenipa \u00e9 inconclusivo sobre causas de acidente com avi\u00e3o de Eduardo Campos - Aconteceu no Vale","isPartOf":{"@id":"https:\/\/aconteceunovale.com.br\/portal\/#website"},"primaryImageOfPage":{"@id":"https:\/\/aconteceunovale.com.br\/portal\/?p=51079#primaryimage"},"image":{"@id":"https:\/\/aconteceunovale.com.br\/portal\/?p=51079#primaryimage"},"thumbnailUrl":"https:\/\/aconteceunovale.com.br\/portal\/wp-content\/uploads\/2015\/01\/acidente_aviao_ec.jpg","datePublished":"2015-01-26T22:14:04+00:00","dateModified":"2015-01-26T22:17:30+00:00","author":{"@id":"https:\/\/aconteceunovale.com.br\/portal\/#\/schema\/person\/633529146f2c94272bef50ac2953d589"},"breadcrumb":{"@id":"https:\/\/aconteceunovale.com.br\/portal\/?p=51079#breadcrumb"},"inLanguage":"pt-BR","potentialAction":[{"@type":"ReadAction","target":["https:\/\/aconteceunovale.com.br\/portal\/?p=51079"]}]},{"@type":"ImageObject","inLanguage":"pt-BR","@id":"https:\/\/aconteceunovale.com.br\/portal\/?p=51079#primaryimage","url":"https:\/\/aconteceunovale.com.br\/portal\/wp-content\/uploads\/2015\/01\/acidente_aviao_ec.jpg","contentUrl":"https:\/\/aconteceunovale.com.br\/portal\/wp-content\/uploads\/2015\/01\/acidente_aviao_ec.jpg","width":673,"height":450},{"@type":"BreadcrumbList","@id":"https:\/\/aconteceunovale.com.br\/portal\/?p=51079#breadcrumb","itemListElement":[{"@type":"ListItem","position":1,"name":"In\u00edcio","item":"https:\/\/aconteceunovale.com.br\/portal\/"},{"@type":"ListItem","position":2,"name":"Relat\u00f3rio do Cenipa \u00e9 inconclusivo sobre causas de acidente com avi\u00e3o de Eduardo Campos"}]},{"@type":"WebSite","@id":"https:\/\/aconteceunovale.com.br\/portal\/#website","url":"https:\/\/aconteceunovale.com.br\/portal\/","name":"Aconteceu no Vale","description":"Portal de Not\u00edcias","potentialAction":[{"@type":"SearchAction","target":{"@type":"EntryPoint","urlTemplate":"https:\/\/aconteceunovale.com.br\/portal\/?s={search_term_string}"},"query-input":{"@type":"PropertyValueSpecification","valueRequired":true,"valueName":"search_term_string"}}],"inLanguage":"pt-BR"},{"@type":"Person","@id":"https:\/\/aconteceunovale.com.br\/portal\/#\/schema\/person\/633529146f2c94272bef50ac2953d589","name":"Aconteceu no Vale","description":"Equipe de reportagem do Aconteceu no Vale, portal de not\u00edcias do Vale do Jequitinhonha, em Minas Gerais. Cobrimos as 51 cidades do Vale desde 2013. Sugest\u00f5es de pauta e pedidos de corre\u00e7\u00e3o: contato@aconteceunovale.com.br","sameAs":["http:\/\/www.aconteceunovale.com.br"],"url":"https:\/\/aconteceunovale.com.br\/portal\/?author=1"}]}},"_links":{"self":[{"href":"https:\/\/aconteceunovale.com.br\/portal\/index.php?rest_route=\/wp\/v2\/posts\/51079","targetHints":{"allow":["GET"]}}],"collection":[{"href":"https:\/\/aconteceunovale.com.br\/portal\/index.php?rest_route=\/wp\/v2\/posts"}],"about":[{"href":"https:\/\/aconteceunovale.com.br\/portal\/index.php?rest_route=\/wp\/v2\/types\/post"}],"author":[{"embeddable":true,"href":"https:\/\/aconteceunovale.com.br\/portal\/index.php?rest_route=\/wp\/v2\/users\/1"}],"replies":[{"embeddable":true,"href":"https:\/\/aconteceunovale.com.br\/portal\/index.php?rest_route=%2Fwp%2Fv2%2Fcomments&post=51079"}],"version-history":[{"count":0,"href":"https:\/\/aconteceunovale.com.br\/portal\/index.php?rest_route=\/wp\/v2\/posts\/51079\/revisions"}],"wp:featuredmedia":[{"embeddable":true,"href":"https:\/\/aconteceunovale.com.br\/portal\/index.php?rest_route=\/wp\/v2\/media\/51080"}],"wp:attachment":[{"href":"https:\/\/aconteceunovale.com.br\/portal\/index.php?rest_route=%2Fwp%2Fv2%2Fmedia&parent=51079"}],"wp:term":[{"taxonomy":"category","embeddable":true,"href":"https:\/\/aconteceunovale.com.br\/portal\/index.php?rest_route=%2Fwp%2Fv2%2Fcategories&post=51079"},{"taxonomy":"post_tag","embeddable":true,"href":"https:\/\/aconteceunovale.com.br\/portal\/index.php?rest_route=%2Fwp%2Fv2%2Ftags&post=51079"}],"curies":[{"name":"wp","href":"https:\/\/api.w.org\/{rel}","templated":true}]}}