{"id":51076,"date":"2015-01-26T18:05:26","date_gmt":"2015-01-26T21:05:26","guid":{"rendered":"http:\/\/aconteceunovale.com.br\/portal\/?p=51076"},"modified":"2015-01-26T18:05:26","modified_gmt":"2015-01-26T21:05:26","slug":"demanda-internacional-dobra-a-exportacao-de-mel-em-minas-gerais","status":"publish","type":"post","link":"https:\/\/aconteceunovale.com.br\/portal\/?p=51076","title":{"rendered":"Demanda internacional dobra a exporta\u00e7\u00e3o de mel em Minas Gerais"},"content":{"rendered":"<h4><strong><em>As vendas externas cresceram 132% em 2014. Munic\u00edpio de Santa B\u00e1rbara lidera produ\u00e7\u00e3o com 236 toneladas<\/em><\/strong><\/h4>\n<p>A crescente demanda e a alta do d\u00f3lar est\u00e3o contribuindo para a exporta\u00e7\u00e3o de mel e produtos ap\u00edcolas de Minas Gerais. O aumento da procura em 2014 pelos principais mercados importadores, EUA (+304%) e Alemanha (+30%), comparado com 2013, refletiu nos melhores resultados dos indicadores de valor e volume exportado provenientes do setor desde 2002.<\/p>\n<p>Segundo dados do Minist\u00e9rio de Desenvolvimento, Ind\u00fastria e Com\u00e9rcio Exterior, no ano passado, 1,4 mil toneladas de produtos ap\u00edcolas, incluindo mel, cera e pr\u00f3polis foram embarcadas  para outros pa\u00edses, registrando crescimento de 133% em rela\u00e7\u00e3o a 2013, quando o volume exportado foi de 0,6 mil toneladas.<\/p>\n<p>As exporta\u00e7\u00f5es do setor ap\u00edcola foram respons\u00e1veis por injetar US$ 8,3 milh\u00f5es na economia do Estado. Desse total, US$ 5,3 milh\u00f5es correspondem ao mel in natura, e US$ 3 milh\u00f5es s\u00e3o referentes \u00e0 exporta\u00e7\u00e3o dos demais produtos ap\u00edcolas, que embora exportados em menor quantidade (21,8 toneladas), apresentam maior valor agregado. <\/p>\n<p>O produto mineiro se mant\u00e9m valorizado em rela\u00e7\u00e3o \u00e0 m\u00e9dia nacional de pre\u00e7os praticados para o mercado externo, que fechou o ano a US$ 4,1 mil a tonelada. O munic\u00edpio que lidera a produ\u00e7\u00e3o \u00e9 Santa Barbara, na regi\u00e3o Central, com 236 toneladas, seguido de Itamarandiba, no Vale do Jequitinhonha, produzindo 180 toneladas.<\/p>\n<p>Em Santa B\u00e1rbara, a tecnologia aliada ao meio ambiente mant\u00e9m o ecossistema prop\u00edcio para a produ\u00e7\u00e3o de mel. \u201cNa nossa regi\u00e3o o clima e florada s\u00e3o determinantes para a produtividade do parque ap\u00edcola. Os apicultores daqui trabalham com abelhas rainhas melhoradas geneticamente e distribuem as colmeias num raio de 2 km de dist\u00e2ncia entre elas\u201d, comenta do extensionista da Emater-MG em Santa B\u00e1rbara, Edison Cust\u00f3dio.<\/p>\n<p>A Emater-MG distribuiu, nos \u00faltimos anos, 78 kits de apicultura por meio do programa Minas Sem Fome. O objetivo \u00e9 desenvolver a\u00e7\u00f5es para garantir a inclus\u00e3o pessoas de baixa renda no sistema produtivo, especialmente agricultores familiares. Minas Gerais \u00e9 o quarto maior estado produtor de mel. Rio Grande do Sul, Paran\u00e1 e Santa Catarina lideram no setor. Juntos, os tr\u00eas estados do Sul s\u00e3o respons\u00e1veis por 50% da produ\u00e7\u00e3o nacional. (Ag\u00eancia Minas)<\/p>\n","protected":false},"excerpt":{"rendered":"<p>As vendas externas cresceram 132% em 2014. Munic\u00edpio de Santa B\u00e1rbara lidera produ\u00e7\u00e3o com 236 toneladas A crescente demanda e a alta do d\u00f3lar est\u00e3o contribuindo para a exporta\u00e7\u00e3o de mel e produtos ap\u00edcolas de Minas Gerais. O aumento da procura em 2014 pelos principais mercados importadores, EUA (+304%) e Alemanha (+30%), comparado com 2013, [&hellip;]<\/p>\n","protected":false},"author":1,"featured_media":22713,"comment_status":"open","ping_status":"closed","sticky":false,"template":"","format":"standard","meta":{"amp_status":"","footnotes":""},"categories":[123],"tags":[31385,31389,31388,31387,31386,149,31391,31390,3693],"class_list":["post-51076","post","type-post","status-publish","format-standard","has-post-thumbnail","hentry","category-gerais","tag-demanda-internacional-dobra-a-exportacao-de-mel-em-minas-gerais","tag-edison-custodio","tag-exportacao-de-mel","tag-exportacao-de-mel-de-minas-gerais","tag-exportacao-de-mel-em-minas-gerais","tag-itamarandiba","tag-producao-de-mel-em-itamarandiba","tag-producao-de-mel-em-santa-barbara","tag-santa-barbara"],"yoast_head":"<!-- This site is optimized with the Yoast SEO plugin v28.3 - https:\/\/yoast.com\/product\/yoast-seo-wordpress\/ -->\n<title>Demanda internacional dobra a exporta\u00e7\u00e3o de mel em Minas Gerais - Aconteceu no Vale<\/title>\n<meta name=\"robots\" content=\"index, follow, max-snippet:-1, max-image-preview:large, max-video-preview:-1\" \/>\n<link rel=\"canonical\" href=\"https:\/\/aconteceunovale.com.br\/portal\/?p=51076\" \/>\n<meta property=\"og:locale\" content=\"pt_BR\" \/>\n<meta property=\"og:type\" content=\"article\" \/>\n<meta property=\"og:title\" content=\"Demanda internacional dobra a exporta\u00e7\u00e3o de mel em Minas Gerais - Aconteceu no Vale\" \/>\n<meta property=\"og:description\" content=\"As vendas externas cresceram 132% em 2014. Munic\u00edpio de Santa B\u00e1rbara lidera produ\u00e7\u00e3o com 236 toneladas A crescente demanda e a alta do d\u00f3lar est\u00e3o contribuindo para a exporta\u00e7\u00e3o de mel e produtos ap\u00edcolas de Minas Gerais. O aumento da procura em 2014 pelos principais mercados importadores, EUA (+304%) e Alemanha (+30%), comparado com 2013, [&hellip;]\" \/>\n<meta property=\"og:url\" content=\"https:\/\/aconteceunovale.com.br\/portal\/?p=51076\" \/>\n<meta property=\"og:site_name\" content=\"Aconteceu no Vale\" \/>\n<meta property=\"article:publisher\" content=\"https:\/\/www.facebook.com\/aconteceunovale\/\" \/>\n<meta property=\"article:published_time\" content=\"2015-01-26T21:05:26+00:00\" \/>\n<meta property=\"og:image\" content=\"https:\/\/aconteceunovale.com.br\/portal\/wp-content\/uploads\/2014\/03\/mel_ita_polo_regional.jpg\" \/>\n\t<meta property=\"og:image:width\" content=\"675\" \/>\n\t<meta property=\"og:image:height\" content=\"450\" \/>\n\t<meta property=\"og:image:type\" content=\"image\/jpeg\" \/>\n<meta name=\"author\" content=\"Aconteceu no Vale\" \/>\n<meta name=\"twitter:card\" content=\"summary_large_image\" \/>\n<meta name=\"twitter:creator\" content=\"@noticiadosvales\" \/>\n<meta name=\"twitter:site\" content=\"@noticiadosvales\" \/>\n<meta name=\"twitter:label1\" content=\"Escrito por\" \/>\n\t<meta name=\"twitter:data1\" content=\"Aconteceu no Vale\" \/>\n\t<meta name=\"twitter:label2\" content=\"Est. tempo de leitura\" \/>\n\t<meta name=\"twitter:data2\" content=\"2 minutos\" \/>\n<script type=\"application\/ld+json\" class=\"yoast-schema-graph\">{\"@context\":\"https:\\\/\\\/schema.org\",\"@graph\":[{\"@type\":\"Article\",\"@id\":\"https:\\\/\\\/aconteceunovale.com.br\\\/portal\\\/?p=51076#article\",\"isPartOf\":{\"@id\":\"https:\\\/\\\/aconteceunovale.com.br\\\/portal\\\/?p=51076\"},\"author\":{\"name\":\"Aconteceu no Vale\",\"@id\":\"https:\\\/\\\/aconteceunovale.com.br\\\/portal\\\/#\\\/schema\\\/person\\\/633529146f2c94272bef50ac2953d589\"},\"headline\":\"Demanda internacional dobra a exporta\u00e7\u00e3o de mel em Minas Gerais\",\"datePublished\":\"2015-01-26T21:05:26+00:00\",\"mainEntityOfPage\":{\"@id\":\"https:\\\/\\\/aconteceunovale.com.br\\\/portal\\\/?p=51076\"},\"wordCount\":388,\"commentCount\":0,\"image\":{\"@id\":\"https:\\\/\\\/aconteceunovale.com.br\\\/portal\\\/?p=51076#primaryimage\"},\"thumbnailUrl\":\"https:\\\/\\\/aconteceunovale.com.br\\\/portal\\\/wp-content\\\/uploads\\\/2014\\\/03\\\/mel_ita_polo_regional.jpg\",\"keywords\":[\"Demanda internacional dobra a exporta\u00e7\u00e3o de mel em Minas Gerais\",\"Edison Cust\u00f3dio\",\"exporta\u00e7\u00e3o de mel\",\"exporta\u00e7\u00e3o de mel de Minas Gerais\",\"exporta\u00e7\u00e3o de mel em Minas Gerais\",\"Itamarandiba\",\"produ\u00e7\u00e3o de mel em itamarandiba\",\"produ\u00e7\u00e3o de mel em santa b\u00e1rbara\",\"Santa B\u00e1rbara\"],\"articleSection\":[\"Minas Gerais\"],\"inLanguage\":\"pt-BR\",\"potentialAction\":[{\"@type\":\"CommentAction\",\"name\":\"Comment\",\"target\":[\"https:\\\/\\\/aconteceunovale.com.br\\\/portal\\\/?p=51076#respond\"]}]},{\"@type\":\"WebPage\",\"@id\":\"https:\\\/\\\/aconteceunovale.com.br\\\/portal\\\/?p=51076\",\"url\":\"https:\\\/\\\/aconteceunovale.com.br\\\/portal\\\/?p=51076\",\"name\":\"Demanda internacional dobra a exporta\u00e7\u00e3o de mel em Minas Gerais - Aconteceu no Vale\",\"isPartOf\":{\"@id\":\"https:\\\/\\\/aconteceunovale.com.br\\\/portal\\\/#website\"},\"primaryImageOfPage\":{\"@id\":\"https:\\\/\\\/aconteceunovale.com.br\\\/portal\\\/?p=51076#primaryimage\"},\"image\":{\"@id\":\"https:\\\/\\\/aconteceunovale.com.br\\\/portal\\\/?p=51076#primaryimage\"},\"thumbnailUrl\":\"https:\\\/\\\/aconteceunovale.com.br\\\/portal\\\/wp-content\\\/uploads\\\/2014\\\/03\\\/mel_ita_polo_regional.jpg\",\"datePublished\":\"2015-01-26T21:05:26+00:00\",\"author\":{\"@id\":\"https:\\\/\\\/aconteceunovale.com.br\\\/portal\\\/#\\\/schema\\\/person\\\/633529146f2c94272bef50ac2953d589\"},\"breadcrumb\":{\"@id\":\"https:\\\/\\\/aconteceunovale.com.br\\\/portal\\\/?p=51076#breadcrumb\"},\"inLanguage\":\"pt-BR\",\"potentialAction\":[{\"@type\":\"ReadAction\",\"target\":[\"https:\\\/\\\/aconteceunovale.com.br\\\/portal\\\/?p=51076\"]}]},{\"@type\":\"ImageObject\",\"inLanguage\":\"pt-BR\",\"@id\":\"https:\\\/\\\/aconteceunovale.com.br\\\/portal\\\/?p=51076#primaryimage\",\"url\":\"https:\\\/\\\/aconteceunovale.com.br\\\/portal\\\/wp-content\\\/uploads\\\/2014\\\/03\\\/mel_ita_polo_regional.jpg\",\"contentUrl\":\"https:\\\/\\\/aconteceunovale.com.br\\\/portal\\\/wp-content\\\/uploads\\\/2014\\\/03\\\/mel_ita_polo_regional.jpg\",\"width\":675,\"height\":450},{\"@type\":\"BreadcrumbList\",\"@id\":\"https:\\\/\\\/aconteceunovale.com.br\\\/portal\\\/?p=51076#breadcrumb\",\"itemListElement\":[{\"@type\":\"ListItem\",\"position\":1,\"name\":\"In\u00edcio\",\"item\":\"https:\\\/\\\/aconteceunovale.com.br\\\/portal\\\/\"},{\"@type\":\"ListItem\",\"position\":2,\"name\":\"Demanda internacional dobra a exporta\u00e7\u00e3o de mel em Minas Gerais\"}]},{\"@type\":\"WebSite\",\"@id\":\"https:\\\/\\\/aconteceunovale.com.br\\\/portal\\\/#website\",\"url\":\"https:\\\/\\\/aconteceunovale.com.br\\\/portal\\\/\",\"name\":\"Aconteceu no Vale\",\"description\":\"Portal de Not\u00edcias\",\"potentialAction\":[{\"@type\":\"SearchAction\",\"target\":{\"@type\":\"EntryPoint\",\"urlTemplate\":\"https:\\\/\\\/aconteceunovale.com.br\\\/portal\\\/?s={search_term_string}\"},\"query-input\":{\"@type\":\"PropertyValueSpecification\",\"valueRequired\":true,\"valueName\":\"search_term_string\"}}],\"inLanguage\":\"pt-BR\"},{\"@type\":\"Person\",\"@id\":\"https:\\\/\\\/aconteceunovale.com.br\\\/portal\\\/#\\\/schema\\\/person\\\/633529146f2c94272bef50ac2953d589\",\"name\":\"Aconteceu no Vale\",\"description\":\"Equipe de reportagem do Aconteceu no Vale, portal de not\u00edcias do Vale do Jequitinhonha, em Minas Gerais. Cobrimos as 51 cidades do Vale desde 2013. Sugest\u00f5es de pauta e pedidos de corre\u00e7\u00e3o: contato@aconteceunovale.com.br\",\"sameAs\":[\"http:\\\/\\\/www.aconteceunovale.com.br\"],\"url\":\"https:\\\/\\\/aconteceunovale.com.br\\\/portal\\\/?author=1\"}]}<\/script>\n<!-- \/ Yoast SEO plugin. -->","yoast_head_json":{"title":"Demanda internacional dobra a exporta\u00e7\u00e3o de mel em Minas Gerais - Aconteceu no Vale","robots":{"index":"index","follow":"follow","max-snippet":"max-snippet:-1","max-image-preview":"max-image-preview:large","max-video-preview":"max-video-preview:-1"},"canonical":"https:\/\/aconteceunovale.com.br\/portal\/?p=51076","og_locale":"pt_BR","og_type":"article","og_title":"Demanda internacional dobra a exporta\u00e7\u00e3o de mel em Minas Gerais - Aconteceu no Vale","og_description":"As vendas externas cresceram 132% em 2014. Munic\u00edpio de Santa B\u00e1rbara lidera produ\u00e7\u00e3o com 236 toneladas A crescente demanda e a alta do d\u00f3lar est\u00e3o contribuindo para a exporta\u00e7\u00e3o de mel e produtos ap\u00edcolas de Minas Gerais. O aumento da procura em 2014 pelos principais mercados importadores, EUA (+304%) e Alemanha (+30%), comparado com 2013, [&hellip;]","og_url":"https:\/\/aconteceunovale.com.br\/portal\/?p=51076","og_site_name":"Aconteceu no Vale","article_publisher":"https:\/\/www.facebook.com\/aconteceunovale\/","article_published_time":"2015-01-26T21:05:26+00:00","og_image":[{"width":675,"height":450,"url":"https:\/\/aconteceunovale.com.br\/portal\/wp-content\/uploads\/2014\/03\/mel_ita_polo_regional.jpg","type":"image\/jpeg"}],"author":"Aconteceu no Vale","twitter_card":"summary_large_image","twitter_creator":"@noticiadosvales","twitter_site":"@noticiadosvales","twitter_misc":{"Escrito por":"Aconteceu no Vale","Est. tempo de leitura":"2 minutos"},"schema":{"@context":"https:\/\/schema.org","@graph":[{"@type":"Article","@id":"https:\/\/aconteceunovale.com.br\/portal\/?p=51076#article","isPartOf":{"@id":"https:\/\/aconteceunovale.com.br\/portal\/?p=51076"},"author":{"name":"Aconteceu no Vale","@id":"https:\/\/aconteceunovale.com.br\/portal\/#\/schema\/person\/633529146f2c94272bef50ac2953d589"},"headline":"Demanda internacional dobra a exporta\u00e7\u00e3o de mel em Minas Gerais","datePublished":"2015-01-26T21:05:26+00:00","mainEntityOfPage":{"@id":"https:\/\/aconteceunovale.com.br\/portal\/?p=51076"},"wordCount":388,"commentCount":0,"image":{"@id":"https:\/\/aconteceunovale.com.br\/portal\/?p=51076#primaryimage"},"thumbnailUrl":"https:\/\/aconteceunovale.com.br\/portal\/wp-content\/uploads\/2014\/03\/mel_ita_polo_regional.jpg","keywords":["Demanda internacional dobra a exporta\u00e7\u00e3o de mel em Minas Gerais","Edison Cust\u00f3dio","exporta\u00e7\u00e3o de mel","exporta\u00e7\u00e3o de mel de Minas Gerais","exporta\u00e7\u00e3o de mel em Minas Gerais","Itamarandiba","produ\u00e7\u00e3o de mel em itamarandiba","produ\u00e7\u00e3o de mel em santa b\u00e1rbara","Santa B\u00e1rbara"],"articleSection":["Minas Gerais"],"inLanguage":"pt-BR","potentialAction":[{"@type":"CommentAction","name":"Comment","target":["https:\/\/aconteceunovale.com.br\/portal\/?p=51076#respond"]}]},{"@type":"WebPage","@id":"https:\/\/aconteceunovale.com.br\/portal\/?p=51076","url":"https:\/\/aconteceunovale.com.br\/portal\/?p=51076","name":"Demanda internacional dobra a exporta\u00e7\u00e3o de mel em Minas Gerais - Aconteceu no Vale","isPartOf":{"@id":"https:\/\/aconteceunovale.com.br\/portal\/#website"},"primaryImageOfPage":{"@id":"https:\/\/aconteceunovale.com.br\/portal\/?p=51076#primaryimage"},"image":{"@id":"https:\/\/aconteceunovale.com.br\/portal\/?p=51076#primaryimage"},"thumbnailUrl":"https:\/\/aconteceunovale.com.br\/portal\/wp-content\/uploads\/2014\/03\/mel_ita_polo_regional.jpg","datePublished":"2015-01-26T21:05:26+00:00","author":{"@id":"https:\/\/aconteceunovale.com.br\/portal\/#\/schema\/person\/633529146f2c94272bef50ac2953d589"},"breadcrumb":{"@id":"https:\/\/aconteceunovale.com.br\/portal\/?p=51076#breadcrumb"},"inLanguage":"pt-BR","potentialAction":[{"@type":"ReadAction","target":["https:\/\/aconteceunovale.com.br\/portal\/?p=51076"]}]},{"@type":"ImageObject","inLanguage":"pt-BR","@id":"https:\/\/aconteceunovale.com.br\/portal\/?p=51076#primaryimage","url":"https:\/\/aconteceunovale.com.br\/portal\/wp-content\/uploads\/2014\/03\/mel_ita_polo_regional.jpg","contentUrl":"https:\/\/aconteceunovale.com.br\/portal\/wp-content\/uploads\/2014\/03\/mel_ita_polo_regional.jpg","width":675,"height":450},{"@type":"BreadcrumbList","@id":"https:\/\/aconteceunovale.com.br\/portal\/?p=51076#breadcrumb","itemListElement":[{"@type":"ListItem","position":1,"name":"In\u00edcio","item":"https:\/\/aconteceunovale.com.br\/portal\/"},{"@type":"ListItem","position":2,"name":"Demanda internacional dobra a exporta\u00e7\u00e3o de mel em Minas Gerais"}]},{"@type":"WebSite","@id":"https:\/\/aconteceunovale.com.br\/portal\/#website","url":"https:\/\/aconteceunovale.com.br\/portal\/","name":"Aconteceu no Vale","description":"Portal de Not\u00edcias","potentialAction":[{"@type":"SearchAction","target":{"@type":"EntryPoint","urlTemplate":"https:\/\/aconteceunovale.com.br\/portal\/?s={search_term_string}"},"query-input":{"@type":"PropertyValueSpecification","valueRequired":true,"valueName":"search_term_string"}}],"inLanguage":"pt-BR"},{"@type":"Person","@id":"https:\/\/aconteceunovale.com.br\/portal\/#\/schema\/person\/633529146f2c94272bef50ac2953d589","name":"Aconteceu no Vale","description":"Equipe de reportagem do Aconteceu no Vale, portal de not\u00edcias do Vale do Jequitinhonha, em Minas Gerais. Cobrimos as 51 cidades do Vale desde 2013. Sugest\u00f5es de pauta e pedidos de corre\u00e7\u00e3o: contato@aconteceunovale.com.br","sameAs":["http:\/\/www.aconteceunovale.com.br"],"url":"https:\/\/aconteceunovale.com.br\/portal\/?author=1"}]}},"_links":{"self":[{"href":"https:\/\/aconteceunovale.com.br\/portal\/index.php?rest_route=\/wp\/v2\/posts\/51076","targetHints":{"allow":["GET"]}}],"collection":[{"href":"https:\/\/aconteceunovale.com.br\/portal\/index.php?rest_route=\/wp\/v2\/posts"}],"about":[{"href":"https:\/\/aconteceunovale.com.br\/portal\/index.php?rest_route=\/wp\/v2\/types\/post"}],"author":[{"embeddable":true,"href":"https:\/\/aconteceunovale.com.br\/portal\/index.php?rest_route=\/wp\/v2\/users\/1"}],"replies":[{"embeddable":true,"href":"https:\/\/aconteceunovale.com.br\/portal\/index.php?rest_route=%2Fwp%2Fv2%2Fcomments&post=51076"}],"version-history":[{"count":0,"href":"https:\/\/aconteceunovale.com.br\/portal\/index.php?rest_route=\/wp\/v2\/posts\/51076\/revisions"}],"wp:featuredmedia":[{"embeddable":true,"href":"https:\/\/aconteceunovale.com.br\/portal\/index.php?rest_route=\/wp\/v2\/media\/22713"}],"wp:attachment":[{"href":"https:\/\/aconteceunovale.com.br\/portal\/index.php?rest_route=%2Fwp%2Fv2%2Fmedia&parent=51076"}],"wp:term":[{"taxonomy":"category","embeddable":true,"href":"https:\/\/aconteceunovale.com.br\/portal\/index.php?rest_route=%2Fwp%2Fv2%2Fcategories&post=51076"},{"taxonomy":"post_tag","embeddable":true,"href":"https:\/\/aconteceunovale.com.br\/portal\/index.php?rest_route=%2Fwp%2Fv2%2Ftags&post=51076"}],"curies":[{"name":"wp","href":"https:\/\/api.w.org\/{rel}","templated":true}]}}