{"id":51074,"date":"2015-01-26T18:01:23","date_gmt":"2015-01-26T21:01:23","guid":{"rendered":"http:\/\/aconteceunovale.com.br\/portal\/?p=51074"},"modified":"2015-01-26T18:01:23","modified_gmt":"2015-01-26T21:01:23","slug":"divulgado-o-resultado-da-primeira-chamada-do-sisu-2015","status":"publish","type":"post","link":"https:\/\/aconteceunovale.com.br\/portal\/?p=51074","title":{"rendered":"Divulgado o resultado da primeira chamada do SiSU 2015"},"content":{"rendered":"<h4><strong><em>Em Minas Gerais, o Sisu conta com 24.900 vagas, em 754 cursos de 18 institui\u00e7\u00f5es p\u00fablicas de ensino superior<\/em><\/strong><\/h4>\n<p>Est\u00e1 dispon\u00edvel o resultado da primeira chamada da edi\u00e7\u00e3o 1\u00ba semestre\/ 2015 do Sistema de Sele\u00e7\u00e3o Unificada (Sisu). A rela\u00e7\u00e3o dos candidatos classificados para as 205.514 vagas ofertadas pode ser acessada na\u00a0<a href=\"http:\/\/sisu.mec.gov.br\/selecionados\" target=\"_blank\">p\u00e1gina do Sisu<\/a>. Os candidatos aprovados ter\u00e3o de 30 de janeiro a 3 de fevereiro para efetuarem a matr\u00edcula na institui\u00e7\u00e3o onde passou. Mais de 2,7 milh\u00f5es de candidatos se inscreveram nesta edi\u00e7\u00e3o que disponibilizou vagas em 5.631 cursos de 128 institui\u00e7\u00f5es p\u00fablicas de ensino superior. Em Minas Gerais, o Sisu conta com 24.900 vagas, em 754 cursos de 18 institui\u00e7\u00f5es p\u00fablicas de ensino superior.<\/p>\n<p>O candidato classificado para a primeira chamada dever\u00e1 levar os documentos para a matr\u00edcula exigidos por cada institui\u00e7\u00e3o. Quem n\u00e3o foi classificado para a primeira chamada pode se inscrever na lista de espera no site do Sisu e concorrer \u00e0s vagas do curso que colocou como primeira op\u00e7\u00e3o que n\u00e3o tiverem sido preenchidas. A partir de 11 de fevereiro as institui\u00e7\u00f5es de ensino superior v\u00e3o realizar novas chamadas para preencher as vagas.<\/p>\n<h4><strong>UFMG e UEMG<\/strong><\/h4>\n<p>Tamb\u00e9m est\u00e1 dispon\u00edvel a rela\u00e7\u00e3o dos candidatos classificados para primeira chamada do vestibular 1\u00ba semestre\/2015 da Universidade Federal de Minas Gerais. Nesta edi\u00e7\u00e3o, a UFMG oferta 3.565 vagas em cursos de gradua\u00e7\u00e3o. A UFMG foi a segunda institui\u00e7\u00e3o com o maior n\u00famero de inscri\u00e7\u00f5es nesta edi\u00e7\u00e3o do Sisu, com 186.881. Em primeiro lugar ficou a Universidade Federal do Cear\u00e1, com 187.563. Entre as dez institui\u00e7\u00f5es com maior n\u00famero de inscri\u00e7\u00f5es, a Universidade Federal de Minas Gerais aparece com o maior n\u00famero de candidatos por vaga: 52,42.<\/p>\n<p>Para os cursos que exigem habilidades espec\u00edficas, a previs\u00e3o \u00e9 que o resultado seja divulgado na pr\u00f3xima sexta-feira (30). S\u00e3o ofertadas 391 vagas ofertadas pela UFMG em oito cursos de gradua\u00e7\u00e3o: Artes Visuais, Cinema de Anima\u00e7\u00e3o e Artes Digitais, Dan\u00e7a Licenciatura, Design, Design de Moda, M\u00fasica Bacharelado, M\u00fasica Licenciatura e Teatro. Na mesma data tamb\u00e9m ser\u00e3o divulgados os resultados do vestibular nas modalidades de transfer\u00eancia e obten\u00e7\u00e3o de novo t\u00edtulo.<\/p>\n<p>A\u00a0<a href=\"http:\/\/www.uemg.br\/\" target=\"_blank\">Universidade do Estado de Minas Gerais<\/a>\u00a0tamb\u00e9m oferta 50% de suas vagas pelo Sisu. Nesta edi\u00e7\u00e3o s\u00e3o mais de 2,8 mil vagas em 106 cursos. As vagas est\u00e3o dispon\u00edveis nos munic\u00edpios: Belo Horizonte, Passos, Frutal, Carangola, Ituiutaba, Ibirit\u00e9, Ub\u00e1, Abaet\u00e9, Cl\u00e1udio, Barbacena, Diamantina, Divin\u00f3polis, Jo\u00e3o Monlevade, Campanha, Po\u00e7os de Caldas e Leopoldina.<\/p>\n<p>Como as duas universidades seguem as diretrizes do Sistema de Sele\u00e7\u00e3o Unificada (Sisu), o cronograma a ser seguido pelos candidatos aprovados \u00e9 o mesmo. (Ag\u00eancia Minas)<\/p>\n","protected":false},"excerpt":{"rendered":"<p>Em Minas Gerais, o Sisu conta com 24.900 vagas, em 754 cursos de 18 institui\u00e7\u00f5es p\u00fablicas de ensino superior Est\u00e1 dispon\u00edvel o resultado da primeira chamada da edi\u00e7\u00e3o 1\u00ba semestre\/ 2015 do Sistema de Sele\u00e7\u00e3o Unificada (Sisu). A rela\u00e7\u00e3o dos candidatos classificados para as 205.514 vagas ofertadas pode ser acessada na\u00a0p\u00e1gina do Sisu. Os candidatos [&hellip;]<\/p>\n","protected":false},"author":1,"featured_media":30725,"comment_status":"open","ping_status":"closed","sticky":false,"template":"","format":"standard","meta":{"amp_status":"","footnotes":""},"categories":[123],"tags":[31377,31378,31379,31381,31380,31384,31383,31382,28880,2323,30555],"class_list":["post-51074","post","type-post","status-publish","format-standard","has-post-thumbnail","hentry","category-gerais","tag-divulgado-o-resultado-da-primeira-chamada-do-sisu-2015","tag-resultado-da-primeira-chamada-do-sisu-2015","tag-resultado-do-sisu","tag-selecionados-no-sisu","tag-selecionados-no-sisu-2015","tag-selecionados-no-sisu-em-minas-gerais","tag-selecionados-para-a-uemg","tag-selecionados-para-a-ufmg","tag-sistema-de-selecao-unificada","tag-sisu","tag-sisu-2015"],"yoast_head":"<!-- This site is optimized with the Yoast SEO plugin v28.3 - https:\/\/yoast.com\/product\/yoast-seo-wordpress\/ -->\n<title>Divulgado o resultado da primeira chamada do SiSU 2015 - Aconteceu no Vale<\/title>\n<meta name=\"robots\" content=\"index, follow, max-snippet:-1, max-image-preview:large, max-video-preview:-1\" \/>\n<link rel=\"canonical\" href=\"https:\/\/aconteceunovale.com.br\/portal\/?p=51074\" \/>\n<meta property=\"og:locale\" content=\"pt_BR\" \/>\n<meta property=\"og:type\" content=\"article\" \/>\n<meta property=\"og:title\" content=\"Divulgado o resultado da primeira chamada do SiSU 2015 - Aconteceu no Vale\" \/>\n<meta property=\"og:description\" content=\"Em Minas Gerais, o Sisu conta com 24.900 vagas, em 754 cursos de 18 institui\u00e7\u00f5es p\u00fablicas de ensino superior Est\u00e1 dispon\u00edvel o resultado da primeira chamada da edi\u00e7\u00e3o 1\u00ba semestre\/ 2015 do Sistema de Sele\u00e7\u00e3o Unificada (Sisu). A rela\u00e7\u00e3o dos candidatos classificados para as 205.514 vagas ofertadas pode ser acessada na\u00a0p\u00e1gina do Sisu. Os candidatos [&hellip;]\" \/>\n<meta property=\"og:url\" content=\"https:\/\/aconteceunovale.com.br\/portal\/?p=51074\" \/>\n<meta property=\"og:site_name\" content=\"Aconteceu no Vale\" \/>\n<meta property=\"article:publisher\" content=\"https:\/\/www.facebook.com\/aconteceunovale\/\" \/>\n<meta property=\"article:published_time\" content=\"2015-01-26T21:01:23+00:00\" \/>\n<meta property=\"og:image\" content=\"https:\/\/aconteceunovale.com.br\/portal\/wp-content\/uploads\/2014\/06\/sisu_2014.jpg\" \/>\n\t<meta property=\"og:image:width\" content=\"678\" \/>\n\t<meta property=\"og:image:height\" content=\"350\" \/>\n\t<meta property=\"og:image:type\" content=\"image\/jpeg\" \/>\n<meta name=\"author\" content=\"Aconteceu no Vale\" \/>\n<meta name=\"twitter:card\" content=\"summary_large_image\" \/>\n<meta name=\"twitter:creator\" content=\"@noticiadosvales\" \/>\n<meta name=\"twitter:site\" content=\"@noticiadosvales\" \/>\n<meta name=\"twitter:label1\" content=\"Escrito por\" \/>\n\t<meta name=\"twitter:data1\" content=\"Aconteceu no Vale\" \/>\n\t<meta name=\"twitter:label2\" content=\"Est. tempo de leitura\" \/>\n\t<meta name=\"twitter:data2\" content=\"2 minutos\" \/>\n<script type=\"application\/ld+json\" class=\"yoast-schema-graph\">{\"@context\":\"https:\\\/\\\/schema.org\",\"@graph\":[{\"@type\":\"Article\",\"@id\":\"https:\\\/\\\/aconteceunovale.com.br\\\/portal\\\/?p=51074#article\",\"isPartOf\":{\"@id\":\"https:\\\/\\\/aconteceunovale.com.br\\\/portal\\\/?p=51074\"},\"author\":{\"name\":\"Aconteceu no Vale\",\"@id\":\"https:\\\/\\\/aconteceunovale.com.br\\\/portal\\\/#\\\/schema\\\/person\\\/633529146f2c94272bef50ac2953d589\"},\"headline\":\"Divulgado o resultado da primeira chamada do SiSU 2015\",\"datePublished\":\"2015-01-26T21:01:23+00:00\",\"mainEntityOfPage\":{\"@id\":\"https:\\\/\\\/aconteceunovale.com.br\\\/portal\\\/?p=51074\"},\"wordCount\":469,\"commentCount\":0,\"image\":{\"@id\":\"https:\\\/\\\/aconteceunovale.com.br\\\/portal\\\/?p=51074#primaryimage\"},\"thumbnailUrl\":\"https:\\\/\\\/aconteceunovale.com.br\\\/portal\\\/wp-content\\\/uploads\\\/2014\\\/06\\\/sisu_2014.jpg\",\"keywords\":[\"Divulgado o resultado da primeira chamada do SiSU 2015\",\"resultado da primeira chamada do SiSU 2015\",\"resultado do sisu\",\"selecionados no sisu\",\"selecionados no sisu 2015\",\"selecionados no sisu em minas gerais\",\"selecionados para a uemg\",\"selecionados para a ufmg\",\"Sistema de Sele\u00e7\u00e3o Unificada\",\"Sisu\",\"SiSU 2015\"],\"articleSection\":[\"Minas Gerais\"],\"inLanguage\":\"pt-BR\",\"potentialAction\":[{\"@type\":\"CommentAction\",\"name\":\"Comment\",\"target\":[\"https:\\\/\\\/aconteceunovale.com.br\\\/portal\\\/?p=51074#respond\"]}]},{\"@type\":\"WebPage\",\"@id\":\"https:\\\/\\\/aconteceunovale.com.br\\\/portal\\\/?p=51074\",\"url\":\"https:\\\/\\\/aconteceunovale.com.br\\\/portal\\\/?p=51074\",\"name\":\"Divulgado o resultado da primeira chamada do SiSU 2015 - Aconteceu no Vale\",\"isPartOf\":{\"@id\":\"https:\\\/\\\/aconteceunovale.com.br\\\/portal\\\/#website\"},\"primaryImageOfPage\":{\"@id\":\"https:\\\/\\\/aconteceunovale.com.br\\\/portal\\\/?p=51074#primaryimage\"},\"image\":{\"@id\":\"https:\\\/\\\/aconteceunovale.com.br\\\/portal\\\/?p=51074#primaryimage\"},\"thumbnailUrl\":\"https:\\\/\\\/aconteceunovale.com.br\\\/portal\\\/wp-content\\\/uploads\\\/2014\\\/06\\\/sisu_2014.jpg\",\"datePublished\":\"2015-01-26T21:01:23+00:00\",\"author\":{\"@id\":\"https:\\\/\\\/aconteceunovale.com.br\\\/portal\\\/#\\\/schema\\\/person\\\/633529146f2c94272bef50ac2953d589\"},\"breadcrumb\":{\"@id\":\"https:\\\/\\\/aconteceunovale.com.br\\\/portal\\\/?p=51074#breadcrumb\"},\"inLanguage\":\"pt-BR\",\"potentialAction\":[{\"@type\":\"ReadAction\",\"target\":[\"https:\\\/\\\/aconteceunovale.com.br\\\/portal\\\/?p=51074\"]}]},{\"@type\":\"ImageObject\",\"inLanguage\":\"pt-BR\",\"@id\":\"https:\\\/\\\/aconteceunovale.com.br\\\/portal\\\/?p=51074#primaryimage\",\"url\":\"https:\\\/\\\/aconteceunovale.com.br\\\/portal\\\/wp-content\\\/uploads\\\/2014\\\/06\\\/sisu_2014.jpg\",\"contentUrl\":\"https:\\\/\\\/aconteceunovale.com.br\\\/portal\\\/wp-content\\\/uploads\\\/2014\\\/06\\\/sisu_2014.jpg\",\"width\":678,\"height\":350},{\"@type\":\"BreadcrumbList\",\"@id\":\"https:\\\/\\\/aconteceunovale.com.br\\\/portal\\\/?p=51074#breadcrumb\",\"itemListElement\":[{\"@type\":\"ListItem\",\"position\":1,\"name\":\"In\u00edcio\",\"item\":\"https:\\\/\\\/aconteceunovale.com.br\\\/portal\\\/\"},{\"@type\":\"ListItem\",\"position\":2,\"name\":\"Divulgado o resultado da primeira chamada do SiSU 2015\"}]},{\"@type\":\"WebSite\",\"@id\":\"https:\\\/\\\/aconteceunovale.com.br\\\/portal\\\/#website\",\"url\":\"https:\\\/\\\/aconteceunovale.com.br\\\/portal\\\/\",\"name\":\"Aconteceu no Vale\",\"description\":\"Portal de Not\u00edcias\",\"potentialAction\":[{\"@type\":\"SearchAction\",\"target\":{\"@type\":\"EntryPoint\",\"urlTemplate\":\"https:\\\/\\\/aconteceunovale.com.br\\\/portal\\\/?s={search_term_string}\"},\"query-input\":{\"@type\":\"PropertyValueSpecification\",\"valueRequired\":true,\"valueName\":\"search_term_string\"}}],\"inLanguage\":\"pt-BR\"},{\"@type\":\"Person\",\"@id\":\"https:\\\/\\\/aconteceunovale.com.br\\\/portal\\\/#\\\/schema\\\/person\\\/633529146f2c94272bef50ac2953d589\",\"name\":\"Aconteceu no Vale\",\"description\":\"Equipe de reportagem do Aconteceu no Vale, portal de not\u00edcias do Vale do Jequitinhonha, em Minas Gerais. Cobrimos as 51 cidades do Vale desde 2013. Sugest\u00f5es de pauta e pedidos de corre\u00e7\u00e3o: contato@aconteceunovale.com.br\",\"sameAs\":[\"http:\\\/\\\/www.aconteceunovale.com.br\"],\"url\":\"https:\\\/\\\/aconteceunovale.com.br\\\/portal\\\/?author=1\"}]}<\/script>\n<!-- \/ Yoast SEO plugin. -->","yoast_head_json":{"title":"Divulgado o resultado da primeira chamada do SiSU 2015 - Aconteceu no Vale","robots":{"index":"index","follow":"follow","max-snippet":"max-snippet:-1","max-image-preview":"max-image-preview:large","max-video-preview":"max-video-preview:-1"},"canonical":"https:\/\/aconteceunovale.com.br\/portal\/?p=51074","og_locale":"pt_BR","og_type":"article","og_title":"Divulgado o resultado da primeira chamada do SiSU 2015 - Aconteceu no Vale","og_description":"Em Minas Gerais, o Sisu conta com 24.900 vagas, em 754 cursos de 18 institui\u00e7\u00f5es p\u00fablicas de ensino superior Est\u00e1 dispon\u00edvel o resultado da primeira chamada da edi\u00e7\u00e3o 1\u00ba semestre\/ 2015 do Sistema de Sele\u00e7\u00e3o Unificada (Sisu). A rela\u00e7\u00e3o dos candidatos classificados para as 205.514 vagas ofertadas pode ser acessada na\u00a0p\u00e1gina do Sisu. Os candidatos [&hellip;]","og_url":"https:\/\/aconteceunovale.com.br\/portal\/?p=51074","og_site_name":"Aconteceu no Vale","article_publisher":"https:\/\/www.facebook.com\/aconteceunovale\/","article_published_time":"2015-01-26T21:01:23+00:00","og_image":[{"width":678,"height":350,"url":"https:\/\/aconteceunovale.com.br\/portal\/wp-content\/uploads\/2014\/06\/sisu_2014.jpg","type":"image\/jpeg"}],"author":"Aconteceu no Vale","twitter_card":"summary_large_image","twitter_creator":"@noticiadosvales","twitter_site":"@noticiadosvales","twitter_misc":{"Escrito por":"Aconteceu no Vale","Est. tempo de leitura":"2 minutos"},"schema":{"@context":"https:\/\/schema.org","@graph":[{"@type":"Article","@id":"https:\/\/aconteceunovale.com.br\/portal\/?p=51074#article","isPartOf":{"@id":"https:\/\/aconteceunovale.com.br\/portal\/?p=51074"},"author":{"name":"Aconteceu no Vale","@id":"https:\/\/aconteceunovale.com.br\/portal\/#\/schema\/person\/633529146f2c94272bef50ac2953d589"},"headline":"Divulgado o resultado da primeira chamada do SiSU 2015","datePublished":"2015-01-26T21:01:23+00:00","mainEntityOfPage":{"@id":"https:\/\/aconteceunovale.com.br\/portal\/?p=51074"},"wordCount":469,"commentCount":0,"image":{"@id":"https:\/\/aconteceunovale.com.br\/portal\/?p=51074#primaryimage"},"thumbnailUrl":"https:\/\/aconteceunovale.com.br\/portal\/wp-content\/uploads\/2014\/06\/sisu_2014.jpg","keywords":["Divulgado o resultado da primeira chamada do SiSU 2015","resultado da primeira chamada do SiSU 2015","resultado do sisu","selecionados no sisu","selecionados no sisu 2015","selecionados no sisu em minas gerais","selecionados para a uemg","selecionados para a ufmg","Sistema de Sele\u00e7\u00e3o Unificada","Sisu","SiSU 2015"],"articleSection":["Minas Gerais"],"inLanguage":"pt-BR","potentialAction":[{"@type":"CommentAction","name":"Comment","target":["https:\/\/aconteceunovale.com.br\/portal\/?p=51074#respond"]}]},{"@type":"WebPage","@id":"https:\/\/aconteceunovale.com.br\/portal\/?p=51074","url":"https:\/\/aconteceunovale.com.br\/portal\/?p=51074","name":"Divulgado o resultado da primeira chamada do SiSU 2015 - Aconteceu no Vale","isPartOf":{"@id":"https:\/\/aconteceunovale.com.br\/portal\/#website"},"primaryImageOfPage":{"@id":"https:\/\/aconteceunovale.com.br\/portal\/?p=51074#primaryimage"},"image":{"@id":"https:\/\/aconteceunovale.com.br\/portal\/?p=51074#primaryimage"},"thumbnailUrl":"https:\/\/aconteceunovale.com.br\/portal\/wp-content\/uploads\/2014\/06\/sisu_2014.jpg","datePublished":"2015-01-26T21:01:23+00:00","author":{"@id":"https:\/\/aconteceunovale.com.br\/portal\/#\/schema\/person\/633529146f2c94272bef50ac2953d589"},"breadcrumb":{"@id":"https:\/\/aconteceunovale.com.br\/portal\/?p=51074#breadcrumb"},"inLanguage":"pt-BR","potentialAction":[{"@type":"ReadAction","target":["https:\/\/aconteceunovale.com.br\/portal\/?p=51074"]}]},{"@type":"ImageObject","inLanguage":"pt-BR","@id":"https:\/\/aconteceunovale.com.br\/portal\/?p=51074#primaryimage","url":"https:\/\/aconteceunovale.com.br\/portal\/wp-content\/uploads\/2014\/06\/sisu_2014.jpg","contentUrl":"https:\/\/aconteceunovale.com.br\/portal\/wp-content\/uploads\/2014\/06\/sisu_2014.jpg","width":678,"height":350},{"@type":"BreadcrumbList","@id":"https:\/\/aconteceunovale.com.br\/portal\/?p=51074#breadcrumb","itemListElement":[{"@type":"ListItem","position":1,"name":"In\u00edcio","item":"https:\/\/aconteceunovale.com.br\/portal\/"},{"@type":"ListItem","position":2,"name":"Divulgado o resultado da primeira chamada do SiSU 2015"}]},{"@type":"WebSite","@id":"https:\/\/aconteceunovale.com.br\/portal\/#website","url":"https:\/\/aconteceunovale.com.br\/portal\/","name":"Aconteceu no Vale","description":"Portal de Not\u00edcias","potentialAction":[{"@type":"SearchAction","target":{"@type":"EntryPoint","urlTemplate":"https:\/\/aconteceunovale.com.br\/portal\/?s={search_term_string}"},"query-input":{"@type":"PropertyValueSpecification","valueRequired":true,"valueName":"search_term_string"}}],"inLanguage":"pt-BR"},{"@type":"Person","@id":"https:\/\/aconteceunovale.com.br\/portal\/#\/schema\/person\/633529146f2c94272bef50ac2953d589","name":"Aconteceu no Vale","description":"Equipe de reportagem do Aconteceu no Vale, portal de not\u00edcias do Vale do Jequitinhonha, em Minas Gerais. Cobrimos as 51 cidades do Vale desde 2013. Sugest\u00f5es de pauta e pedidos de corre\u00e7\u00e3o: contato@aconteceunovale.com.br","sameAs":["http:\/\/www.aconteceunovale.com.br"],"url":"https:\/\/aconteceunovale.com.br\/portal\/?author=1"}]}},"_links":{"self":[{"href":"https:\/\/aconteceunovale.com.br\/portal\/index.php?rest_route=\/wp\/v2\/posts\/51074","targetHints":{"allow":["GET"]}}],"collection":[{"href":"https:\/\/aconteceunovale.com.br\/portal\/index.php?rest_route=\/wp\/v2\/posts"}],"about":[{"href":"https:\/\/aconteceunovale.com.br\/portal\/index.php?rest_route=\/wp\/v2\/types\/post"}],"author":[{"embeddable":true,"href":"https:\/\/aconteceunovale.com.br\/portal\/index.php?rest_route=\/wp\/v2\/users\/1"}],"replies":[{"embeddable":true,"href":"https:\/\/aconteceunovale.com.br\/portal\/index.php?rest_route=%2Fwp%2Fv2%2Fcomments&post=51074"}],"version-history":[{"count":0,"href":"https:\/\/aconteceunovale.com.br\/portal\/index.php?rest_route=\/wp\/v2\/posts\/51074\/revisions"}],"wp:featuredmedia":[{"embeddable":true,"href":"https:\/\/aconteceunovale.com.br\/portal\/index.php?rest_route=\/wp\/v2\/media\/30725"}],"wp:attachment":[{"href":"https:\/\/aconteceunovale.com.br\/portal\/index.php?rest_route=%2Fwp%2Fv2%2Fmedia&parent=51074"}],"wp:term":[{"taxonomy":"category","embeddable":true,"href":"https:\/\/aconteceunovale.com.br\/portal\/index.php?rest_route=%2Fwp%2Fv2%2Fcategories&post=51074"},{"taxonomy":"post_tag","embeddable":true,"href":"https:\/\/aconteceunovale.com.br\/portal\/index.php?rest_route=%2Fwp%2Fv2%2Ftags&post=51074"}],"curies":[{"name":"wp","href":"https:\/\/api.w.org\/{rel}","templated":true}]}}