{"id":51066,"date":"2015-01-26T11:32:42","date_gmt":"2015-01-26T14:32:42","guid":{"rendered":"http:\/\/aconteceunovale.com.br\/portal\/?p=51066"},"modified":"2015-01-26T11:32:42","modified_gmt":"2015-01-26T14:32:42","slug":"acidente-entre-caminhonetes-deixa-um-morto-e-tres-feridos-na-br-381","status":"publish","type":"post","link":"https:\/\/aconteceunovale.com.br\/portal\/?p=51066","title":{"rendered":"Acidente entre caminhonetes deixa um morto e tr\u00eas feridos na BR-381"},"content":{"rendered":"<h4><strong><em>Acidente entre duas caminhonetes aconteceu pr\u00f3ximo ao trevo de Ravena. Tr\u00e2nsito chegou a ficar parcialmente interditado no local.<\/em><\/strong><\/h4>\n<p>Uma pessoa morreu e tr\u00eas ficaram feridas em um acidente envolvendo duas caminhonetes na manh\u00e3 desta segunda-feira, 26 de janeiro, pr\u00f3ximo ao trevo de Ravena, na BR-381, no munic\u00edpio de Sabar\u00e1. Uma mulher saiu ilesa.<\/p>\n<p>Conforme relato do filho de uma das v\u00edtimas, o pai dele, m\u00e3e, irm\u00e3 e um primo (os dois \u00faltimos crian\u00e7as), seguiam de Caratinga, na regi\u00e3o do Rio Doce, para Belo Horizonte, quando, em uma curva, o ve\u00edculo conduzido pela v\u00edtima fatal, invadiu a contram\u00e3o, resultando na batida frontal. <\/p>\n<p>Uma equipe do Servi\u00e7o de Atendimento M\u00f3vel de Urg\u00eancia (Samu) tamb\u00e9m prestou socorro \u00e0s v\u00edtimas no local e bombeiros precisaram usar o helic\u00f3ptero Arcanjo. Os feridos foram encaminhados para o Hospital de Pronto-Socorro Jo\u00e3o XXIII, em Belo Horizonte.<\/p>\n<p>Segundo a Pol\u00edcia Rodovi\u00e1ria Federal (PRF), o tr\u00e2nsito chegou a ficar parcialmente interditado no local, com registro de cinco quil\u00f4metros de congestionamento. A identidade das v\u00edtimas ainda n\u00e3o foi divulgada.<\/p>\n<p><img decoding=\"async\" src=\"http:\/\/aconteceunovale.com.br\/portal\/wp-content\/uploads\/2015\/01\/acidente_381_caratinga_26_1_1.jpg\" alt=\"\" \/><em>Acidente aconteceu na BR-381, pr\u00f3ximo ao trevo de Ravena &#8211; Foto: Internauta\/Via WhatsApp<\/em><br \/>\n<\/br><\/p>\n<p><img decoding=\"async\" src=\"http:\/\/aconteceunovale.com.br\/portal\/wp-content\/uploads\/2015\/01\/acidente_381_caratinga_26_1_2.jpg\" alt=\"\" \/><em>Acidente aconteceu na BR-381, pr\u00f3ximo ao trevo de Ravena &#8211; Foto: Internauta\/Via WhatsApp<\/em><br \/>\n<\/br><\/p>\n<p><img decoding=\"async\" src=\"http:\/\/aconteceunovale.com.br\/portal\/wp-content\/uploads\/2015\/01\/acidente_381_caratinga_26_1_3.jpg\" alt=\"\" \/><em>Acidente aconteceu na BR-381, pr\u00f3ximo ao trevo de Ravena &#8211; Foto: Internauta\/Via WhatsApp<\/em><br \/>\n<\/br><\/p>\n<p><strong><em>(Fonte: O Tempo)<\/em><\/strong><\/p>\n","protected":false},"excerpt":{"rendered":"<p>Acidente entre duas caminhonetes aconteceu pr\u00f3ximo ao trevo de Ravena. Tr\u00e2nsito chegou a ficar parcialmente interditado no local. Uma pessoa morreu e tr\u00eas ficaram feridas em um acidente envolvendo duas caminhonetes na manh\u00e3 desta segunda-feira, 26 de janeiro, pr\u00f3ximo ao trevo de Ravena, na BR-381, no munic\u00edpio de Sabar\u00e1. Uma mulher saiu ilesa. Conforme relato [&hellip;]<\/p>\n","protected":false},"author":1,"featured_media":51067,"comment_status":"open","ping_status":"closed","sticky":false,"template":"","format":"standard","meta":{"amp_status":"","footnotes":""},"categories":[123],"tags":[31363,12442,31366,31364,31365,194,237,1779],"class_list":["post-51066","post","type-post","status-publish","format-standard","has-post-thumbnail","hentry","category-gerais","tag-acidente-com-familia-de-caratinga","tag-acidente-com-familia-de-caratinga-na-br-381","tag-acidente-entre-caminhonetes-deixa-um-morto-e-tres-feridos-na-br-381","tag-acidente-perto-de-ravena","tag-batida-entre-caminhonetes-deixa-um-morto-e-tres-feridos-na-br-381","tag-belo-horizonte","tag-caratinga","tag-sabara"],"yoast_head":"<!-- This site is optimized with the Yoast SEO plugin v28.3 - https:\/\/yoast.com\/product\/yoast-seo-wordpress\/ -->\n<title>Acidente entre caminhonetes deixa um morto e tr\u00eas feridos na BR-381 - Aconteceu no Vale<\/title>\n<meta name=\"robots\" content=\"index, follow, max-snippet:-1, max-image-preview:large, max-video-preview:-1\" \/>\n<link rel=\"canonical\" href=\"https:\/\/aconteceunovale.com.br\/portal\/?p=51066\" \/>\n<meta property=\"og:locale\" content=\"pt_BR\" \/>\n<meta property=\"og:type\" content=\"article\" \/>\n<meta property=\"og:title\" content=\"Acidente entre caminhonetes deixa um morto e tr\u00eas feridos na BR-381 - Aconteceu no Vale\" \/>\n<meta property=\"og:description\" content=\"Acidente entre duas caminhonetes aconteceu pr\u00f3ximo ao trevo de Ravena. Tr\u00e2nsito chegou a ficar parcialmente interditado no local. Uma pessoa morreu e tr\u00eas ficaram feridas em um acidente envolvendo duas caminhonetes na manh\u00e3 desta segunda-feira, 26 de janeiro, pr\u00f3ximo ao trevo de Ravena, na BR-381, no munic\u00edpio de Sabar\u00e1. Uma mulher saiu ilesa. Conforme relato [&hellip;]\" \/>\n<meta property=\"og:url\" content=\"https:\/\/aconteceunovale.com.br\/portal\/?p=51066\" \/>\n<meta property=\"og:site_name\" content=\"Aconteceu no Vale\" \/>\n<meta property=\"article:publisher\" content=\"https:\/\/www.facebook.com\/aconteceunovale\/\" \/>\n<meta property=\"article:published_time\" content=\"2015-01-26T14:32:42+00:00\" \/>\n<meta property=\"og:image\" content=\"https:\/\/aconteceunovale.com.br\/portal\/wp-content\/uploads\/2015\/01\/acidente_381_caratinga_26_1_1.jpg\" \/>\n\t<meta property=\"og:image:width\" content=\"620\" \/>\n\t<meta property=\"og:image:height\" content=\"413\" \/>\n\t<meta property=\"og:image:type\" content=\"image\/jpeg\" \/>\n<meta name=\"author\" content=\"Aconteceu no Vale\" \/>\n<meta name=\"twitter:card\" content=\"summary_large_image\" \/>\n<meta name=\"twitter:creator\" content=\"@noticiadosvales\" \/>\n<meta name=\"twitter:site\" content=\"@noticiadosvales\" \/>\n<meta name=\"twitter:label1\" content=\"Escrito por\" \/>\n\t<meta name=\"twitter:data1\" content=\"Aconteceu no Vale\" \/>\n\t<meta name=\"twitter:label2\" content=\"Est. tempo de leitura\" \/>\n\t<meta name=\"twitter:data2\" content=\"1 minuto\" \/>\n<script type=\"application\/ld+json\" class=\"yoast-schema-graph\">{\"@context\":\"https:\\\/\\\/schema.org\",\"@graph\":[{\"@type\":\"Article\",\"@id\":\"https:\\\/\\\/aconteceunovale.com.br\\\/portal\\\/?p=51066#article\",\"isPartOf\":{\"@id\":\"https:\\\/\\\/aconteceunovale.com.br\\\/portal\\\/?p=51066\"},\"author\":{\"name\":\"Aconteceu no Vale\",\"@id\":\"https:\\\/\\\/aconteceunovale.com.br\\\/portal\\\/#\\\/schema\\\/person\\\/633529146f2c94272bef50ac2953d589\"},\"headline\":\"Acidente entre caminhonetes deixa um morto e tr\u00eas feridos na BR-381\",\"datePublished\":\"2015-01-26T14:32:42+00:00\",\"mainEntityOfPage\":{\"@id\":\"https:\\\/\\\/aconteceunovale.com.br\\\/portal\\\/?p=51066\"},\"wordCount\":253,\"commentCount\":0,\"image\":{\"@id\":\"https:\\\/\\\/aconteceunovale.com.br\\\/portal\\\/?p=51066#primaryimage\"},\"thumbnailUrl\":\"https:\\\/\\\/aconteceunovale.com.br\\\/portal\\\/wp-content\\\/uploads\\\/2015\\\/01\\\/acidente_381_caratinga_26_1_1.jpg\",\"keywords\":[\"acidente com fam\u00edlia de Caratinga\",\"acidente com fam\u00edlia de caratinga na br 381\",\"Acidente entre caminhonetes deixa um morto e tr\u00eas feridos na BR-381\",\"acidente perto de ravena\",\"Batida entre caminhonetes deixa um morto e tr\u00eas feridos na BR-381\",\"Belo Horizonte\",\"Caratinga\",\"Sabar\u00e1\"],\"articleSection\":[\"Minas Gerais\"],\"inLanguage\":\"pt-BR\",\"potentialAction\":[{\"@type\":\"CommentAction\",\"name\":\"Comment\",\"target\":[\"https:\\\/\\\/aconteceunovale.com.br\\\/portal\\\/?p=51066#respond\"]}]},{\"@type\":\"WebPage\",\"@id\":\"https:\\\/\\\/aconteceunovale.com.br\\\/portal\\\/?p=51066\",\"url\":\"https:\\\/\\\/aconteceunovale.com.br\\\/portal\\\/?p=51066\",\"name\":\"Acidente entre caminhonetes deixa um morto e tr\u00eas feridos na BR-381 - Aconteceu no Vale\",\"isPartOf\":{\"@id\":\"https:\\\/\\\/aconteceunovale.com.br\\\/portal\\\/#website\"},\"primaryImageOfPage\":{\"@id\":\"https:\\\/\\\/aconteceunovale.com.br\\\/portal\\\/?p=51066#primaryimage\"},\"image\":{\"@id\":\"https:\\\/\\\/aconteceunovale.com.br\\\/portal\\\/?p=51066#primaryimage\"},\"thumbnailUrl\":\"https:\\\/\\\/aconteceunovale.com.br\\\/portal\\\/wp-content\\\/uploads\\\/2015\\\/01\\\/acidente_381_caratinga_26_1_1.jpg\",\"datePublished\":\"2015-01-26T14:32:42+00:00\",\"author\":{\"@id\":\"https:\\\/\\\/aconteceunovale.com.br\\\/portal\\\/#\\\/schema\\\/person\\\/633529146f2c94272bef50ac2953d589\"},\"breadcrumb\":{\"@id\":\"https:\\\/\\\/aconteceunovale.com.br\\\/portal\\\/?p=51066#breadcrumb\"},\"inLanguage\":\"pt-BR\",\"potentialAction\":[{\"@type\":\"ReadAction\",\"target\":[\"https:\\\/\\\/aconteceunovale.com.br\\\/portal\\\/?p=51066\"]}]},{\"@type\":\"ImageObject\",\"inLanguage\":\"pt-BR\",\"@id\":\"https:\\\/\\\/aconteceunovale.com.br\\\/portal\\\/?p=51066#primaryimage\",\"url\":\"https:\\\/\\\/aconteceunovale.com.br\\\/portal\\\/wp-content\\\/uploads\\\/2015\\\/01\\\/acidente_381_caratinga_26_1_1.jpg\",\"contentUrl\":\"https:\\\/\\\/aconteceunovale.com.br\\\/portal\\\/wp-content\\\/uploads\\\/2015\\\/01\\\/acidente_381_caratinga_26_1_1.jpg\",\"width\":620,\"height\":413},{\"@type\":\"BreadcrumbList\",\"@id\":\"https:\\\/\\\/aconteceunovale.com.br\\\/portal\\\/?p=51066#breadcrumb\",\"itemListElement\":[{\"@type\":\"ListItem\",\"position\":1,\"name\":\"In\u00edcio\",\"item\":\"https:\\\/\\\/aconteceunovale.com.br\\\/portal\\\/\"},{\"@type\":\"ListItem\",\"position\":2,\"name\":\"Acidente entre caminhonetes deixa um morto e tr\u00eas feridos na BR-381\"}]},{\"@type\":\"WebSite\",\"@id\":\"https:\\\/\\\/aconteceunovale.com.br\\\/portal\\\/#website\",\"url\":\"https:\\\/\\\/aconteceunovale.com.br\\\/portal\\\/\",\"name\":\"Aconteceu no Vale\",\"description\":\"Portal de Not\u00edcias\",\"potentialAction\":[{\"@type\":\"SearchAction\",\"target\":{\"@type\":\"EntryPoint\",\"urlTemplate\":\"https:\\\/\\\/aconteceunovale.com.br\\\/portal\\\/?s={search_term_string}\"},\"query-input\":{\"@type\":\"PropertyValueSpecification\",\"valueRequired\":true,\"valueName\":\"search_term_string\"}}],\"inLanguage\":\"pt-BR\"},{\"@type\":\"Person\",\"@id\":\"https:\\\/\\\/aconteceunovale.com.br\\\/portal\\\/#\\\/schema\\\/person\\\/633529146f2c94272bef50ac2953d589\",\"name\":\"Aconteceu no Vale\",\"description\":\"Equipe de reportagem do Aconteceu no Vale, portal de not\u00edcias do Vale do Jequitinhonha, em Minas Gerais. Cobrimos as 51 cidades do Vale desde 2013. Sugest\u00f5es de pauta e pedidos de corre\u00e7\u00e3o: contato@aconteceunovale.com.br\",\"sameAs\":[\"http:\\\/\\\/www.aconteceunovale.com.br\"],\"url\":\"https:\\\/\\\/aconteceunovale.com.br\\\/portal\\\/?author=1\"}]}<\/script>\n<!-- \/ Yoast SEO plugin. -->","yoast_head_json":{"title":"Acidente entre caminhonetes deixa um morto e tr\u00eas feridos na BR-381 - Aconteceu no Vale","robots":{"index":"index","follow":"follow","max-snippet":"max-snippet:-1","max-image-preview":"max-image-preview:large","max-video-preview":"max-video-preview:-1"},"canonical":"https:\/\/aconteceunovale.com.br\/portal\/?p=51066","og_locale":"pt_BR","og_type":"article","og_title":"Acidente entre caminhonetes deixa um morto e tr\u00eas feridos na BR-381 - Aconteceu no Vale","og_description":"Acidente entre duas caminhonetes aconteceu pr\u00f3ximo ao trevo de Ravena. Tr\u00e2nsito chegou a ficar parcialmente interditado no local. Uma pessoa morreu e tr\u00eas ficaram feridas em um acidente envolvendo duas caminhonetes na manh\u00e3 desta segunda-feira, 26 de janeiro, pr\u00f3ximo ao trevo de Ravena, na BR-381, no munic\u00edpio de Sabar\u00e1. Uma mulher saiu ilesa. Conforme relato [&hellip;]","og_url":"https:\/\/aconteceunovale.com.br\/portal\/?p=51066","og_site_name":"Aconteceu no Vale","article_publisher":"https:\/\/www.facebook.com\/aconteceunovale\/","article_published_time":"2015-01-26T14:32:42+00:00","og_image":[{"width":620,"height":413,"url":"https:\/\/aconteceunovale.com.br\/portal\/wp-content\/uploads\/2015\/01\/acidente_381_caratinga_26_1_1.jpg","type":"image\/jpeg"}],"author":"Aconteceu no Vale","twitter_card":"summary_large_image","twitter_creator":"@noticiadosvales","twitter_site":"@noticiadosvales","twitter_misc":{"Escrito por":"Aconteceu no Vale","Est. tempo de leitura":"1 minuto"},"schema":{"@context":"https:\/\/schema.org","@graph":[{"@type":"Article","@id":"https:\/\/aconteceunovale.com.br\/portal\/?p=51066#article","isPartOf":{"@id":"https:\/\/aconteceunovale.com.br\/portal\/?p=51066"},"author":{"name":"Aconteceu no Vale","@id":"https:\/\/aconteceunovale.com.br\/portal\/#\/schema\/person\/633529146f2c94272bef50ac2953d589"},"headline":"Acidente entre caminhonetes deixa um morto e tr\u00eas feridos na BR-381","datePublished":"2015-01-26T14:32:42+00:00","mainEntityOfPage":{"@id":"https:\/\/aconteceunovale.com.br\/portal\/?p=51066"},"wordCount":253,"commentCount":0,"image":{"@id":"https:\/\/aconteceunovale.com.br\/portal\/?p=51066#primaryimage"},"thumbnailUrl":"https:\/\/aconteceunovale.com.br\/portal\/wp-content\/uploads\/2015\/01\/acidente_381_caratinga_26_1_1.jpg","keywords":["acidente com fam\u00edlia de Caratinga","acidente com fam\u00edlia de caratinga na br 381","Acidente entre caminhonetes deixa um morto e tr\u00eas feridos na BR-381","acidente perto de ravena","Batida entre caminhonetes deixa um morto e tr\u00eas feridos na BR-381","Belo Horizonte","Caratinga","Sabar\u00e1"],"articleSection":["Minas Gerais"],"inLanguage":"pt-BR","potentialAction":[{"@type":"CommentAction","name":"Comment","target":["https:\/\/aconteceunovale.com.br\/portal\/?p=51066#respond"]}]},{"@type":"WebPage","@id":"https:\/\/aconteceunovale.com.br\/portal\/?p=51066","url":"https:\/\/aconteceunovale.com.br\/portal\/?p=51066","name":"Acidente entre caminhonetes deixa um morto e tr\u00eas feridos na BR-381 - Aconteceu no Vale","isPartOf":{"@id":"https:\/\/aconteceunovale.com.br\/portal\/#website"},"primaryImageOfPage":{"@id":"https:\/\/aconteceunovale.com.br\/portal\/?p=51066#primaryimage"},"image":{"@id":"https:\/\/aconteceunovale.com.br\/portal\/?p=51066#primaryimage"},"thumbnailUrl":"https:\/\/aconteceunovale.com.br\/portal\/wp-content\/uploads\/2015\/01\/acidente_381_caratinga_26_1_1.jpg","datePublished":"2015-01-26T14:32:42+00:00","author":{"@id":"https:\/\/aconteceunovale.com.br\/portal\/#\/schema\/person\/633529146f2c94272bef50ac2953d589"},"breadcrumb":{"@id":"https:\/\/aconteceunovale.com.br\/portal\/?p=51066#breadcrumb"},"inLanguage":"pt-BR","potentialAction":[{"@type":"ReadAction","target":["https:\/\/aconteceunovale.com.br\/portal\/?p=51066"]}]},{"@type":"ImageObject","inLanguage":"pt-BR","@id":"https:\/\/aconteceunovale.com.br\/portal\/?p=51066#primaryimage","url":"https:\/\/aconteceunovale.com.br\/portal\/wp-content\/uploads\/2015\/01\/acidente_381_caratinga_26_1_1.jpg","contentUrl":"https:\/\/aconteceunovale.com.br\/portal\/wp-content\/uploads\/2015\/01\/acidente_381_caratinga_26_1_1.jpg","width":620,"height":413},{"@type":"BreadcrumbList","@id":"https:\/\/aconteceunovale.com.br\/portal\/?p=51066#breadcrumb","itemListElement":[{"@type":"ListItem","position":1,"name":"In\u00edcio","item":"https:\/\/aconteceunovale.com.br\/portal\/"},{"@type":"ListItem","position":2,"name":"Acidente entre caminhonetes deixa um morto e tr\u00eas feridos na BR-381"}]},{"@type":"WebSite","@id":"https:\/\/aconteceunovale.com.br\/portal\/#website","url":"https:\/\/aconteceunovale.com.br\/portal\/","name":"Aconteceu no Vale","description":"Portal de Not\u00edcias","potentialAction":[{"@type":"SearchAction","target":{"@type":"EntryPoint","urlTemplate":"https:\/\/aconteceunovale.com.br\/portal\/?s={search_term_string}"},"query-input":{"@type":"PropertyValueSpecification","valueRequired":true,"valueName":"search_term_string"}}],"inLanguage":"pt-BR"},{"@type":"Person","@id":"https:\/\/aconteceunovale.com.br\/portal\/#\/schema\/person\/633529146f2c94272bef50ac2953d589","name":"Aconteceu no Vale","description":"Equipe de reportagem do Aconteceu no Vale, portal de not\u00edcias do Vale do Jequitinhonha, em Minas Gerais. Cobrimos as 51 cidades do Vale desde 2013. Sugest\u00f5es de pauta e pedidos de corre\u00e7\u00e3o: contato@aconteceunovale.com.br","sameAs":["http:\/\/www.aconteceunovale.com.br"],"url":"https:\/\/aconteceunovale.com.br\/portal\/?author=1"}]}},"_links":{"self":[{"href":"https:\/\/aconteceunovale.com.br\/portal\/index.php?rest_route=\/wp\/v2\/posts\/51066","targetHints":{"allow":["GET"]}}],"collection":[{"href":"https:\/\/aconteceunovale.com.br\/portal\/index.php?rest_route=\/wp\/v2\/posts"}],"about":[{"href":"https:\/\/aconteceunovale.com.br\/portal\/index.php?rest_route=\/wp\/v2\/types\/post"}],"author":[{"embeddable":true,"href":"https:\/\/aconteceunovale.com.br\/portal\/index.php?rest_route=\/wp\/v2\/users\/1"}],"replies":[{"embeddable":true,"href":"https:\/\/aconteceunovale.com.br\/portal\/index.php?rest_route=%2Fwp%2Fv2%2Fcomments&post=51066"}],"version-history":[{"count":0,"href":"https:\/\/aconteceunovale.com.br\/portal\/index.php?rest_route=\/wp\/v2\/posts\/51066\/revisions"}],"wp:featuredmedia":[{"embeddable":true,"href":"https:\/\/aconteceunovale.com.br\/portal\/index.php?rest_route=\/wp\/v2\/media\/51067"}],"wp:attachment":[{"href":"https:\/\/aconteceunovale.com.br\/portal\/index.php?rest_route=%2Fwp%2Fv2%2Fmedia&parent=51066"}],"wp:term":[{"taxonomy":"category","embeddable":true,"href":"https:\/\/aconteceunovale.com.br\/portal\/index.php?rest_route=%2Fwp%2Fv2%2Fcategories&post=51066"},{"taxonomy":"post_tag","embeddable":true,"href":"https:\/\/aconteceunovale.com.br\/portal\/index.php?rest_route=%2Fwp%2Fv2%2Ftags&post=51066"}],"curies":[{"name":"wp","href":"https:\/\/api.w.org\/{rel}","templated":true}]}}