{"id":51064,"date":"2015-01-26T11:12:40","date_gmt":"2015-01-26T14:12:40","guid":{"rendered":"http:\/\/aconteceunovale.com.br\/portal\/?p=51064"},"modified":"2015-01-26T11:12:40","modified_gmt":"2015-01-26T14:12:40","slug":"cinco-pessoas-morrem-em-acidentes-na-br-365-e-mg-401-no-norte-de-minas-gerais","status":"publish","type":"post","link":"https:\/\/aconteceunovale.com.br\/portal\/?p=51064","title":{"rendered":"Cinco pessoas morrem em acidentes na BR-365 e MG-401, no Norte de Minas Gerais"},"content":{"rendered":"<h4><strong><em>Na BR-365, dois homens morreram na batida entre carro e \u00f4nibus. J\u00e1 na MG-401, a colis\u00e3o entre um carro e uma moto deixou tr\u00eas mortos e uma crian\u00e7a ferida.<\/em><\/strong><\/h4>\n<p>Cinco pessoas morreram em dois acidentes ocorridos neste domingo, 25 de janeiro, nas rodovias que cortam o Norte de Minas Gerais. Na MG-401, entre Jana\u00faba e Verdel\u00e2ndia, tr\u00eas pessoas morreram e uma crian\u00e7a ficou ferida na colis\u00e3o envolvendo uma moto e um carro. De acordo com a Pol\u00edcia Militar, a motocicleta invadiu a contram\u00e3o e bateu de frente com o carro.<\/p>\n<p>Com o impacto da batida, o motociclista E.A.P.O, de 32 anos, e o passageiro n\u00e3o resistiram aos graves ferimentos e morreram no local. O motorista do carro, L.P.S, de 67 anos, tamb\u00e9m veio a \u00f3bito ainda no local do acidente. <\/p>\n<p>Uma crian\u00e7a de nove anos foi socorrida com les\u00f5es graves ao Hospital de Jana\u00faba. Ap\u00f3s o acidente, a moto pegou fogo e o Corpo de Bombeiros precisou ser acionado. <\/p>\n<h4>Outro acidente<\/h4>\n<p>Na BR-365, pr\u00f3ximo ao distrito de \u00c1gua Boa, no munic\u00edpio de Claro dos Po\u00e7\u00f5es, dois homens, de 21 e 56 anos, morreram em um acidente envolvendo carro e \u00f4nibus. De acordo com a Pol\u00edcia Rodovi\u00e1ria Federal (PRF), o motorista do carro perdeu o controle da dire\u00e7\u00e3o, invadiu a pista contr\u00e1ria e bateu de frente com o \u00f4nibus. Com o impacto, os dois ocupantes do ve\u00edculo menor n\u00e3o resistiram aos ferimentos e morreram no local.<\/p>\n","protected":false},"excerpt":{"rendered":"<p>Na BR-365, dois homens morreram na batida entre carro e \u00f4nibus. J\u00e1 na MG-401, a colis\u00e3o entre um carro e uma moto deixou tr\u00eas mortos e uma crian\u00e7a ferida. Cinco pessoas morreram em dois acidentes ocorridos neste domingo, 25 de janeiro, nas rodovias que cortam o Norte de Minas Gerais. Na MG-401, entre Jana\u00faba e [&hellip;]<\/p>\n","protected":false},"author":1,"featured_media":32816,"comment_status":"open","ping_status":"closed","sticky":false,"template":"","format":"standard","meta":{"amp_status":"","footnotes":""},"categories":[1236],"tags":[31358,31359,31357,23192,31360,31361,31362],"class_list":["post-51064","post","type-post","status-publish","format-standard","has-post-thumbnail","hentry","category-norte_de_minas","tag-acidente-em-claro-dos-pocoes","tag-acidente-entre-carro-e-onibus-em-claro-dos-pocoes","tag-acidente-na-mg-401-entre-janauba-e-verdelandia","tag-acidente-no-norte-de-minas","tag-acidentes-no-norte-de-minas","tag-cinco-pessoas-morrem-em-acidentes-na-br-365-e-mg-401","tag-cinco-pessoas-morrem-em-dois-acidentes-no-norte-de-minas-gerais"],"yoast_head":"<!-- This site is optimized with the Yoast SEO plugin v28.3 - https:\/\/yoast.com\/product\/yoast-seo-wordpress\/ -->\n<title>Cinco pessoas morrem em acidentes na BR-365 e MG-401, no Norte de Minas Gerais - Aconteceu no Vale<\/title>\n<meta name=\"robots\" content=\"index, follow, max-snippet:-1, max-image-preview:large, max-video-preview:-1\" \/>\n<link rel=\"canonical\" href=\"https:\/\/aconteceunovale.com.br\/portal\/?p=51064\" \/>\n<meta property=\"og:locale\" content=\"pt_BR\" \/>\n<meta property=\"og:type\" content=\"article\" \/>\n<meta property=\"og:title\" content=\"Cinco pessoas morrem em acidentes na BR-365 e MG-401, no Norte de Minas Gerais - Aconteceu no Vale\" \/>\n<meta property=\"og:description\" content=\"Na BR-365, dois homens morreram na batida entre carro e \u00f4nibus. J\u00e1 na MG-401, a colis\u00e3o entre um carro e uma moto deixou tr\u00eas mortos e uma crian\u00e7a ferida. Cinco pessoas morreram em dois acidentes ocorridos neste domingo, 25 de janeiro, nas rodovias que cortam o Norte de Minas Gerais. Na MG-401, entre Jana\u00faba e [&hellip;]\" \/>\n<meta property=\"og:url\" content=\"https:\/\/aconteceunovale.com.br\/portal\/?p=51064\" \/>\n<meta property=\"og:site_name\" content=\"Aconteceu no Vale\" \/>\n<meta property=\"article:publisher\" content=\"https:\/\/www.facebook.com\/aconteceunovale\/\" \/>\n<meta property=\"article:published_time\" content=\"2015-01-26T14:12:40+00:00\" \/>\n<meta property=\"og:image\" content=\"https:\/\/aconteceunovale.com.br\/portal\/wp-content\/uploads\/2014\/06\/acidente_plantao_pm.jpg\" \/>\n\t<meta property=\"og:image:width\" content=\"570\" \/>\n\t<meta property=\"og:image:height\" content=\"374\" \/>\n\t<meta property=\"og:image:type\" content=\"image\/jpeg\" \/>\n<meta name=\"author\" content=\"Aconteceu no Vale\" \/>\n<meta name=\"twitter:card\" content=\"summary_large_image\" \/>\n<meta name=\"twitter:creator\" content=\"@noticiadosvales\" \/>\n<meta name=\"twitter:site\" content=\"@noticiadosvales\" \/>\n<meta name=\"twitter:label1\" content=\"Escrito por\" \/>\n\t<meta name=\"twitter:data1\" content=\"Aconteceu no Vale\" \/>\n\t<meta name=\"twitter:label2\" content=\"Est. tempo de leitura\" \/>\n\t<meta name=\"twitter:data2\" content=\"1 minuto\" \/>\n<script type=\"application\/ld+json\" class=\"yoast-schema-graph\">{\"@context\":\"https:\\\/\\\/schema.org\",\"@graph\":[{\"@type\":\"Article\",\"@id\":\"https:\\\/\\\/aconteceunovale.com.br\\\/portal\\\/?p=51064#article\",\"isPartOf\":{\"@id\":\"https:\\\/\\\/aconteceunovale.com.br\\\/portal\\\/?p=51064\"},\"author\":{\"name\":\"Aconteceu no Vale\",\"@id\":\"https:\\\/\\\/aconteceunovale.com.br\\\/portal\\\/#\\\/schema\\\/person\\\/633529146f2c94272bef50ac2953d589\"},\"headline\":\"Cinco pessoas morrem em acidentes na BR-365 e MG-401, no Norte de Minas Gerais\",\"datePublished\":\"2015-01-26T14:12:40+00:00\",\"mainEntityOfPage\":{\"@id\":\"https:\\\/\\\/aconteceunovale.com.br\\\/portal\\\/?p=51064\"},\"wordCount\":274,\"commentCount\":0,\"image\":{\"@id\":\"https:\\\/\\\/aconteceunovale.com.br\\\/portal\\\/?p=51064#primaryimage\"},\"thumbnailUrl\":\"https:\\\/\\\/aconteceunovale.com.br\\\/portal\\\/wp-content\\\/uploads\\\/2014\\\/06\\\/acidente_plantao_pm.jpg\",\"keywords\":[\"acidente em claro dos po\u00e7\u00f5es\",\"acidente entre carro e \u00f4nibus em claro dos po\u00e7\u00f5es\",\"acidente na mg 401 entre jana\u00faba e verdel\u00e2ndia\",\"acidente no norte de minas\",\"acidentes no norte de minas\",\"Cinco pessoas morrem em acidentes na BR-365 e MG-401\",\"Cinco pessoas morrem em dois acidentes no Norte de Minas Gerais\"],\"articleSection\":[\"Norte de Minas\"],\"inLanguage\":\"pt-BR\",\"potentialAction\":[{\"@type\":\"CommentAction\",\"name\":\"Comment\",\"target\":[\"https:\\\/\\\/aconteceunovale.com.br\\\/portal\\\/?p=51064#respond\"]}]},{\"@type\":\"WebPage\",\"@id\":\"https:\\\/\\\/aconteceunovale.com.br\\\/portal\\\/?p=51064\",\"url\":\"https:\\\/\\\/aconteceunovale.com.br\\\/portal\\\/?p=51064\",\"name\":\"Cinco pessoas morrem em acidentes na BR-365 e MG-401, no Norte de Minas Gerais - Aconteceu no Vale\",\"isPartOf\":{\"@id\":\"https:\\\/\\\/aconteceunovale.com.br\\\/portal\\\/#website\"},\"primaryImageOfPage\":{\"@id\":\"https:\\\/\\\/aconteceunovale.com.br\\\/portal\\\/?p=51064#primaryimage\"},\"image\":{\"@id\":\"https:\\\/\\\/aconteceunovale.com.br\\\/portal\\\/?p=51064#primaryimage\"},\"thumbnailUrl\":\"https:\\\/\\\/aconteceunovale.com.br\\\/portal\\\/wp-content\\\/uploads\\\/2014\\\/06\\\/acidente_plantao_pm.jpg\",\"datePublished\":\"2015-01-26T14:12:40+00:00\",\"author\":{\"@id\":\"https:\\\/\\\/aconteceunovale.com.br\\\/portal\\\/#\\\/schema\\\/person\\\/633529146f2c94272bef50ac2953d589\"},\"breadcrumb\":{\"@id\":\"https:\\\/\\\/aconteceunovale.com.br\\\/portal\\\/?p=51064#breadcrumb\"},\"inLanguage\":\"pt-BR\",\"potentialAction\":[{\"@type\":\"ReadAction\",\"target\":[\"https:\\\/\\\/aconteceunovale.com.br\\\/portal\\\/?p=51064\"]}]},{\"@type\":\"ImageObject\",\"inLanguage\":\"pt-BR\",\"@id\":\"https:\\\/\\\/aconteceunovale.com.br\\\/portal\\\/?p=51064#primaryimage\",\"url\":\"https:\\\/\\\/aconteceunovale.com.br\\\/portal\\\/wp-content\\\/uploads\\\/2014\\\/06\\\/acidente_plantao_pm.jpg\",\"contentUrl\":\"https:\\\/\\\/aconteceunovale.com.br\\\/portal\\\/wp-content\\\/uploads\\\/2014\\\/06\\\/acidente_plantao_pm.jpg\",\"width\":570,\"height\":374},{\"@type\":\"BreadcrumbList\",\"@id\":\"https:\\\/\\\/aconteceunovale.com.br\\\/portal\\\/?p=51064#breadcrumb\",\"itemListElement\":[{\"@type\":\"ListItem\",\"position\":1,\"name\":\"In\u00edcio\",\"item\":\"https:\\\/\\\/aconteceunovale.com.br\\\/portal\\\/\"},{\"@type\":\"ListItem\",\"position\":2,\"name\":\"Cinco pessoas morrem em acidentes na BR-365 e MG-401, no Norte de Minas Gerais\"}]},{\"@type\":\"WebSite\",\"@id\":\"https:\\\/\\\/aconteceunovale.com.br\\\/portal\\\/#website\",\"url\":\"https:\\\/\\\/aconteceunovale.com.br\\\/portal\\\/\",\"name\":\"Aconteceu no Vale\",\"description\":\"Portal de Not\u00edcias\",\"potentialAction\":[{\"@type\":\"SearchAction\",\"target\":{\"@type\":\"EntryPoint\",\"urlTemplate\":\"https:\\\/\\\/aconteceunovale.com.br\\\/portal\\\/?s={search_term_string}\"},\"query-input\":{\"@type\":\"PropertyValueSpecification\",\"valueRequired\":true,\"valueName\":\"search_term_string\"}}],\"inLanguage\":\"pt-BR\"},{\"@type\":\"Person\",\"@id\":\"https:\\\/\\\/aconteceunovale.com.br\\\/portal\\\/#\\\/schema\\\/person\\\/633529146f2c94272bef50ac2953d589\",\"name\":\"Aconteceu no Vale\",\"description\":\"Equipe de reportagem do Aconteceu no Vale, portal de not\u00edcias do Vale do Jequitinhonha, em Minas Gerais. Cobrimos as 51 cidades do Vale desde 2013. Sugest\u00f5es de pauta e pedidos de corre\u00e7\u00e3o: contato@aconteceunovale.com.br\",\"sameAs\":[\"http:\\\/\\\/www.aconteceunovale.com.br\"],\"url\":\"https:\\\/\\\/aconteceunovale.com.br\\\/portal\\\/?author=1\"}]}<\/script>\n<!-- \/ Yoast SEO plugin. -->","yoast_head_json":{"title":"Cinco pessoas morrem em acidentes na BR-365 e MG-401, no Norte de Minas Gerais - Aconteceu no Vale","robots":{"index":"index","follow":"follow","max-snippet":"max-snippet:-1","max-image-preview":"max-image-preview:large","max-video-preview":"max-video-preview:-1"},"canonical":"https:\/\/aconteceunovale.com.br\/portal\/?p=51064","og_locale":"pt_BR","og_type":"article","og_title":"Cinco pessoas morrem em acidentes na BR-365 e MG-401, no Norte de Minas Gerais - Aconteceu no Vale","og_description":"Na BR-365, dois homens morreram na batida entre carro e \u00f4nibus. J\u00e1 na MG-401, a colis\u00e3o entre um carro e uma moto deixou tr\u00eas mortos e uma crian\u00e7a ferida. Cinco pessoas morreram em dois acidentes ocorridos neste domingo, 25 de janeiro, nas rodovias que cortam o Norte de Minas Gerais. Na MG-401, entre Jana\u00faba e [&hellip;]","og_url":"https:\/\/aconteceunovale.com.br\/portal\/?p=51064","og_site_name":"Aconteceu no Vale","article_publisher":"https:\/\/www.facebook.com\/aconteceunovale\/","article_published_time":"2015-01-26T14:12:40+00:00","og_image":[{"width":570,"height":374,"url":"https:\/\/aconteceunovale.com.br\/portal\/wp-content\/uploads\/2014\/06\/acidente_plantao_pm.jpg","type":"image\/jpeg"}],"author":"Aconteceu no Vale","twitter_card":"summary_large_image","twitter_creator":"@noticiadosvales","twitter_site":"@noticiadosvales","twitter_misc":{"Escrito por":"Aconteceu no Vale","Est. tempo de leitura":"1 minuto"},"schema":{"@context":"https:\/\/schema.org","@graph":[{"@type":"Article","@id":"https:\/\/aconteceunovale.com.br\/portal\/?p=51064#article","isPartOf":{"@id":"https:\/\/aconteceunovale.com.br\/portal\/?p=51064"},"author":{"name":"Aconteceu no Vale","@id":"https:\/\/aconteceunovale.com.br\/portal\/#\/schema\/person\/633529146f2c94272bef50ac2953d589"},"headline":"Cinco pessoas morrem em acidentes na BR-365 e MG-401, no Norte de Minas Gerais","datePublished":"2015-01-26T14:12:40+00:00","mainEntityOfPage":{"@id":"https:\/\/aconteceunovale.com.br\/portal\/?p=51064"},"wordCount":274,"commentCount":0,"image":{"@id":"https:\/\/aconteceunovale.com.br\/portal\/?p=51064#primaryimage"},"thumbnailUrl":"https:\/\/aconteceunovale.com.br\/portal\/wp-content\/uploads\/2014\/06\/acidente_plantao_pm.jpg","keywords":["acidente em claro dos po\u00e7\u00f5es","acidente entre carro e \u00f4nibus em claro dos po\u00e7\u00f5es","acidente na mg 401 entre jana\u00faba e verdel\u00e2ndia","acidente no norte de minas","acidentes no norte de minas","Cinco pessoas morrem em acidentes na BR-365 e MG-401","Cinco pessoas morrem em dois acidentes no Norte de Minas Gerais"],"articleSection":["Norte de Minas"],"inLanguage":"pt-BR","potentialAction":[{"@type":"CommentAction","name":"Comment","target":["https:\/\/aconteceunovale.com.br\/portal\/?p=51064#respond"]}]},{"@type":"WebPage","@id":"https:\/\/aconteceunovale.com.br\/portal\/?p=51064","url":"https:\/\/aconteceunovale.com.br\/portal\/?p=51064","name":"Cinco pessoas morrem em acidentes na BR-365 e MG-401, no Norte de Minas Gerais - Aconteceu no Vale","isPartOf":{"@id":"https:\/\/aconteceunovale.com.br\/portal\/#website"},"primaryImageOfPage":{"@id":"https:\/\/aconteceunovale.com.br\/portal\/?p=51064#primaryimage"},"image":{"@id":"https:\/\/aconteceunovale.com.br\/portal\/?p=51064#primaryimage"},"thumbnailUrl":"https:\/\/aconteceunovale.com.br\/portal\/wp-content\/uploads\/2014\/06\/acidente_plantao_pm.jpg","datePublished":"2015-01-26T14:12:40+00:00","author":{"@id":"https:\/\/aconteceunovale.com.br\/portal\/#\/schema\/person\/633529146f2c94272bef50ac2953d589"},"breadcrumb":{"@id":"https:\/\/aconteceunovale.com.br\/portal\/?p=51064#breadcrumb"},"inLanguage":"pt-BR","potentialAction":[{"@type":"ReadAction","target":["https:\/\/aconteceunovale.com.br\/portal\/?p=51064"]}]},{"@type":"ImageObject","inLanguage":"pt-BR","@id":"https:\/\/aconteceunovale.com.br\/portal\/?p=51064#primaryimage","url":"https:\/\/aconteceunovale.com.br\/portal\/wp-content\/uploads\/2014\/06\/acidente_plantao_pm.jpg","contentUrl":"https:\/\/aconteceunovale.com.br\/portal\/wp-content\/uploads\/2014\/06\/acidente_plantao_pm.jpg","width":570,"height":374},{"@type":"BreadcrumbList","@id":"https:\/\/aconteceunovale.com.br\/portal\/?p=51064#breadcrumb","itemListElement":[{"@type":"ListItem","position":1,"name":"In\u00edcio","item":"https:\/\/aconteceunovale.com.br\/portal\/"},{"@type":"ListItem","position":2,"name":"Cinco pessoas morrem em acidentes na BR-365 e MG-401, no Norte de Minas Gerais"}]},{"@type":"WebSite","@id":"https:\/\/aconteceunovale.com.br\/portal\/#website","url":"https:\/\/aconteceunovale.com.br\/portal\/","name":"Aconteceu no Vale","description":"Portal de Not\u00edcias","potentialAction":[{"@type":"SearchAction","target":{"@type":"EntryPoint","urlTemplate":"https:\/\/aconteceunovale.com.br\/portal\/?s={search_term_string}"},"query-input":{"@type":"PropertyValueSpecification","valueRequired":true,"valueName":"search_term_string"}}],"inLanguage":"pt-BR"},{"@type":"Person","@id":"https:\/\/aconteceunovale.com.br\/portal\/#\/schema\/person\/633529146f2c94272bef50ac2953d589","name":"Aconteceu no Vale","description":"Equipe de reportagem do Aconteceu no Vale, portal de not\u00edcias do Vale do Jequitinhonha, em Minas Gerais. Cobrimos as 51 cidades do Vale desde 2013. Sugest\u00f5es de pauta e pedidos de corre\u00e7\u00e3o: contato@aconteceunovale.com.br","sameAs":["http:\/\/www.aconteceunovale.com.br"],"url":"https:\/\/aconteceunovale.com.br\/portal\/?author=1"}]}},"_links":{"self":[{"href":"https:\/\/aconteceunovale.com.br\/portal\/index.php?rest_route=\/wp\/v2\/posts\/51064","targetHints":{"allow":["GET"]}}],"collection":[{"href":"https:\/\/aconteceunovale.com.br\/portal\/index.php?rest_route=\/wp\/v2\/posts"}],"about":[{"href":"https:\/\/aconteceunovale.com.br\/portal\/index.php?rest_route=\/wp\/v2\/types\/post"}],"author":[{"embeddable":true,"href":"https:\/\/aconteceunovale.com.br\/portal\/index.php?rest_route=\/wp\/v2\/users\/1"}],"replies":[{"embeddable":true,"href":"https:\/\/aconteceunovale.com.br\/portal\/index.php?rest_route=%2Fwp%2Fv2%2Fcomments&post=51064"}],"version-history":[{"count":0,"href":"https:\/\/aconteceunovale.com.br\/portal\/index.php?rest_route=\/wp\/v2\/posts\/51064\/revisions"}],"wp:featuredmedia":[{"embeddable":true,"href":"https:\/\/aconteceunovale.com.br\/portal\/index.php?rest_route=\/wp\/v2\/media\/32816"}],"wp:attachment":[{"href":"https:\/\/aconteceunovale.com.br\/portal\/index.php?rest_route=%2Fwp%2Fv2%2Fmedia&parent=51064"}],"wp:term":[{"taxonomy":"category","embeddable":true,"href":"https:\/\/aconteceunovale.com.br\/portal\/index.php?rest_route=%2Fwp%2Fv2%2Fcategories&post=51064"},{"taxonomy":"post_tag","embeddable":true,"href":"https:\/\/aconteceunovale.com.br\/portal\/index.php?rest_route=%2Fwp%2Fv2%2Ftags&post=51064"}],"curies":[{"name":"wp","href":"https:\/\/api.w.org\/{rel}","templated":true}]}}