{"id":51018,"date":"2015-01-25T18:32:28","date_gmt":"2015-01-25T21:32:28","guid":{"rendered":"http:\/\/aconteceunovale.com.br\/portal\/?p=51018"},"modified":"2015-01-25T18:41:02","modified_gmt":"2015-01-25T21:41:02","slug":"acidente-envolvendo-veiculo-da-prefeitura-de-diamantina-deixa-tres-feridos-na-br-259","status":"publish","type":"post","link":"https:\/\/aconteceunovale.com.br\/portal\/?p=51018","title":{"rendered":"Acidente envolvendo ve\u00edculo da Prefeitura de Diamantina deixa tr\u00eas feridos na BR-259"},"content":{"rendered":"<h4><strong><em>Acidente aconteceu no KM 482, na zona rural de Gouveia. Tr\u00eas pessoas foram socorridas ao Pronto Socorro Santa Izabel.<\/em><\/strong><\/h4>\n<p>Tr\u00eas pessoas ficaram feridas em um acidente na tarde desse s\u00e1bado, 24 de janeiro, na altura do quil\u00f4metro 482 da BR-259, na zona rural do munic\u00edpio de Gouveia, no Vale do Jequitinhonha.<\/p>\n<p>De acordo com o Corpo de Bombeiros de Diamantina, por volta das 16h30, o condutor de uma caminhonete Ranger, pertencente a Prefeitura Municipal de Diamantina, perdeu o controle da dire\u00e7\u00e3o no sentido BH\/Diamantina e o ve\u00edculo veio a capotar pr\u00f3ximo \u00e0 pista de rolamento. <\/p>\n<p>Com o impacto do acidente, o vice-prefeito de Diamantina, C\u00e1ssio Ant\u00f4nio Moreira, de 42 anos, sofreu um corte contuso na regi\u00e3o do superc\u00edlio e escoria\u00e7\u00f5es nos bra\u00e7os. Outro ocupante do ve\u00edculo, Paulo Rios de Souza J\u00fanior, de 33, sofreu escoria\u00e7\u00f5es nas pernas. Eles foram socorridos por uma unidade de resgate do Corpo de Bombeiros e encaminhados para atendimento m\u00e9dico no Pronto Atendimento Santa Izabel.<\/p>\n<p>J\u00e1 a v\u00edtima Ana Cristina Alves de Souza, de 46, teve apenas ferimentos leves. Ela foi socorrida por uma equipe do Servi\u00e7o de Atendimento M\u00f3vel de Urg\u00eancia (SAMU) e encaminhada para o mesmo hospital.<\/p>\n","protected":false},"excerpt":{"rendered":"<p>Acidente aconteceu no KM 482, na zona rural de Gouveia. Tr\u00eas pessoas foram socorridas ao Pronto Socorro Santa Izabel. Tr\u00eas pessoas ficaram feridas em um acidente na tarde desse s\u00e1bado, 24 de janeiro, na altura do quil\u00f4metro 482 da BR-259, na zona rural do munic\u00edpio de Gouveia, no Vale do Jequitinhonha. De acordo com o [&hellip;]<\/p>\n","protected":false},"author":1,"featured_media":32816,"comment_status":"open","ping_status":"closed","sticky":false,"template":"","format":"standard","meta":{"amp_status":"","footnotes":""},"categories":[120],"tags":[31304,31298,31297,31302,31300,198,2998,31301,31299,31303,31305],"class_list":["post-51018","post","type-post","status-publish","format-standard","has-post-thumbnail","hentry","category-jequi","tag-acidente-com-o-vice-prefeito-de-diamantina","tag-acidente-envolvendo-veiculo-da-prefeitura-de-diamantina","tag-acidente-envolvendo-veiculo-da-prefeitura-de-diamantina-deixa-tres-feridos-na-br-259","tag-ana-cristina-alves-de-souza","tag-cassio-antonio-moreira","tag-diamantina","tag-gouveia","tag-paulo-rios-de-souza-junior","tag-prefeitura-de-diamantina","tag-vice-prefeito-de-diamantina","tag-vice-prefeito-de-diamantina-fica-ferido-em-capotagem-na-br-259"],"_links":{"self":[{"href":"https:\/\/aconteceunovale.com.br\/portal\/index.php?rest_route=\/wp\/v2\/posts\/51018","targetHints":{"allow":["GET"]}}],"collection":[{"href":"https:\/\/aconteceunovale.com.br\/portal\/index.php?rest_route=\/wp\/v2\/posts"}],"about":[{"href":"https:\/\/aconteceunovale.com.br\/portal\/index.php?rest_route=\/wp\/v2\/types\/post"}],"author":[{"embeddable":true,"href":"https:\/\/aconteceunovale.com.br\/portal\/index.php?rest_route=\/wp\/v2\/users\/1"}],"replies":[{"embeddable":true,"href":"https:\/\/aconteceunovale.com.br\/portal\/index.php?rest_route=%2Fwp%2Fv2%2Fcomments&post=51018"}],"version-history":[{"count":0,"href":"https:\/\/aconteceunovale.com.br\/portal\/index.php?rest_route=\/wp\/v2\/posts\/51018\/revisions"}],"wp:featuredmedia":[{"embeddable":true,"href":"https:\/\/aconteceunovale.com.br\/portal\/index.php?rest_route=\/wp\/v2\/media\/32816"}],"wp:attachment":[{"href":"https:\/\/aconteceunovale.com.br\/portal\/index.php?rest_route=%2Fwp%2Fv2%2Fmedia&parent=51018"}],"wp:term":[{"taxonomy":"category","embeddable":true,"href":"https:\/\/aconteceunovale.com.br\/portal\/index.php?rest_route=%2Fwp%2Fv2%2Fcategories&post=51018"},{"taxonomy":"post_tag","embeddable":true,"href":"https:\/\/aconteceunovale.com.br\/portal\/index.php?rest_route=%2Fwp%2Fv2%2Ftags&post=51018"}],"curies":[{"name":"wp","href":"https:\/\/api.w.org\/{rel}","templated":true}]}}