{"id":51010,"date":"2015-01-25T11:46:21","date_gmt":"2015-01-25T14:46:21","guid":{"rendered":"http:\/\/aconteceunovale.com.br\/portal\/?p=51010"},"modified":"2015-01-25T11:46:21","modified_gmt":"2015-01-25T14:46:21","slug":"acidentes-deixam-quatro-pessoas-feridas-nas-brs-251-e-381-em-minas-gerais","status":"publish","type":"post","link":"https:\/\/aconteceunovale.com.br\/portal\/?p=51010","title":{"rendered":"Acidentes deixam quatro pessoas feridas nas BRs 251 e 381 em Minas Gerais"},"content":{"rendered":"<h4><strong><em>Em Francisco S\u00e1, um carro capotou depois de desviar de outro ve\u00edculo que fazia uma ultrapassagem proibida. Em Nova Era, uma mulher ficou ferida.<\/em><\/strong><\/h4>\n<p>Acidentes em duas rodovias federais que cortam o estado de Minas Gerais deixaram quatro pessoas feridas na manh\u00e3 deste domingo, 25 de janeiro. Na BR-381, em Nova Era, na Regi\u00e3o Central, uma pessoa se feriu depois que o ve\u00edculo dela capotou ao bater em um caminh\u00e3o. J\u00e1 na BR-251, em Francisco S\u00e1, Regi\u00e3o Norte do Estado, o capotamento de um autom\u00f3vel deixou outros tr\u00eas feridos. <\/p>\n<p>De acordo com a Pol\u00edcia Rodovi\u00e1ria Federal (PRF), o Corsa seguia em dire\u00e7\u00e3o a Francisco S\u00e1 quando, na altura do quil\u00f4metro 507, quando foi surpreendido por outro carro que invadiu a contram\u00e3o ao tentar uma manobra proibida. A condutora tentou desviar, saiu para fora da pista e o autom\u00f3vel acabou capotando v\u00e1rias vezes. <\/p>\n<p>No carro estavam cinco pessoas, mas a condutora e o pai dela n\u00e3o sofreram ferimentos. As v\u00edtimas foram socorridas pelo Corpo de Bombeiros e o Servi\u00e7o de Atendimento M\u00f3vel de Urg\u00eancia (Samu) e encaminhadas para a Santa Casa de Montes Claros. <\/p>\n<p>O motorista que fez a ultrapassagem proibida seguiu viagem normalmente e ainda n\u00e3o foi identificado. <\/p>\n<h4>Em Nova Era <\/h4>\n<p>Em outra rodovia do estado, um carro capotou depois de bater em um caminh\u00e3o-ba\u00fa. De acordo com a PRF, o acidente aconteceu no km 332 da BR-381. A v\u00edtima foi socorrida pelo Grupo de Atendimento Volunt\u00e1rio de Emerg\u00eancia (GAVE) e encaminhada para o Hospital Margarida com ferimentos leves. <\/p>\n<p>O transito ficou parcialmente interditado na rodovia, o que deixou o tr\u00e2nsito lento na regi\u00e3o.<\/p>\n<p><img decoding=\"async\" src=\"http:\/\/aconteceunovale.com.br\/portal\/wp-content\/uploads\/2015\/01\/acidente_nova_era_25_1.jpg\" alt=\"\" \/><em>Carro capotou na BR-381, em Nova Era, Regi\u00e3o Central de Minas Gerais &#8211; Foto: GAVE\/Divulga\u00e7\u00e3o<\/em><br \/>\n<\/br><\/p>\n<p><strong><em>(Estado de Minas)<\/em><\/strong><\/p>\n","protected":false},"excerpt":{"rendered":"<p>Em Francisco S\u00e1, um carro capotou depois de desviar de outro ve\u00edculo que fazia uma ultrapassagem proibida. Em Nova Era, uma mulher ficou ferida. Acidentes em duas rodovias federais que cortam o estado de Minas Gerais deixaram quatro pessoas feridas na manh\u00e3 deste domingo, 25 de janeiro. Na BR-381, em Nova Era, na Regi\u00e3o Central, [&hellip;]<\/p>\n","protected":false},"author":1,"featured_media":51011,"comment_status":"open","ping_status":"closed","sticky":false,"template":"","format":"standard","meta":{"amp_status":"","footnotes":""},"categories":[123],"tags":[20919,31275,31274,31276,1395,210,1103],"class_list":["post-51010","post","type-post","status-publish","format-standard","has-post-thumbnail","hentry","category-gerais","tag-acidente-em-nova-era","tag-acidente-na-br-251-em-francisco-sa","tag-acidente-na-br-381-em-nova-era","tag-acidentes-deixam-quatro-pessoas-feridas-nas-brs-251-e-381-em-minas-gerais","tag-francisco-sa","tag-montes-claros","tag-nova-era"],"_links":{"self":[{"href":"https:\/\/aconteceunovale.com.br\/portal\/index.php?rest_route=\/wp\/v2\/posts\/51010","targetHints":{"allow":["GET"]}}],"collection":[{"href":"https:\/\/aconteceunovale.com.br\/portal\/index.php?rest_route=\/wp\/v2\/posts"}],"about":[{"href":"https:\/\/aconteceunovale.com.br\/portal\/index.php?rest_route=\/wp\/v2\/types\/post"}],"author":[{"embeddable":true,"href":"https:\/\/aconteceunovale.com.br\/portal\/index.php?rest_route=\/wp\/v2\/users\/1"}],"replies":[{"embeddable":true,"href":"https:\/\/aconteceunovale.com.br\/portal\/index.php?rest_route=%2Fwp%2Fv2%2Fcomments&post=51010"}],"version-history":[{"count":0,"href":"https:\/\/aconteceunovale.com.br\/portal\/index.php?rest_route=\/wp\/v2\/posts\/51010\/revisions"}],"wp:featuredmedia":[{"embeddable":true,"href":"https:\/\/aconteceunovale.com.br\/portal\/index.php?rest_route=\/wp\/v2\/media\/51011"}],"wp:attachment":[{"href":"https:\/\/aconteceunovale.com.br\/portal\/index.php?rest_route=%2Fwp%2Fv2%2Fmedia&parent=51010"}],"wp:term":[{"taxonomy":"category","embeddable":true,"href":"https:\/\/aconteceunovale.com.br\/portal\/index.php?rest_route=%2Fwp%2Fv2%2Fcategories&post=51010"},{"taxonomy":"post_tag","embeddable":true,"href":"https:\/\/aconteceunovale.com.br\/portal\/index.php?rest_route=%2Fwp%2Fv2%2Ftags&post=51010"}],"curies":[{"name":"wp","href":"https:\/\/api.w.org\/{rel}","templated":true}]}}