{"id":50989,"date":"2015-01-24T18:44:09","date_gmt":"2015-01-24T21:44:09","guid":{"rendered":"http:\/\/aconteceunovale.com.br\/portal\/?p=50989"},"modified":"2015-01-24T19:09:14","modified_gmt":"2015-01-24T22:09:14","slug":"acidente-entre-carros-deixa-um-morto-e-seis-feridos-na-br-116-no-vale-do-jequitinhonha","status":"publish","type":"post","link":"https:\/\/aconteceunovale.com.br\/portal\/?p=50989","title":{"rendered":"Acidente entre carros deixa um morto e seis feridos na BR-116 no Vale do Jequitinhonha"},"content":{"rendered":"<h4><strong><em>Acidente envolvendo um Uno de Tupanatinga (PE) e um Corsa de Guarulhos (SP) aconteceu no munic\u00edpio de Padre Para\u00edso. Uma pessoa morreu e seis ficaram feridas.<\/em><\/strong><\/h4>\n<p>Uma pessoa morreu e seis ficaram feridas em um grave acidente na manh\u00e3 deste s\u00e1bado, 24 de janeiro, na BR-116, no munic\u00edpio de Padre Para\u00edso, no Vale do Jequitinhonha. <\/p>\n<p>De acordo com informa\u00e7\u00f5es do Corpo de Bombeiros, por volta das 6 horas da manh\u00e3, um ve\u00edculo Fiat Uno, placas KJE-7313, de Tupanatinga (PE) e um Corsa Pick-Up, com placas de Guarulhos (SP), colidiram frontalmente no quil\u00f4metro 165 da rodovia. <\/p>\n<p><img decoding=\"async\" src=\"http:\/\/aconteceunovale.com.br\/portal\/wp-content\/uploads\/2015\/01\/acidente_pp_24_1_4.jpg\" alt=\"\" \/><em>Acidente aconteceu no munic\u00edpio de Padre Para\u00edso (MG) &#8211; Foto: WhatsApp do Aconteceu no Vale<\/em><br \/>\n<\/br><\/p>\n<p>Com o impacto da batida, o condutor do Uno, Rubens Pereira Cavalcante, de 53 anos, n\u00e3o resistiu aos ferimentos e morreu no local. No carro tamb\u00e9m estavam Laudic\u00e9ia Pereira de Barros, de 35 anos, Karoline Maria de Barros Oliveira, de 12 anos, Karlos Emanuel Cavalcante, de 7 anos, e Karlla Emanuely Gomes, de 5 anos, que sofreram ferimentos.<\/p>\n<p>J\u00e1 os dois ocupantes do Corsa foram identificados como Jorge Gon\u00e7alves dos Santos, de 41 anos, e Ant\u00f4nio Gon\u00e7alves dos Santos, de 60 anos. Segundo os bombeiros, eles tiveram traumatismo craniano leve. Todas as v\u00edtimas foram socorridas por equipes do Corpo de Bombeiros e do Servi\u00e7o de Atendimento M\u00f3vel de Urg\u00eancia (Samu) e encaminhadas para atendimento m\u00e9dico no Hospital Nossa Senhora M\u00e3e da Igreja, em Padre Para\u00edso. <\/p>\n<p>As causas do acidente ser\u00e3o investigadas. A Per\u00edcia T\u00e9cnica da Pol\u00edcia Civil foi acionada e ap\u00f3s os procedimentos de praxe, o corpo foi encaminhado para o Instituto M\u00e9dico Legal (IML) de Te\u00f3filo Otoni.<\/p>\n<p><img decoding=\"async\" src=\"http:\/\/aconteceunovale.com.br\/portal\/wp-content\/uploads\/2015\/01\/acidente_pp_24_1_5.jpg\" alt=\"\" \/><em>Acidente aconteceu no munic\u00edpio de Padre Para\u00edso (MG) &#8211; Foto: WhatsApp do Aconteceu no Vale<\/em><br \/>\n<\/br><\/p>\n<p><img decoding=\"async\" src=\"http:\/\/aconteceunovale.com.br\/portal\/wp-content\/uploads\/2015\/01\/acidente_pp_24_1_1.jpg\" alt=\"\" \/><em>Acidente aconteceu no munic\u00edpio de Padre Para\u00edso (MG) &#8211; Foto: WhatsApp do Aconteceu no Vale<\/em><br \/>\n<\/br><\/p>\n<p><img decoding=\"async\" src=\"http:\/\/aconteceunovale.com.br\/portal\/wp-content\/uploads\/2015\/01\/acidente_pp_24_1_2.jpg\" alt=\"\" \/><em>Acidente aconteceu no munic\u00edpio de Padre Para\u00edso (MG) &#8211; Foto: WhatsApp do Aconteceu no Vale<\/em><br \/>\n<\/br><\/p>\n<p><img decoding=\"async\" src=\"http:\/\/aconteceunovale.com.br\/portal\/wp-content\/uploads\/2015\/01\/acidente_pp_24_1_3.jpg\" alt=\"\" \/><em>Acidente aconteceu no munic\u00edpio de Padre Para\u00edso (MG) &#8211; Foto: WhatsApp do Aconteceu no Vale<\/em><br \/>\n<\/br><\/p>\n<p><img decoding=\"async\" src=\"http:\/\/aconteceunovale.com.br\/portal\/wp-content\/uploads\/2015\/01\/acidente_pp_24_1_6.jpg\" alt=\"\" \/><em>Acidente aconteceu no munic\u00edpio de Padre Para\u00edso (MG) &#8211; Foto: WhatsApp do Aconteceu no Vale<\/em><\/p>\n","protected":false},"excerpt":{"rendered":"<p>Acidente envolvendo um Uno de Tupanatinga (PE) e um Corsa de Guarulhos (SP) aconteceu no munic\u00edpio de Padre Para\u00edso. Uma pessoa morreu e seis ficaram feridas. Uma pessoa morreu e seis ficaram feridas em um grave acidente na manh\u00e3 deste s\u00e1bado, 24 de janeiro, na BR-116, no munic\u00edpio de Padre Para\u00edso, no Vale do Jequitinhonha. [&hellip;]<\/p>\n","protected":false},"author":1,"featured_media":50993,"comment_status":"open","ping_status":"closed","sticky":false,"template":"","format":"standard","meta":{"amp_status":"","footnotes":""},"categories":[120],"tags":[31237,31235,31234,31238,31239,31247,31246,31236,31249,31248,10774,1018,4611,31245,31244,31243,31242,31241,572,31240,164,31233],"class_list":["post-50989","post","type-post","status-publish","format-standard","has-post-thumbnail","hentry","category-jequi","tag-acidente-com-corsa-de-guarulhos","tag-acidente-com-familia-de-tupanatinga","tag-acidente-com-fiat-uno-de-tupanatinga","tag-acidente-com-moradores-de-guarulhos","tag-acidente-com-moradores-de-tupanatinga","tag-acidente-com-uno-de-tupanatinga-em-minas-gerais","tag-acidente-com-uno-de-tupanatinga-na-br-116","tag-acidente-com-veiculo-de-tupanatinga","tag-acidente-entre-carros-deixa-um-morto-e-seis-feridos-na-br-116-em-padre-paraiso","tag-acidente-entre-carros-deixa-um-morto-e-seis-feridos-na-br-116-no-vale-do-jequitinhonha","tag-antonio-goncalves-dos-santos","tag-destaque","tag-guarulhos","tag-jorge-goncalves-dos-santos","tag-karlla-emanuely-gomes","tag-karlos-emanuel-cavalcante","tag-karoline-maria-de-barros-oliveira","tag-laudiceia-pereira-de-barros","tag-padre-paraiso","tag-rubens-pereira-cavalcante","tag-teofilo-otoni","tag-tupanatinga"],"_links":{"self":[{"href":"https:\/\/aconteceunovale.com.br\/portal\/index.php?rest_route=\/wp\/v2\/posts\/50989","targetHints":{"allow":["GET"]}}],"collection":[{"href":"https:\/\/aconteceunovale.com.br\/portal\/index.php?rest_route=\/wp\/v2\/posts"}],"about":[{"href":"https:\/\/aconteceunovale.com.br\/portal\/index.php?rest_route=\/wp\/v2\/types\/post"}],"author":[{"embeddable":true,"href":"https:\/\/aconteceunovale.com.br\/portal\/index.php?rest_route=\/wp\/v2\/users\/1"}],"replies":[{"embeddable":true,"href":"https:\/\/aconteceunovale.com.br\/portal\/index.php?rest_route=%2Fwp%2Fv2%2Fcomments&post=50989"}],"version-history":[{"count":0,"href":"https:\/\/aconteceunovale.com.br\/portal\/index.php?rest_route=\/wp\/v2\/posts\/50989\/revisions"}],"wp:featuredmedia":[{"embeddable":true,"href":"https:\/\/aconteceunovale.com.br\/portal\/index.php?rest_route=\/wp\/v2\/media\/50993"}],"wp:attachment":[{"href":"https:\/\/aconteceunovale.com.br\/portal\/index.php?rest_route=%2Fwp%2Fv2%2Fmedia&parent=50989"}],"wp:term":[{"taxonomy":"category","embeddable":true,"href":"https:\/\/aconteceunovale.com.br\/portal\/index.php?rest_route=%2Fwp%2Fv2%2Fcategories&post=50989"},{"taxonomy":"post_tag","embeddable":true,"href":"https:\/\/aconteceunovale.com.br\/portal\/index.php?rest_route=%2Fwp%2Fv2%2Ftags&post=50989"}],"curies":[{"name":"wp","href":"https:\/\/api.w.org\/{rel}","templated":true}]}}