{"id":50986,"date":"2015-01-24T18:16:25","date_gmt":"2015-01-24T21:16:25","guid":{"rendered":"http:\/\/aconteceunovale.com.br\/portal\/?p=50986"},"modified":"2015-01-24T18:16:25","modified_gmt":"2015-01-24T21:16:25","slug":"justica-determina-interdicao-do-presidio-regional-de-montes-claros","status":"publish","type":"post","link":"https:\/\/aconteceunovale.com.br\/portal\/?p=50986","title":{"rendered":"Justi\u00e7a determina interdi\u00e7\u00e3o do Pres\u00eddio Regional de Montes Claros"},"content":{"rendered":"<h4><strong><em>Pedido foi feito pela Pastoral Carcer\u00e1ria, Defensoria e Minist\u00e9rio P\u00fablico. Com capacidade para 592 detentos, local abriga 1.035.<\/em><\/strong><\/h4>\n<p>Por ordem da Justi\u00e7a de Minas Gerais, o Pres\u00eddio Regional de Montes Claros, Norte de Minas, localizado no Bairro Jaragu\u00e1 II, na Avenida Ant\u00f4nio de Freitas, foi interditado nessa sexta-feira (23). A decis\u00e3o determina que n\u00e3o ser\u00e3o mais aceitos presos no local devido a superlota\u00e7\u00e3o.<\/p>\n<p>Com capacidade para 592 detentos, o local abriga 1.035, sendo que 300 deles s\u00e3o de outras regi\u00f5es. O pedido da interdi\u00e7\u00e3o foi realizado pela Pastoral Carcer\u00e1ria, Defensoria e Minist\u00e9rio P\u00fablico que tamb\u00e9m denunciou problemas com assist\u00eancia m\u00e9dica e abastecimento de \u00e1gua.<\/p>\n<p>Em nota, a Secretaria de Estado de Defesa Social (Seds) informou que recebeu a notifica\u00e7\u00e3o da Justi\u00e7a para interditar o Pres\u00eddio Regional de Montes Claros e que est\u00e1 cumprindo a determina\u00e7\u00e3o. Os presos que seriam encaminhados para o pres\u00eddio, ir\u00e3o para unidades da regi\u00e3o. A nova gest\u00e3o da Seds informa, ainda, que est\u00e1 tomando conhecimento dos procedimentos, a\u00e7\u00f5es, programas e melhorias que precisam ser realizadas no sistema prisional.<\/p>\n<p>De acordo com o delegado Giovani Siervi, os trabalhos da Pol\u00edcia Civil em Montes Claros n\u00e3o ser\u00e3o alterados. &#8220;N\u00f3s entendemos no sentido que a pr\u00f3pria Subsecretaria de Administra\u00e7\u00e3o Prisional (Suapi) compareceria na Delegacia de Plant\u00e3o e levaria os presos autuados at\u00e9 o estabelecimento prisional mais pr\u00f3ximo administrado por ela&#8221;, diz o delegado ap\u00f3s ser notificado da decis\u00e3o na \u00faltima sexta-feira (23).<\/p>\n<p><img decoding=\"async\" src=\"http:\/\/aconteceunovale.com.br\/portal\/wp-content\/uploads\/2015\/01\/interdicao_presidio_moc.jpg\" alt=\"\" \/><em>Pres\u00eddio tem capacidade para 592 detentos, mas abriga 1035 &#8211; Foto: Dione Afonso \/ Hoje em Dia<\/em><br \/>\n<\/br><\/p>\n<p><strong><em>(Inter TV Grande Minas)<\/em><\/strong><\/p>\n","protected":false},"excerpt":{"rendered":"<p>Pedido foi feito pela Pastoral Carcer\u00e1ria, Defensoria e Minist\u00e9rio P\u00fablico. Com capacidade para 592 detentos, local abriga 1.035. Por ordem da Justi\u00e7a de Minas Gerais, o Pres\u00eddio Regional de Montes Claros, Norte de Minas, localizado no Bairro Jaragu\u00e1 II, na Avenida Ant\u00f4nio de Freitas, foi interditado nessa sexta-feira (23). A decis\u00e3o determina que n\u00e3o ser\u00e3o [&hellip;]<\/p>\n","protected":false},"author":1,"featured_media":50987,"comment_status":"open","ping_status":"closed","sticky":false,"template":"","format":"standard","meta":{"amp_status":"","footnotes":""},"categories":[1236],"tags":[31231,31229,31232,210,9414,31230],"class_list":["post-50986","post","type-post","status-publish","format-standard","has-post-thumbnail","hentry","category-norte_de_minas","tag-giovani-siervi","tag-interdicao-do-presidio-regional-de-montes-claros","tag-justica-determina-interdicao-do-presidio-regional-de-montes-claros","tag-montes-claros","tag-presidio-regional-de-montes-claros","tag-presidio-regional-de-montes-claros-interditado"],"_links":{"self":[{"href":"https:\/\/aconteceunovale.com.br\/portal\/index.php?rest_route=\/wp\/v2\/posts\/50986","targetHints":{"allow":["GET"]}}],"collection":[{"href":"https:\/\/aconteceunovale.com.br\/portal\/index.php?rest_route=\/wp\/v2\/posts"}],"about":[{"href":"https:\/\/aconteceunovale.com.br\/portal\/index.php?rest_route=\/wp\/v2\/types\/post"}],"author":[{"embeddable":true,"href":"https:\/\/aconteceunovale.com.br\/portal\/index.php?rest_route=\/wp\/v2\/users\/1"}],"replies":[{"embeddable":true,"href":"https:\/\/aconteceunovale.com.br\/portal\/index.php?rest_route=%2Fwp%2Fv2%2Fcomments&post=50986"}],"version-history":[{"count":0,"href":"https:\/\/aconteceunovale.com.br\/portal\/index.php?rest_route=\/wp\/v2\/posts\/50986\/revisions"}],"wp:featuredmedia":[{"embeddable":true,"href":"https:\/\/aconteceunovale.com.br\/portal\/index.php?rest_route=\/wp\/v2\/media\/50987"}],"wp:attachment":[{"href":"https:\/\/aconteceunovale.com.br\/portal\/index.php?rest_route=%2Fwp%2Fv2%2Fmedia&parent=50986"}],"wp:term":[{"taxonomy":"category","embeddable":true,"href":"https:\/\/aconteceunovale.com.br\/portal\/index.php?rest_route=%2Fwp%2Fv2%2Fcategories&post=50986"},{"taxonomy":"post_tag","embeddable":true,"href":"https:\/\/aconteceunovale.com.br\/portal\/index.php?rest_route=%2Fwp%2Fv2%2Ftags&post=50986"}],"curies":[{"name":"wp","href":"https:\/\/api.w.org\/{rel}","templated":true}]}}