{"id":50976,"date":"2015-01-24T13:27:50","date_gmt":"2015-01-24T16:27:50","guid":{"rendered":"http:\/\/aconteceunovale.com.br\/portal\/?p=50976"},"modified":"2015-01-24T13:30:34","modified_gmt":"2015-01-24T16:30:34","slug":"onze-pessoas-sao-detidas-pela-policia-militar-na-regiao-de-diamantina","status":"publish","type":"post","link":"https:\/\/aconteceunovale.com.br\/portal\/?p=50976","title":{"rendered":"Onze pessoas s\u00e3o detidas pela Pol\u00edcia Militar na regi\u00e3o de Diamantina"},"content":{"rendered":"<h4><strong><em>Entre os presos est\u00e1 o autor de um homic\u00eddio em Couto Magalh\u00e3es de Minas.<\/em><\/strong><\/h4>\n<p>Onze pessoas foram detidas na quarta e quinta-feira desta semana por militares do 3\u00ba Batalh\u00e3o. Entre os presos est\u00e3o o autor de um homic\u00eddio em Couto Magalh\u00e3es, o condutor de um ve\u00edculo com queixa de furto\/roubo, e um grupo flagrado com maconha no bairro Jardim Imperial.<\/p>\n<p><img decoding=\"async\" src=\"http:\/\/aconteceunovale.com.br\/portal\/wp-content\/uploads\/2015\/01\/presos_dtna.jpg\" alt=\"\" \/><em>Ve\u00edculo foi apreendido em Couto Magalh\u00e3es de Minas. J\u00e1 a droga foi encontrada durante patrulhamento no bairro Jardim Imperial, em Diamantina &#8211; Fotos: 3\u00ba BPM<\/em><br \/>\n<\/br><\/p>\n<p>Na quinta-feira (22), um rapaz de 25 anos foi preso ap\u00f3s matar um adolescente de 17 na Avenida Esplanada, em Couto Magalh\u00e3es de Minas. De acordo com a Assessoria de Comunica\u00e7\u00e3o Organizacional do 3\u00ba BPM, militares compareceram ao local do crime e depararam com Paulo Henrique da Silva ca\u00eddo em meio a um pasto, com uma perfura\u00e7\u00e3o no pesco\u00e7o. A v\u00edtima foi socorrida, mas n\u00e3o resistiu ao ferimento e veio a \u00f3bito.<\/p>\n<p>Os militares iniciaram rastreamentos e localizaram em sua casa. Ele foi preso e conduzido \u00e0 Delegacia de Pol\u00edcia em Diamantina para demais provid\u00eancias. A arma do crime n\u00e3o foi localizada.<\/p>\n<h4>Ve\u00edculo furtado \u00e9 localizado<\/h4>\n<p>Na quarta-feira (21), militares receberam informa\u00e7\u00f5es de que havia uma caminhonete Fiat Strada, possivelmente clonada na cidade de Couto Magalh\u00e3es de Minas. Ap\u00f3s dilig\u00eancias, foi constatado que o ve\u00edculo estava com queixa de furto\/roubo. Diante dos fatos, o condutor foi preso e o carro removido para um p\u00e1tio credenciado.<\/p>\n<h4>Detidos com maconha<\/h4>\n<p>Ainda na quarta-feira, nove pessoas foram detidas durante patrulhamento no bairro Jardim Imperial, em Diamantina. De acordo com a PM, durante busca pessoal, foi encontrado ao lado de um dos suspeitos, cerca de 8,7 gramas de maconha. O grupo, composto por alguns menores de idade, foi conduzido a Delegacia de Pol\u00edcia para demais provid\u00eancias.<\/p>\n<p><em>(Fonte: Assessoria de Comunica\u00e7\u00e3o Organizacional do 3\u00ba Batalh\u00e3o de Pol\u00edcia Militar de Minas Gerais)<\/em><\/p>\n","protected":false},"excerpt":{"rendered":"<p>Entre os presos est\u00e1 o autor de um homic\u00eddio em Couto Magalh\u00e3es de Minas. Onze pessoas foram detidas na quarta e quinta-feira desta semana por militares do 3\u00ba Batalh\u00e3o. Entre os presos est\u00e3o o autor de um homic\u00eddio em Couto Magalh\u00e3es, o condutor de um ve\u00edculo com queixa de furto\/roubo, e um grupo flagrado com [&hellip;]<\/p>\n","protected":false},"author":1,"featured_media":50977,"comment_status":"open","ping_status":"closed","sticky":false,"template":"","format":"standard","meta":{"amp_status":"","footnotes":""},"categories":[120],"tags":[31225,5618,198,31223,31226,11416,31224],"class_list":["post-50976","post","type-post","status-publish","format-standard","has-post-thumbnail","hentry","category-jequi","tag-3o-batalhao-de-policia-militar-em-diamantina","tag-couto-magalhaes-de-minas","tag-diamantina","tag-ocorrencias-da-policia-militar-em-diamantina","tag-onze-pessoas-sao-detidas-pela-policia-militar-na-regiao-de-diamantina","tag-paulo-henrique-da-silva","tag-policia-militar-de-diamantina"],"_links":{"self":[{"href":"https:\/\/aconteceunovale.com.br\/portal\/index.php?rest_route=\/wp\/v2\/posts\/50976","targetHints":{"allow":["GET"]}}],"collection":[{"href":"https:\/\/aconteceunovale.com.br\/portal\/index.php?rest_route=\/wp\/v2\/posts"}],"about":[{"href":"https:\/\/aconteceunovale.com.br\/portal\/index.php?rest_route=\/wp\/v2\/types\/post"}],"author":[{"embeddable":true,"href":"https:\/\/aconteceunovale.com.br\/portal\/index.php?rest_route=\/wp\/v2\/users\/1"}],"replies":[{"embeddable":true,"href":"https:\/\/aconteceunovale.com.br\/portal\/index.php?rest_route=%2Fwp%2Fv2%2Fcomments&post=50976"}],"version-history":[{"count":0,"href":"https:\/\/aconteceunovale.com.br\/portal\/index.php?rest_route=\/wp\/v2\/posts\/50976\/revisions"}],"wp:featuredmedia":[{"embeddable":true,"href":"https:\/\/aconteceunovale.com.br\/portal\/index.php?rest_route=\/wp\/v2\/media\/50977"}],"wp:attachment":[{"href":"https:\/\/aconteceunovale.com.br\/portal\/index.php?rest_route=%2Fwp%2Fv2%2Fmedia&parent=50976"}],"wp:term":[{"taxonomy":"category","embeddable":true,"href":"https:\/\/aconteceunovale.com.br\/portal\/index.php?rest_route=%2Fwp%2Fv2%2Fcategories&post=50976"},{"taxonomy":"post_tag","embeddable":true,"href":"https:\/\/aconteceunovale.com.br\/portal\/index.php?rest_route=%2Fwp%2Fv2%2Ftags&post=50976"}],"curies":[{"name":"wp","href":"https:\/\/api.w.org\/{rel}","templated":true}]}}