{"id":50973,"date":"2015-01-24T12:22:19","date_gmt":"2015-01-24T15:22:19","guid":{"rendered":"http:\/\/aconteceunovale.com.br\/portal\/?p=50973"},"modified":"2015-01-24T12:22:19","modified_gmt":"2015-01-24T15:22:19","slug":"governo-federal-atuara-em-parceria-com-minas-gerais-para-combater-crise-da-agua","status":"publish","type":"post","link":"https:\/\/aconteceunovale.com.br\/portal\/?p=50973","title":{"rendered":"Governo federal atuar\u00e1 em parceria com Minas Gerais para combater crise da \u00e1gua"},"content":{"rendered":"<h4><strong><em>Presidente Dilma Rousseff e ministro da Integra\u00e7\u00e3o Nacional, Gilberto Occhi, conversaram nesta sexta-feira com governador Fernando Pimentel<\/em><\/strong><\/h4>\n<p>Logo ap\u00f3s o governo mineiro anunciar medidas para combater a crise de abastecimento de \u00e1gua em Minas Gerais, o governo federal assegurou que est\u00e1 pronto para atuar em parceria e buscar solu\u00e7\u00f5es junto com o Estado. A presidente Dilma Rousseff garantiu nesta sexta-feira (23) o apoio ao Estado. \u201cA presidente me prop\u00f4s uma audi\u00eancia na semana que vem, j\u00e1 levando os projetos do Estado para come\u00e7armos a negocia\u00e7\u00e3o com o governo federal. Eu n\u00e3o tenho d\u00favidas que n\u00e3o vai faltar apoio a Minas Gerais\u201d, informou o governador Fernando Pimentel. O governador tamb\u00e9m disse ter mantido, nesta sexta-feira, contato com o governador do Rio de Janeiro, Luiz Fernando Pez\u00e3o.<\/p>\n<p>Ainda na pr\u00f3xima semana, t\u00e9cnicos do Minist\u00e9rio da Integra\u00e7\u00e3o Nacional vir\u00e3o a Minas para ajudar nos projetos. Essa visita foi acertada pelo governador com o ministro Gilberto Occhi. Refor\u00e7ando a parceria com o governo federal, a ministra do Meio Ambiente, Izabella Teixeira, afirmou que n\u00e3o medir\u00e1 esfor\u00e7os para ajudar Minas Gerais.<\/p>\n<p>O secret\u00e1rio de Estado de Planejamento e Gest\u00e3o, Helv\u00e9cio Magalh\u00e3es, ressaltou a necessidade de retomar o papel efetivo do Estado planejador e respons\u00e1vel pela quest\u00e3o do saneamento e do abastecimento de \u00e1gua em todo o Estado. \u201cVamos com a Copasa, em especial, Defesa Civil, que passa a estar no centro dessas quest\u00f5es pela sua capilaridade, responsabilidade junto a todas as prefeituras do Estado, colocando esse problema como um problema do Governo do Estado\u201d, afirmou.<\/p>\n<p>Ele lembrou que existem projetos \u00e0s vezes concorrentes dentro do pr\u00f3prio governo sem articula\u00e7\u00e3o alguma, al\u00e9m de projetos do governo federal no semi\u00e1rido mineiro, que eram desconhecidos. \u201cEnt\u00e3o, essa \u00e9 a primeira quest\u00e3o: restabelecer e efetivar um plano estadual de saneamento incluindo a oferta de \u00e1gua de qualidade suficiente, e essa for\u00e7a-tarefa estar\u00e1 no centro do governo, acompanhada pessoalmente pelo governador\u201d, destacou. (Ag\u00eancia Minas)<\/p>\n","protected":false},"excerpt":{"rendered":"<p>Presidente Dilma Rousseff e ministro da Integra\u00e7\u00e3o Nacional, Gilberto Occhi, conversaram nesta sexta-feira com governador Fernando Pimentel Logo ap\u00f3s o governo mineiro anunciar medidas para combater a crise de abastecimento de \u00e1gua em Minas Gerais, o governo federal assegurou que est\u00e1 pronto para atuar em parceria e buscar solu\u00e7\u00f5es junto com o Estado. A presidente [&hellip;]<\/p>\n","protected":false},"author":1,"featured_media":50974,"comment_status":"open","ping_status":"closed","sticky":false,"template":"","format":"standard","meta":{"amp_status":"","footnotes":""},"categories":[123],"tags":[31220,2162,16168,11664,12826,31219,31222,28349,31221,19238,11662],"class_list":["post-50973","post","type-post","status-publish","format-standard","has-post-thumbnail","hentry","category-gerais","tag-crise-de-abastecimento-de-agua-em-minas-gerais","tag-dilma-rousseff","tag-estiagem-em-minas-gerais","tag-falta-de-agua-em-minas-gerais","tag-fernando-pimentel","tag-gilberto-occhi","tag-governo-federal-atuara-em-parceria-com-minas-gerais-para-combater-crise-da-agua","tag-helvecio-magalhaes","tag-luiz-fernando-pezao","tag-presidente-dilma-rousseff","tag-seca-em-minas-gerais"],"_links":{"self":[{"href":"https:\/\/aconteceunovale.com.br\/portal\/index.php?rest_route=\/wp\/v2\/posts\/50973","targetHints":{"allow":["GET"]}}],"collection":[{"href":"https:\/\/aconteceunovale.com.br\/portal\/index.php?rest_route=\/wp\/v2\/posts"}],"about":[{"href":"https:\/\/aconteceunovale.com.br\/portal\/index.php?rest_route=\/wp\/v2\/types\/post"}],"author":[{"embeddable":true,"href":"https:\/\/aconteceunovale.com.br\/portal\/index.php?rest_route=\/wp\/v2\/users\/1"}],"replies":[{"embeddable":true,"href":"https:\/\/aconteceunovale.com.br\/portal\/index.php?rest_route=%2Fwp%2Fv2%2Fcomments&post=50973"}],"version-history":[{"count":0,"href":"https:\/\/aconteceunovale.com.br\/portal\/index.php?rest_route=\/wp\/v2\/posts\/50973\/revisions"}],"wp:featuredmedia":[{"embeddable":true,"href":"https:\/\/aconteceunovale.com.br\/portal\/index.php?rest_route=\/wp\/v2\/media\/50974"}],"wp:attachment":[{"href":"https:\/\/aconteceunovale.com.br\/portal\/index.php?rest_route=%2Fwp%2Fv2%2Fmedia&parent=50973"}],"wp:term":[{"taxonomy":"category","embeddable":true,"href":"https:\/\/aconteceunovale.com.br\/portal\/index.php?rest_route=%2Fwp%2Fv2%2Fcategories&post=50973"},{"taxonomy":"post_tag","embeddable":true,"href":"https:\/\/aconteceunovale.com.br\/portal\/index.php?rest_route=%2Fwp%2Fv2%2Ftags&post=50973"}],"curies":[{"name":"wp","href":"https:\/\/api.w.org\/{rel}","templated":true}]}}