{"id":50971,"date":"2015-01-24T12:14:27","date_gmt":"2015-01-24T15:14:27","guid":{"rendered":"http:\/\/aconteceunovale.com.br\/portal\/?p=50971"},"modified":"2015-01-24T12:14:27","modified_gmt":"2015-01-24T15:14:27","slug":"uba-decreta-situacao-de-emergencia-por-causa-da-estiagem-e-crise-de-abastecimento","status":"publish","type":"post","link":"https:\/\/aconteceunovale.com.br\/portal\/?p=50971","title":{"rendered":"Ub\u00e1 decreta situa\u00e7\u00e3o de emerg\u00eancia por causa da estiagem e crise de abastecimento"},"content":{"rendered":"<h4><strong><em>Decreto assinado pelo prefeito pro\u00edbe lava\u00e7\u00f5es de cal\u00e7adas, ve\u00edculos e abastecimento de piscinas.<\/em><\/strong><\/h4>\n<p>Ub\u00e1, munic\u00edpio da Zona da Mata Mineira, decretou situa\u00e7\u00e3o de emerg\u00eancia nessa sexta-feira, 23 de janeiro, por causa da estiagem e crise no abastecimento de \u00e1gua pot\u00e1vel. Desde novembro, 27 munic\u00edpios decretaram emerg\u00eancia em Minas. Ub\u00e1 foi inserida na lista da Copasa como uma das que apresentava problemas de abastecimento. Ontem a companhia divulgou quais eram as localidades em situa\u00e7\u00e3o de colapso.<\/p>\n<p>O decreto assinado pelo prefeito do Ub\u00e1, Vadinho Bai\u00e3o, autoriza a mobiliza\u00e7\u00e3o de todos os \u00f3rg\u00e3os municipais para atuarem junto \u00e0 Coordenadoria Municipal de Prote\u00e7\u00e3o e Defesa Civil, nas a\u00e7\u00f5es de resposta e reabilita\u00e7\u00e3o do cen\u00e1rio de normalidade de abastecimento de \u00e1gua pot\u00e1vel. O artigo 6\u00ba do decreto estabelece que durante o per\u00edodo de vig\u00eancia da \u201csitua\u00e7\u00e3o de emerg\u00eancia\u201d ficam proibidas as lava\u00e7\u00f5es de cal\u00e7adas, frente de im\u00f3veis ou vias p\u00fablicas com \u00e1gua tratada mediante uso de mangueiras ou similares. Tamb\u00e9m est\u00e1 vetadas as lava\u00e7\u00f5es de ve\u00edculos, m\u00e1quinas, quintais e \u00e1reas externas \u00e0s resid\u00eancias. Por fim, o decreto pro\u00edbe o abastecimento de piscinas e situa\u00e7\u00f5es que n\u00e3o se adequem ao uso racional da \u00e1gua para consumo humano que possam caracterizar desperd\u00edcio.<\/p>\n<p>A Prefeitura de Ub\u00e1 encaminhou \u00e0 C\u00e2mara Municipal o Projeto de Lei (PL) sobre a revis\u00e3o do Plano de Gest\u00e3o dos Servi\u00e7os de Abastecimento de \u00c1gua Pot\u00e1vel e Esgotamento Sanit\u00e1rio para aprecia\u00e7\u00e3o dos vereadores. A discuss\u00e3o e posterior aprova\u00e7\u00e3o do PL encaminhado \u00e0 C\u00e2mara \u00e9 um dos passos para uma nova concess\u00e3o de gest\u00e3o dos recursos h\u00eddricos de Ub\u00e1, visto que o plano prev\u00ea prioridades de investimentos para os servi\u00e7os de \u00e1gua pot\u00e1vel, coleta e tratamento de esgoto sanit\u00e1rio no munic\u00edpio para os pr\u00f3ximos 35 anos. <\/p>\n<p>Diante da escassez de \u00e1gua tratada, a Vigil\u00e2ncia Epidemiol\u00f3gica e Ambiental da Secretaria Municipal da Sa\u00fade de Ub\u00e1 est\u00e1 alertando a popula\u00e7\u00e3o sobre os riscos do consumo de \u00e1gua sem tratamento adequado. Muitas pessoas est\u00e3o recorrendo a minas e c\u00f3rregos que podem estar contaminados causando riscos de transmiss\u00e3o de doen\u00e7as como a hepatite tipo A, leptospirose e outras doen\u00e7as, principalmente em crian\u00e7as e idosos. A Vigil\u00e2ncia Epidemiol\u00f3gica informa que o hipoclorito de s\u00f3dio deve ser usado para a purifica\u00e7\u00e3o da \u00e1gua para uso e consumo humano, sendo facilmente encontrado em mercados, farm\u00e1cias e com\u00e9rcio de produtos agro-veterin\u00e1rios.<\/p>\n<h4>Interior em crise<\/h4>\n<p>Cidades do interior de Minas Gerais tamb\u00e9m est\u00e3o sofrendo com a crise h\u00eddrica que o estado vive. Moradores de pelo menos 88 munic\u00edpios que t\u00eam concess\u00e3o com a Copasa j\u00e1 sentem na pele a falta de \u00e1gua. Destes, dois j\u00e1 est\u00e3o em situa\u00e7\u00e3o de colapso, 63 em iminente colapso e outras 23 apresentam problemas. Em rela\u00e7\u00e3o \u00e0s cidades que t\u00eam sistemas de abastecimento aut\u00f4nomo, 50 j\u00e1 est\u00e3o em racionamento e outras 13 iniciaram rod\u00edzio. <\/p>\n<h4>Confira a lista divulgada pela Copasa<\/h4>\n<p><strong>Colapso:<\/strong> Campan\u00e1rio e Uruc\u00e2nia <\/p>\n<p><strong>Iminente colapso:<\/strong> Urucuia, V\u00e1rzea da Palma e Barra, Campos Altos, Arax\u00e1, Conquista, Ira\u00eda de Minas, Frutal, Paracatu, Prata, Rio Parana\u00edba, Astolfo Dutra, Caranda\u00ed, Rodeiro, Cachoeira de Minas, Campanha, Campos Gerais, Candeias, Cristais, Itamonte, Lavras, Pirangu\u00e7u, Piranguinho, S\u00e3o Francisco de Paula, S\u00e3o Jos\u00e9 da Barra, S\u00e3o Tiago, Abaet\u00e9, Arcos, Bom Despacho, Cedro do Abaet\u00e9, Congonhas, Conselheiro Lafaiete, Entre Rios de Minas, Igaratinga, Itapecerica, Lagoa Dourada, Luz, Neol\u00e2ndia, Ouro Branco, Perdig\u00e3o, Piedade dos Gerais, Santo Ant\u00f4nio do Monte, S\u00e3o Br\u00e1s do Sua\u00e7u\u00ed, S\u00e3o Gon\u00e7alo do Par\u00e1, Alpercarta, Virgol\u00e2ndia, \u00c1gua Boa, Malacacheta, Novo Cruzeiro, Paulistas, Pot\u00e9, Rio Vermelho, Santa Maria do Sua\u00e7u\u00ed, Senador Modestino Gon\u00e7alves, Arinos, Bras\u00edlia de Minas, Crist\u00e1lia, Ibiracat\u00fa, Distritos de Ibiracatu, Ja\u00edba, Distrito de Jana\u00faba, Montes Claros, Taiobeiras.<\/p>\n<p><strong>Apresenta problemas:<\/strong> Medina, Esmeraldas, Jaboticatubas, Par\u00e1 de Minas, Ravena, Dion\u00edsio, Congonhas (distritos), S\u00e3o Gon\u00e7alo do Sapuca\u00ed, Nazareno, Divisa Nova, Visconde do Rio Branco, Santa Margarida, Santana do Deserto, Ub\u00e1, Espera Feliz, Madre de Deus de Minas, Porto Firme, Resende Costa, Rit\u00e1polis, Bar\u00e3o do Monte Alto, Barbacena, Barroso, Bom Jardim de Minas.<\/p>\n<p><strong><em>(Estado de Minas)<\/em><\/strong><\/p>\n","protected":false},"excerpt":{"rendered":"<p>Decreto assinado pelo prefeito pro\u00edbe lava\u00e7\u00f5es de cal\u00e7adas, ve\u00edculos e abastecimento de piscinas. Ub\u00e1, munic\u00edpio da Zona da Mata Mineira, decretou situa\u00e7\u00e3o de emerg\u00eancia nessa sexta-feira, 23 de janeiro, por causa da estiagem e crise no abastecimento de \u00e1gua pot\u00e1vel. Desde novembro, 27 munic\u00edpios decretaram emerg\u00eancia em Minas. Ub\u00e1 foi inserida na lista da Copasa [&hellip;]<\/p>\n","protected":false},"author":1,"featured_media":37885,"comment_status":"open","ping_status":"closed","sticky":false,"template":"","format":"standard","meta":{"amp_status":"","footnotes":""},"categories":[123],"tags":[31216,30031,31217,219,31215,31214,31218],"class_list":["post-50971","post","type-post","status-publish","format-standard","has-post-thumbnail","hentry","category-gerais","tag-estiagem-em-uba","tag-falta-de-agua-em-uba","tag-seca-em-uba","tag-uba","tag-uba-decreta-situacao-de-emergencia","tag-uba-decreta-situacao-de-emergencia-por-causa-da-estiagem-e-crise-de-abastecimento","tag-vadinho-baiao"],"_links":{"self":[{"href":"https:\/\/aconteceunovale.com.br\/portal\/index.php?rest_route=\/wp\/v2\/posts\/50971","targetHints":{"allow":["GET"]}}],"collection":[{"href":"https:\/\/aconteceunovale.com.br\/portal\/index.php?rest_route=\/wp\/v2\/posts"}],"about":[{"href":"https:\/\/aconteceunovale.com.br\/portal\/index.php?rest_route=\/wp\/v2\/types\/post"}],"author":[{"embeddable":true,"href":"https:\/\/aconteceunovale.com.br\/portal\/index.php?rest_route=\/wp\/v2\/users\/1"}],"replies":[{"embeddable":true,"href":"https:\/\/aconteceunovale.com.br\/portal\/index.php?rest_route=%2Fwp%2Fv2%2Fcomments&post=50971"}],"version-history":[{"count":0,"href":"https:\/\/aconteceunovale.com.br\/portal\/index.php?rest_route=\/wp\/v2\/posts\/50971\/revisions"}],"wp:featuredmedia":[{"embeddable":true,"href":"https:\/\/aconteceunovale.com.br\/portal\/index.php?rest_route=\/wp\/v2\/media\/37885"}],"wp:attachment":[{"href":"https:\/\/aconteceunovale.com.br\/portal\/index.php?rest_route=%2Fwp%2Fv2%2Fmedia&parent=50971"}],"wp:term":[{"taxonomy":"category","embeddable":true,"href":"https:\/\/aconteceunovale.com.br\/portal\/index.php?rest_route=%2Fwp%2Fv2%2Fcategories&post=50971"},{"taxonomy":"post_tag","embeddable":true,"href":"https:\/\/aconteceunovale.com.br\/portal\/index.php?rest_route=%2Fwp%2Fv2%2Ftags&post=50971"}],"curies":[{"name":"wp","href":"https:\/\/api.w.org\/{rel}","templated":true}]}}