{"id":50968,"date":"2015-01-24T11:49:31","date_gmt":"2015-01-24T14:49:31","guid":{"rendered":"http:\/\/aconteceunovale.com.br\/portal\/?p=50968"},"modified":"2015-01-24T11:49:31","modified_gmt":"2015-01-24T14:49:31","slug":"local-do-carnaval-do-serro-depende-de-laudo-tecnico","status":"publish","type":"post","link":"https:\/\/aconteceunovale.com.br\/portal\/?p=50968","title":{"rendered":"Local do Carnaval do Serro depende de laudo t\u00e9cnico"},"content":{"rendered":"<h4><strong><em>Situa\u00e7\u00e3o de palmeiras atingidas por raio ser\u00e1 avaliada na pr\u00f3xima ter\u00e7a-feira. A programa\u00e7\u00e3o j\u00e1 foi divulgada pela Prefeitura.<\/em><\/strong><\/h4>\n<p>A data j\u00e1 foi definida, o Carnaval do Serro 2015 acontecer\u00e1 no per\u00edodo de 13 a 17 de fevereiro, mas o local ainda \u00e9 uma inc\u00f3gnita e depende de um laudo t\u00e9cnico sobre a situa\u00e7\u00e3o de duas palmeiras imperiais atingidas por um raio na Pra\u00e7a Doutor Jo\u00e3o Pinheiro.<\/p>\n<p>De acordo com a Assessoria de Comunica\u00e7\u00e3o da Prefeitura, na pr\u00f3xima ter\u00e7a-feira (27), as \u00e1rvores ser\u00e3o vistoriadas por uma equipe da Universidade Federal dos Vales do Jequitinhonha e Mucuri (UFVJM). Caso o laudo seja favor\u00e1vel, os festejos carnavalescos acontecer\u00e3o na pra\u00e7a. Mas caso seja negativo, o evento ser\u00e1 transferido do centro para outros pontos do munic\u00edpio, onde os foli\u00f5es possam se divertir sem riscos.<\/p>\n<p>Ainda segundo a Prefeitura, a folia est\u00e1 garantia, s\u00f3 resta aguardar a defini\u00e7\u00e3o do local. O Serro, localizado a 80 quil\u00f4metros de Diamantina, tem carnaval tradicional de cidades hist\u00f3ricas, com blocos, DJ&#8217;s, charangas, pagodes e bandas com ritmos variados.<\/p>\n<p>Confira a programa\u00e7\u00e3o:<\/p>\n<p><img decoding=\"async\" src=\"http:\/\/aconteceunovale.com.br\/portal\/wp-content\/uploads\/2015\/01\/carnaval_do_serro_15.jpg\" alt=\"\" \/><\/p>\n","protected":false},"excerpt":{"rendered":"<p>Situa\u00e7\u00e3o de palmeiras atingidas por raio ser\u00e1 avaliada na pr\u00f3xima ter\u00e7a-feira. A programa\u00e7\u00e3o j\u00e1 foi divulgada pela Prefeitura. A data j\u00e1 foi definida, o Carnaval do Serro 2015 acontecer\u00e1 no per\u00edodo de 13 a 17 de fevereiro, mas o local ainda \u00e9 uma inc\u00f3gnita e depende de um laudo t\u00e9cnico sobre a situa\u00e7\u00e3o de duas [&hellip;]<\/p>\n","protected":false},"author":1,"featured_media":50969,"comment_status":"open","ping_status":"closed","sticky":false,"template":"","format":"standard","meta":{"amp_status":"","footnotes":""},"categories":[125],"tags":[31213,4011,31209,31208,31210,31212,154,31211],"class_list":["post-50968","post","type-post","status-publish","format-standard","has-post-thumbnail","hentry","category-noticias","tag-bandas-do-carnaval-do-serro-2015","tag-carnaval-do-serro","tag-carnaval-do-serro-2015","tag-local-do-carnaval-do-serro-depende-de-laudo-tecnico","tag-programacao-do-carnaval-do-serro-2015","tag-quem-vai-tocar-no-carnaval-do-serro-2015","tag-serro","tag-shows-do-carnaval-do-serro-2015"],"_links":{"self":[{"href":"https:\/\/aconteceunovale.com.br\/portal\/index.php?rest_route=\/wp\/v2\/posts\/50968","targetHints":{"allow":["GET"]}}],"collection":[{"href":"https:\/\/aconteceunovale.com.br\/portal\/index.php?rest_route=\/wp\/v2\/posts"}],"about":[{"href":"https:\/\/aconteceunovale.com.br\/portal\/index.php?rest_route=\/wp\/v2\/types\/post"}],"author":[{"embeddable":true,"href":"https:\/\/aconteceunovale.com.br\/portal\/index.php?rest_route=\/wp\/v2\/users\/1"}],"replies":[{"embeddable":true,"href":"https:\/\/aconteceunovale.com.br\/portal\/index.php?rest_route=%2Fwp%2Fv2%2Fcomments&post=50968"}],"version-history":[{"count":0,"href":"https:\/\/aconteceunovale.com.br\/portal\/index.php?rest_route=\/wp\/v2\/posts\/50968\/revisions"}],"wp:featuredmedia":[{"embeddable":true,"href":"https:\/\/aconteceunovale.com.br\/portal\/index.php?rest_route=\/wp\/v2\/media\/50969"}],"wp:attachment":[{"href":"https:\/\/aconteceunovale.com.br\/portal\/index.php?rest_route=%2Fwp%2Fv2%2Fmedia&parent=50968"}],"wp:term":[{"taxonomy":"category","embeddable":true,"href":"https:\/\/aconteceunovale.com.br\/portal\/index.php?rest_route=%2Fwp%2Fv2%2Fcategories&post=50968"},{"taxonomy":"post_tag","embeddable":true,"href":"https:\/\/aconteceunovale.com.br\/portal\/index.php?rest_route=%2Fwp%2Fv2%2Ftags&post=50968"}],"curies":[{"name":"wp","href":"https:\/\/api.w.org\/{rel}","templated":true}]}}