{"id":50950,"date":"2015-01-23T23:25:45","date_gmt":"2015-01-24T02:25:45","guid":{"rendered":"http:\/\/aconteceunovale.com.br\/portal\/?p=50950"},"modified":"2015-01-23T23:39:42","modified_gmt":"2015-01-24T02:39:42","slug":"itabira-tambem-nao-tera-carnaval-em-2015","status":"publish","type":"post","link":"https:\/\/aconteceunovale.com.br\/portal\/?p=50950","title":{"rendered":"Itabira tamb\u00e9m n\u00e3o ter\u00e1 Carnaval em 2015"},"content":{"rendered":"<h4><strong><em>Arrocho financeiro e o longo per\u00edodo de estiagem provocaram o cancelamento do evento.<\/em><\/strong><\/h4>\n<p>Ap\u00f3s reuni\u00e3o com a equipe econ\u00f4mica da Prefeitura, ocorrida na tarde desta sexta-feira, 23 de janeiro, o prefeito de Itabira, Damon L\u00e1zaro de Sena, decidiu cancelar a festa de Carnaval da cidade. Ele foi informado por seus assessores, que, ap\u00f3s avaliarem o cen\u00e1rio atual, acharam prudente suspender a festa.<\/p>\n<p>De acordo com os argumentos de sua equipe econ\u00f4mica, a Prefeitura precisa fazer ajustes financeiros para honrar alguns pagamentos de fornecedores firmados em 2014. Somado a isso, ainda existe a incerteza do cen\u00e1rio econ\u00f4mico brasileiro. No caso espec\u00edfico de Itabira, existe uma grande possibilidade de haver uma retra\u00e7\u00e3o econ\u00f4mica ainda no primeiro semestre, levando em considera\u00e7\u00e3o, principalmente, a indefini\u00e7\u00e3o do pre\u00e7o do min\u00e9rio comercializado pela Vale. As proje\u00e7\u00f5es apontam que o pre\u00e7o continuar\u00e1 inst\u00e1vel e isso afetar\u00e1, certeiramente, o Or\u00e7amento Municipal.<\/p>\n<p>Em alguns estados brasileiros, o pr\u00f3prio Tribunal de Contas est\u00e1 aconselhando os munic\u00edpios a n\u00e3o custearem o Carnaval e reservar os recursos para projetos sociais e pagamentos pendentes.<\/p>\n<p>Outra preocupa\u00e7\u00e3o \u00e9 o longo per\u00edodo de estiagem que tem causado em todo o pa\u00eds a maior seca dos \u00faltimos 150 anos. Em Itabira n\u00e3o \u00e9 diferente. Os reservat\u00f3rios est\u00e3o operando na sua capacidade m\u00ednima, o que obrigou o Servi\u00e7o Aut\u00f4nomo de \u00c1gua e Esgoto (SAAE) a estender o per\u00edodo de racionamento e, ainda, alugar equipamentos para bombear \u00e1gua. O principal sistema de abastecimento da cidade, a Pureza, j\u00e1 est\u00e1 utilizando seu volume morto \u2013 \u00e1gua reserva que nunca foi utilizada na hist\u00f3ria da Pureza.<\/p>\n<p>O aumento do n\u00famero de pessoas na cidade \u2013 j\u00e1 que munic\u00edpios tamb\u00e9m cancelaram o Carnaval, havia a grande possibilidade de Itabira atrair ainda mais foli\u00f5es \u2013 o gasto na \u00e1rea do Carnaval para refrescar foli\u00f5es e limpeza de banheiros qu\u00edmicos e da \u00e1rea de seu entorno poderiam aumentar os transtornos do desabastecimento durante o Carnaval e agravar os problemas para a popula\u00e7\u00e3o ap\u00f3s a folia.<\/p>\n<p>A equipe de sa\u00fade tamb\u00e9m argumentou que a realiza\u00e7\u00e3o da folia poderia agravar os \u00edndices de infesta\u00e7\u00e3o do mosquito Aedes aegypti. O \u00faltimo Liraa, conclu\u00eddo na ter\u00e7a-feira, apontou um \u00edndice de infesta\u00e7\u00e3o de 4,8%, o que deixa Itabira em alerta, j\u00e1 que o risco de epidemia \u00e9 iminente.<\/p>\n<p>\u201cAvaliamos todas as possibilidades para manter o Carnaval. At\u00e9 hoje pela manh\u00e3, pens\u00e1vamos at\u00e9 em levar a festa para o Parque de Exposi\u00e7\u00f5es, mas ponderamos que n\u00e3o seria prudente. Os riscos que est\u00e1vamos correndo eram maiores do que a satisfa\u00e7\u00e3o que as quatro noite de Carnaval poderiam gerar\u201d, ponderou o prefeito.<\/p>\n<p>De acordo com Damon, diante de um cen\u00e1rio de incertezas, que independe de sua vontade, manter a festa e, futuramente, sacrificar toda a popula\u00e7\u00e3o. \u201cN\u00e3o sabemos ao certo quanto tempo mais esta seca vai durar e quanto ela poder\u00e1 nos obrigar a investir imediatamente para minimizar seu impacto. Quanto \u00e0 quest\u00e3o financeira, o Governo Federal j\u00e1 sinalizou um primeiro semestre de retra\u00e7\u00e3o econ\u00f4mica. O cen\u00e1rio neste in\u00edcio de ano n\u00e3o est\u00e1 bom para munic\u00edpio nenhum. Reconhe\u00e7o que Itabira \u00e9 um munic\u00edpio que tem um Or\u00e7amento razo\u00e1vel, mas o problema maior \u00e9 a situa\u00e7\u00e3o geral do pa\u00eds. Se n\u00e3o equilibrarmos agora, se n\u00e3o fizermos os ajustes necess\u00e1rios e n\u00e3o sanarmos todas as nossas pend\u00eancias financeiras, corremos o risco de respondermos por isso no futuro\u201d, salientou Damon.<\/p>\n<h4>Outros munic\u00edpios<\/h4>\n<p>At\u00e9 a manh\u00e3 de hoje, v\u00e1rios munic\u00edpios mineiros haviam anunciado que n\u00e3o realizariam festejos de Carnaval, entre eles, Santa Maria de Itabira, Jo\u00e3o Monlevade, Formiga, Oliveira, Itapecerica, Arcos, S\u00e3o Gon\u00e7alo do Par\u00e1 e Cl\u00e1udio. O motivo, conforme divulgaram os munic\u00edpios, s\u00e3o a retra\u00e7\u00e3o econ\u00f4mica e, principalmente, a falta de \u00e1gua.<\/p>\n<h4>Leia Mais [+]<\/h4>\n<p><a href=\"http:\/\/aconteceunovale.com.br\/portal\/?p=50928\" target=\"_blank\">&#8211; Pelo menos 14 cidades j\u00e1 cancelaram o Carnaval em Minas Gerais<\/a><\/p>\n","protected":false},"excerpt":{"rendered":"<p>Arrocho financeiro e o longo per\u00edodo de estiagem provocaram o cancelamento do evento. Ap\u00f3s reuni\u00e3o com a equipe econ\u00f4mica da Prefeitura, ocorrida na tarde desta sexta-feira, 23 de janeiro, o prefeito de Itabira, Damon L\u00e1zaro de Sena, decidiu cancelar a festa de Carnaval da cidade. Ele foi informado por seus assessores, que, ap\u00f3s avaliarem o [&hellip;]<\/p>\n","protected":false},"author":1,"featured_media":50952,"comment_status":"open","ping_status":"closed","sticky":false,"template":"","format":"standard","meta":{"amp_status":"","footnotes":""},"categories":[123],"tags":[1514,31189,29700,31187,31188,965,31190,1513,202,31186,17303,1102,10060,1738,1655],"class_list":["post-50950","post","type-post","status-publish","format-standard","has-post-thumbnail","hentry","category-gerais","tag-arcos","tag-cancelamento-do-carnaval-de-itabira","tag-carnaval-2015","tag-carnaval-2015-em-itabira","tag-carnaval-de-itabira","tag-claudio","tag-damon-lazaro-de-sena","tag-formiga","tag-itabira","tag-itabira-tambem-nao-tera-carnaval-em-2015","tag-itapecerica","tag-joao-monlevade","tag-oliveira","tag-santa-maria-de-itabira","tag-sao-goncalo-do-para"],"_links":{"self":[{"href":"https:\/\/aconteceunovale.com.br\/portal\/index.php?rest_route=\/wp\/v2\/posts\/50950","targetHints":{"allow":["GET"]}}],"collection":[{"href":"https:\/\/aconteceunovale.com.br\/portal\/index.php?rest_route=\/wp\/v2\/posts"}],"about":[{"href":"https:\/\/aconteceunovale.com.br\/portal\/index.php?rest_route=\/wp\/v2\/types\/post"}],"author":[{"embeddable":true,"href":"https:\/\/aconteceunovale.com.br\/portal\/index.php?rest_route=\/wp\/v2\/users\/1"}],"replies":[{"embeddable":true,"href":"https:\/\/aconteceunovale.com.br\/portal\/index.php?rest_route=%2Fwp%2Fv2%2Fcomments&post=50950"}],"version-history":[{"count":0,"href":"https:\/\/aconteceunovale.com.br\/portal\/index.php?rest_route=\/wp\/v2\/posts\/50950\/revisions"}],"wp:featuredmedia":[{"embeddable":true,"href":"https:\/\/aconteceunovale.com.br\/portal\/index.php?rest_route=\/wp\/v2\/media\/50952"}],"wp:attachment":[{"href":"https:\/\/aconteceunovale.com.br\/portal\/index.php?rest_route=%2Fwp%2Fv2%2Fmedia&parent=50950"}],"wp:term":[{"taxonomy":"category","embeddable":true,"href":"https:\/\/aconteceunovale.com.br\/portal\/index.php?rest_route=%2Fwp%2Fv2%2Fcategories&post=50950"},{"taxonomy":"post_tag","embeddable":true,"href":"https:\/\/aconteceunovale.com.br\/portal\/index.php?rest_route=%2Fwp%2Fv2%2Ftags&post=50950"}],"curies":[{"name":"wp","href":"https:\/\/api.w.org\/{rel}","templated":true}]}}