{"id":50948,"date":"2015-01-23T22:49:10","date_gmt":"2015-01-24T01:49:10","guid":{"rendered":"http:\/\/aconteceunovale.com.br\/portal\/?p=50948"},"modified":"2015-01-23T22:49:10","modified_gmt":"2015-01-24T01:49:10","slug":"escala-de-revezamento-e-acoes-sustentaveis-garantem-agua-no-carnaval-de-ouro-preto","status":"publish","type":"post","link":"https:\/\/aconteceunovale.com.br\/portal\/?p=50948","title":{"rendered":"Escala de revezamento e a\u00e7\u00f5es sustent\u00e1veis garantem \u00e1gua no Carnaval de Ouro Preto"},"content":{"rendered":"<h4><strong><em>Rep\u00fablicas possuem reservat\u00f3rios extras de \u00e1gua e ainda limitam tempo de banho dos visitantes. Gelo dos congeladores da Arena Ouro Folia ser\u00e3o reutilizados na limpeza do evento.<\/em><\/strong><\/h4>\n<p>Considerado o quarto maior carnaval do pa\u00eds, a cidade hist\u00f3rica de Ouro Preto, localizada na regi\u00e3o central de Minas Gerais, se prepara para receber 70 mil turistas durante o feriado. Em fun\u00e7\u00e3o do prolongamento do per\u00edodo de estiagem e o baixo n\u00edvel dos reservat\u00f3rios de \u00e1gua que abastecem o munic\u00edpio, o Servi\u00e7o Municipal de \u00c1gua e Esgoto (SEMAE) adotou nesta semana uma escala de revezamento de \u00e1gua para evitar o racionamento.<\/p>\n<p>Para o superintendente Executivo do SEMAE, Wandeir Jos\u00e9 dos Santos, o escalonamento na oferta de \u00e1gua \u00e9 a sa\u00edda para garantir o abastecimento em Ouro Preto. \u201cEstamos executando o processo de manobras, ou seja, em um determinado hor\u00e1rio do dia abastecemos uma parte da cidade e depois paralisamos o abastecimento desse local para desviarmos para outra comunidade. Essa a\u00e7\u00e3o se chama manobra do sistema que \u00e9 diferente de um racionamento em que o abastecimento ocorre uma vez durante a semana\u201d, afirmou.<\/p>\n<p>Em Ouro Preto ainda n\u00e3o existe a cobran\u00e7a pelo consumo de \u00e1gua. De acordo com o superintendente a popula\u00e7\u00e3o paga uma Taxa B\u00e1sica Operacional (TBO) cobrada pela presta\u00e7\u00e3o e manuten\u00e7\u00e3o do servi\u00e7o de distribui\u00e7\u00e3o de \u00e1gua.<\/p>\n<p>\u201cO nosso foco neste momento em que se aproxima o carnaval \u00e9 trabalhar exaustivamente para manter o sistema operando, se conseguirmos desempenharmos essa a\u00e7\u00e3o \u00e9 quase certo que n\u00e3o teremos problemas com falta de \u00e1gua durante a folia, mas para que isso aconte\u00e7a \u00e9 imprescind\u00edvel a colabora\u00e7\u00e3o de todos no sentido de evitarem o desperd\u00edcio\u201d, declarou Wandeir.<\/p>\n<p>O rod\u00edzio adotado em Ouro Preto \u00e9 classificado em duas categorias. Em alguns bairros, o abastecimento \u00e9 realizado a cada dois dias. Em outros, ele \u00e9 feito por hor\u00e1rio, algumas resid\u00eancias s\u00e3o atendidas entre 18h e 7h, por exemplo. Mas a crise h\u00eddrica n\u00e3o \u00e9 um problema exclusivo de Ouro Preto, v\u00e1rios cidades em todo o pa\u00eds est\u00e3o adotando a\u00e7\u00f5es para evitar o racionamento. Campanhas est\u00e3o sendo lan\u00e7adas solicitando que a popula\u00e7\u00e3o reduza o consumo de \u00e1gua em 30%.<\/p>\n<h4>A\u00e7\u00f5es na Folia<\/h4>\n<p>Somado ao revezamento promovido pelo SEMAE, as rep\u00fablicas que hospedam grande parte dos turistas desenvolvem campanhas de consumo consciente. A Rep\u00fablica Confraria recebe durante o carnaval 35 hospedes e o im\u00f3vel possui sistemas que controlam o uso da \u00e1gua.<\/p>\n<p>\u201cDurante todo o ano fazemos campanhas com os moradores da Rep\u00fablica para economia de \u00e1gua, e durante o carnaval essas a\u00e7\u00f5es s\u00e3o intensificadas com os turistas que recebemos\u201d, conta Jonh Reis Pimenta, morador da rep\u00fablica.<\/p>\n<p>Na Confraria os chuveiros s\u00e3o equipados com sistema de temporizador, ap\u00f3s cinco minutos o aparelho corta a \u00e1gua, o sistema ainda limita a quantidade de \u00e1gua utilizada nas descargas. A resid\u00eancia ainda possui cisterna, o que garante ainda mais reserva de \u00e1gua para os turistas.<\/p>\n<p>\u201cTemos duas caixas d\u2019\u00e1gua extras para garantir o abastecimento de toda a Rep\u00fablica durante a festa e o n\u00famero de foli\u00f5es que recebemos \u00e9 restrito para n\u00e3o aumentar muito o consumo de \u00e1gua\u201d, ressalta Jonh<\/p>\n<p>E os produtores do Carnaval tamb\u00e9m decidiram implementar a\u00e7\u00f5es sustent\u00e1veis, para garantir a realiza\u00e7\u00e3o da folia com o consumo m\u00ednimo da \u00e1gua. Victor Hugo \u00e9 produtor executivo do Carnaval de Ouro Preto na Arena Ouro Preto Folia. Chiclete com Banana, Samb\u00f4, Mc Guim\u00ea, MC Coringa, Olodum, Melanina Carioca e Lux\u00faria s\u00e3o algumas das atra\u00e7\u00f5es. \u201cNa Arena Ouro Preto Folia vamos conscientizar sobre a import\u00e2ncia do uso racional da \u00e1gua. Todas as categorias de entrada do nosso evento s\u00e3o Open Bar. Reutilizaremos a \u00e1gua dos congeladores em que ser\u00e3o armazenadas as bebidas para a limpeza de todo o espa\u00e7o, e assim evitarmos ao m\u00e1ximo o desperd\u00edcio\u201d, ressalta o produtor executivo.<\/p>\n<p>Por dia ser\u00e3o consumidos no evento 400 pacotes de gelo, cada um de 20 quilos. As caixas t\u00e9rmicas em que as bebidas ser\u00e3o acondicionadas, que n\u00e3o utilizam energia el\u00e9trica, v\u00e3o gerar um total de 7.000 litros de \u00e1gua. Esse volume ser\u00e1 armazenado em uma caixa d\u2019\u00e1gua para a limpeza dos banheiros qu\u00edmicos, camarins, backstage, pista e camarote ap\u00f3s os shows.<\/p>\n<p>\u201cCom certeza faremos o que for preciso para que a folia aconte\u00e7a com muita alegria como j\u00e1 \u00e9 tradi\u00e7\u00e3o em Ouro Preto. Estamos empenhados em contribuir e pensar alternativas que ajudem amenizar a situa\u00e7\u00e3o da \u00e1gua no munic\u00edpio\u201d, conclui Victor Hugo.<\/p>\n","protected":false},"excerpt":{"rendered":"<p>Rep\u00fablicas possuem reservat\u00f3rios extras de \u00e1gua e ainda limitam tempo de banho dos visitantes. Gelo dos congeladores da Arena Ouro Folia ser\u00e3o reutilizados na limpeza do evento. Considerado o quarto maior carnaval do pa\u00eds, a cidade hist\u00f3rica de Ouro Preto, localizada na regi\u00e3o central de Minas Gerais, se prepara para receber 70 mil turistas durante [&hellip;]<\/p>\n","protected":false},"author":1,"featured_media":47118,"comment_status":"open","ping_status":"closed","sticky":false,"template":"","format":"standard","meta":{"amp_status":"","footnotes":""},"categories":[123],"tags":[31178,31183,31179,31184,3651,31185,211,31182,31181,31180],"class_list":["post-50948","post","type-post","status-publish","format-standard","has-post-thumbnail","hentry","category-gerais","tag-acoes-para-garantir-agua-durante-o-carnaval-de-ouro-preto","tag-acoes-sustentaveis-e-escala-de-revezamento-garantem-agua-no-carnaval-de-ouro-preto","tag-agua-durante-o-carnaval-de-ouro-preto","tag-agua-no-carnaval-de-ouro-preto","tag-carnaval-de-ouro-preto","tag-escala-de-revezamento-e-acoes-sustentaveis-garantem-agua-no-carnaval-de-ouro-preto","tag-ouro-preto","tag-semae","tag-servico-municipal-de-agua-e-esgoto","tag-wandeir-jose-dos-santos"],"_links":{"self":[{"href":"https:\/\/aconteceunovale.com.br\/portal\/index.php?rest_route=\/wp\/v2\/posts\/50948","targetHints":{"allow":["GET"]}}],"collection":[{"href":"https:\/\/aconteceunovale.com.br\/portal\/index.php?rest_route=\/wp\/v2\/posts"}],"about":[{"href":"https:\/\/aconteceunovale.com.br\/portal\/index.php?rest_route=\/wp\/v2\/types\/post"}],"author":[{"embeddable":true,"href":"https:\/\/aconteceunovale.com.br\/portal\/index.php?rest_route=\/wp\/v2\/users\/1"}],"replies":[{"embeddable":true,"href":"https:\/\/aconteceunovale.com.br\/portal\/index.php?rest_route=%2Fwp%2Fv2%2Fcomments&post=50948"}],"version-history":[{"count":0,"href":"https:\/\/aconteceunovale.com.br\/portal\/index.php?rest_route=\/wp\/v2\/posts\/50948\/revisions"}],"wp:featuredmedia":[{"embeddable":true,"href":"https:\/\/aconteceunovale.com.br\/portal\/index.php?rest_route=\/wp\/v2\/media\/47118"}],"wp:attachment":[{"href":"https:\/\/aconteceunovale.com.br\/portal\/index.php?rest_route=%2Fwp%2Fv2%2Fmedia&parent=50948"}],"wp:term":[{"taxonomy":"category","embeddable":true,"href":"https:\/\/aconteceunovale.com.br\/portal\/index.php?rest_route=%2Fwp%2Fv2%2Fcategories&post=50948"},{"taxonomy":"post_tag","embeddable":true,"href":"https:\/\/aconteceunovale.com.br\/portal\/index.php?rest_route=%2Fwp%2Fv2%2Ftags&post=50948"}],"curies":[{"name":"wp","href":"https:\/\/api.w.org\/{rel}","templated":true}]}}