{"id":50945,"date":"2015-01-23T22:38:15","date_gmt":"2015-01-24T01:38:15","guid":{"rendered":"http:\/\/aconteceunovale.com.br\/portal\/?p=50945"},"modified":"2015-01-23T22:38:15","modified_gmt":"2015-01-24T01:38:15","slug":"pimentel-destaca-importancia-da-cemig-durante-posse-da-nova-diretoria","status":"publish","type":"post","link":"https:\/\/aconteceunovale.com.br\/portal\/?p=50945","title":{"rendered":"Pimentel destaca import\u00e2ncia da Cemig durante posse da nova diretoria"},"content":{"rendered":"<h4><strong><em>O economista Mauro Borges \u00e9 o novo diretor-presidente da empresa e o secret\u00e1rio da Fazenda, Jos\u00e9 Afonso Bicalho, assumiu a presid\u00eancia do Conselho de Administra\u00e7\u00e3o.<\/em><\/strong><\/h4>\n<p>O governador Fernando Pimentel participou, nesta sexta-feira (23), em Belo Horizonte, da posse da nova diretoria executiva da Companhia Energ\u00e9tica de Minas Gerais (Cemig). Em seu pronunciamento, Pimentel destacou a import\u00e2ncia da empresa para todos os mineiros e seu papel como indutora do desenvolvimento econ\u00f4mico com justi\u00e7a social, pilares que nortearam sua funda\u00e7\u00e3o pelo ex-governador e ex-presidente Juscelino Kubitschek. <\/p>\n<p>\u201cA minha presen\u00e7a simboliza o carinho, o respeito e a admira\u00e7\u00e3o que o povo de Minas tem pela Cemig. Quero reafirmar o nosso compromisso com o desenvolvimento de Minas que, no fundo, \u00e9 o mesmo compromisso que h\u00e1 mais de 60 anos levou aquele grande mineiro e grande brasileiro Juscelino Kubitschek a criar essa empresa: o compromisso de fazer com que Minas avance rumo ao desenvolvimento econ\u00f4mico sem abrir m\u00e3o da justi\u00e7a social, dos valores \u00e9ticos e morais que sempre nos guiaram ao longo da nossa hist\u00f3ria\u201d, afirmou.<\/p>\n<p><img decoding=\"async\" src=\"http:\/\/aconteceunovale.com.br\/portal\/wp-content\/uploads\/2015\/01\/posse_new_diretoria_cemig.jpg\" alt=\"\" \/><em>Posse do economista Mauro Borges como diretor-presidente da Cemig &#8211; Foto: Omar Freire\/Ag\u00eancia Minas<\/em><br \/>\n<\/br><\/p>\n<p>Ao lado do vice-governador Ant\u00f4nio Andrade, Pimentel tamb\u00e9m ressaltou a necessidade de conciliar os interesses do consumidor, do acionista e do trabalhador para que a Cemig continue a crescer e a oferecer um servi\u00e7o de qualidade. \u201cN\u00e3o h\u00e1 nenhuma contradi\u00e7\u00e3o em buscar o que o acionista quer, e \u00e9 leg\u00edtimo, com o que o consumidor deseja e com que o trabalhador espera. Esse \u00e9 o grande desafio da Cemig e creio que seja o desafio de qualquer empresa que tenha, como acionistas, Estado e grupos privados. Os tr\u00eas interesses podem ser perfeitamente compatibilizados. \u00c9 isso que n\u00f3s veremos, eu tenho certeza, ao longo dos pr\u00f3ximos anos no trabalho da nova administra\u00e7\u00e3o\u201d, observou o governador.       <\/p>\n<p>Ao tomar posse na presid\u00eancia da Cemig, o economista e ex-ministro de Desenvolvimento Econ\u00f4mico, Ind\u00fastria e Com\u00e9rcio Exterior, Mauro Borges, falou sobre os desafios a serem enfrentados.\u201cTrabalharemos sempre de forma transparente, buscando os melhores resultados para a popula\u00e7\u00e3o mineira, por meio do Estado de Minas Gerais, para os acionistas, controladores e investidores. Um de nossos desafios \u00e9 encontrar a medida ideal para que a popula\u00e7\u00e3o e os acionistas estejam plenamente satisfeitos\u201d, destacou.<\/p>\n<p>Mauro Borges tamb\u00e9m destacou os avan\u00e7os no setor energ\u00e9tico brasileiro nos \u00faltimos anos e lembrou os desafios a serem enfrentados. \u201cO crescimento do Produto Interno Bruto (PIB) e a grande transforma\u00e7\u00e3o da renda real dos trabalhadores, com forte elimina\u00e7\u00e3o da pobreza e o amplo acesso a gama de produtos el\u00e9tricos e eletr\u00f4nicos fizeram com que o consumo de energia previsto no final do s\u00e9culo passado fosse rapidamente ultrapassado. Os efeitos s\u00f3 n\u00e3o foram maiores gra\u00e7as ao planejamento implementado no setor pelo governo federal. Foram constru\u00eddas usinas e linhas de transmiss\u00e3o que proporcionaram a cria\u00e7\u00e3o de um verdadeiro sistema energ\u00e9tico nacional\u201d, afirmou o presidente da Cemig.<\/p>\n<p>Em entrevista \u00e0 imprensa logo ap\u00f3s a posse, Borges garantiu que a Cemig vai ampliar campanhas educativas junto \u00e0 popula\u00e7\u00e3o para incentivar o uso eficiente de energia e afastar, assim, a possibilidade de racionamentos. \u201cN\u00f3s, brasileiros, n\u00e3o temos a cultura de economizar \u00e1gua e energia. A Cemig j\u00e1 possui campanhas educativas neste sentido. Agora, vamos dar uma grande amplitude a essa a\u00e7\u00e3o com o apoio do Governo de Minas. Acredito que, com o consumo eficiente, n\u00e3o teremos racionamento (de energia) esse ano. O apoio da popula\u00e7\u00e3o \u00e9 fundamental e tenho certeza que ela vai aderir\u201d, afirmou.<\/p>\n<h4>Agradecimento<\/h4>\n<p>Durante o evento, o governador agradeceu aos ex-presidentes da Cemig, destacando o papel de Djalma Moraes, que conduziu a empresa nos \u00faltimos 16 anos.  Ele reconheceu tamb\u00e9m o trabalho desenvolvido pelos funcion\u00e1rios e terceirizados da empresa.<\/p>\n<p>Integram tamb\u00e9m a nova diretoria da Cemig: Matheus de Moura Lima Gomes (vice-presidente) e os diretores Fernando Henrique Sch\u00fcffner Neto (Desenvolvimento de Neg\u00f3cios); M\u00e1rcio L\u00facio Serrano (Gest\u00e3o Empresarial); Eduardo Lima Andrade Ferreira (G\u00e1s); Ricardo Jos\u00e9 Charbel (Distribui\u00e7\u00e3o e Comercializa\u00e7\u00e3o); Fabiano Maia Pereira (Finan\u00e7as e Rela\u00e7\u00f5es com Investidores); Evandro Leite Vasconcelos (Comercial); Franklin Moreira Gon\u00e7alves (Gera\u00e7\u00e3o e Transmiss\u00e3o); Luiz Fernando Rolla (Rela\u00e7\u00f5es Institucionais e Comunica\u00e7\u00e3o); e Raul Lycurgo Leite (Jur\u00eddico). O economista e secret\u00e1rio de Estado da Fazenda, Afonso Bicalho, foi eleito, nessa quinta-feira (22), o novo presidente do Conselho de Administra\u00e7\u00e3o da Empresa.<\/p>\n<h4>A Cemig<\/h4>\n<p>A Cemig \u00e9 a maior empresa integrada do setor el\u00e9trico do pa\u00eds, sendo a maior distribuidora em n\u00famero de clientes (cerca de 8 milh\u00f5es de consumidores), a terceira maior em gera\u00e7\u00e3o e a segunda maior do setor de transmiss\u00e3o. A atua\u00e7\u00e3o da empresa estende-se a outros 21 estados brasileiros e Distrito Federal, al\u00e9m de ter uma participa\u00e7\u00e3o em uma linha de transmiss\u00e3o no Chile. Sua \u00e1rea de concess\u00e3o abrange 774 dos 853 munic\u00edpios de Minas Gerais, atendendo mais de 30 milh\u00f5es de pessoas em Minas e no Estado do Rio de Janeiro, incluindo a \u00e1rea de concess\u00e3o da Cemig e da Light. A holding \u00e9 formada atualmente por 206 sociedades, 19 cons\u00f3rcios e dois Fundos de Investimento em Participa\u00e7\u00f5es.<\/p>\n<p>O Governo de Minas \u00e9 o acionista majorit\u00e1rio, com 50,96% das a\u00e7\u00f5es ordin\u00e1rias com direito a voto. Ao todo, s\u00e3o mais de 120 mil acionistas de mais de 40 pa\u00edses. A Cemig tem a\u00e7\u00f5es s\u00e3o negociadas nas Bolsas de S\u00e3o Paulo, Nova York e Madri. (Ag\u00eancia Minas)<\/p>\n","protected":false},"excerpt":{"rendered":"<p>O economista Mauro Borges \u00e9 o novo diretor-presidente da empresa e o secret\u00e1rio da Fazenda, Jos\u00e9 Afonso Bicalho, assumiu a presid\u00eancia do Conselho de Administra\u00e7\u00e3o. O governador Fernando Pimentel participou, nesta sexta-feira (23), em Belo Horizonte, da posse da nova diretoria executiva da Companhia Energ\u00e9tica de Minas Gerais (Cemig). Em seu pronunciamento, Pimentel destacou a [&hellip;]<\/p>\n","protected":false},"author":1,"featured_media":50946,"comment_status":"open","ping_status":"closed","sticky":false,"template":"","format":"standard","meta":{"amp_status":"","footnotes":""},"categories":[123],"tags":[31177,27125,347,18567,1018,31170,31173,31172,31168,12826,31174,29798,31175,31169,31167,28547,31166,31164,31165,31176,31171],"class_list":["post-50945","post","type-post","status-publish","format-standard","has-post-thumbnail","hentry","category-gerais","tag-afonso-bicalho","tag-antonio-andrade","tag-cemig","tag-companhia-energetica-de-minas-gerais","tag-destaque","tag-eduardo-lima-andrade-ferreira","tag-evandro-leite-vasconcelos","tag-fabiano-maia-pereira","tag-fernando-henrique-schuffner-neto","tag-fernando-pimentel","tag-franklin-moreira-goncalves","tag-governador-fernando-pimentel","tag-luiz-fernando-rolla","tag-marcio-lucio-serrano","tag-matheus-de-moura-lima-gomes","tag-mauro-borges","tag-nova-diretoria-da-cemig","tag-pimentel-destaca-importancia-da-cemig-durante-posse-da-nova-diretoria","tag-posse-da-nova-diretoria-da-cemig","tag-raul-lycurgo-leite","tag-ricardo-jose-charbel"],"_links":{"self":[{"href":"https:\/\/aconteceunovale.com.br\/portal\/index.php?rest_route=\/wp\/v2\/posts\/50945","targetHints":{"allow":["GET"]}}],"collection":[{"href":"https:\/\/aconteceunovale.com.br\/portal\/index.php?rest_route=\/wp\/v2\/posts"}],"about":[{"href":"https:\/\/aconteceunovale.com.br\/portal\/index.php?rest_route=\/wp\/v2\/types\/post"}],"author":[{"embeddable":true,"href":"https:\/\/aconteceunovale.com.br\/portal\/index.php?rest_route=\/wp\/v2\/users\/1"}],"replies":[{"embeddable":true,"href":"https:\/\/aconteceunovale.com.br\/portal\/index.php?rest_route=%2Fwp%2Fv2%2Fcomments&post=50945"}],"version-history":[{"count":0,"href":"https:\/\/aconteceunovale.com.br\/portal\/index.php?rest_route=\/wp\/v2\/posts\/50945\/revisions"}],"wp:featuredmedia":[{"embeddable":true,"href":"https:\/\/aconteceunovale.com.br\/portal\/index.php?rest_route=\/wp\/v2\/media\/50946"}],"wp:attachment":[{"href":"https:\/\/aconteceunovale.com.br\/portal\/index.php?rest_route=%2Fwp%2Fv2%2Fmedia&parent=50945"}],"wp:term":[{"taxonomy":"category","embeddable":true,"href":"https:\/\/aconteceunovale.com.br\/portal\/index.php?rest_route=%2Fwp%2Fv2%2Fcategories&post=50945"},{"taxonomy":"post_tag","embeddable":true,"href":"https:\/\/aconteceunovale.com.br\/portal\/index.php?rest_route=%2Fwp%2Fv2%2Ftags&post=50945"}],"curies":[{"name":"wp","href":"https:\/\/api.w.org\/{rel}","templated":true}]}}