{"id":50941,"date":"2015-01-23T22:10:00","date_gmt":"2015-01-24T01:10:00","guid":{"rendered":"http:\/\/aconteceunovale.com.br\/portal\/?p=50941"},"modified":"2015-01-23T22:10:00","modified_gmt":"2015-01-24T01:10:00","slug":"governo-de-minas-anuncia-uma-serie-de-acoes-para-enfrentar-a-crise-no-abastecimento-de-agua","status":"publish","type":"post","link":"https:\/\/aconteceunovale.com.br\/portal\/?p=50941","title":{"rendered":"Governo de Minas anuncia uma s\u00e9rie de a\u00e7\u00f5es para enfrentar a crise no abastecimento de \u00e1gua"},"content":{"rendered":"<h4><strong><em>Governador espera que a sociedade responda positivamente, contribuindo para reduzir os impactos da situa\u00e7\u00e3o.<\/em><\/strong><\/h4>\n<p>O governador Fernando Pimentel anunciou, nesta sexta-feira (23\/01), uma s\u00e9rie de a\u00e7\u00f5es do Governo do Estado para tentar contornar a crise de abastecimento de \u00e1gua em Minas Gerais, que afeta principalmente a Regi\u00e3o Metropolitana de Belo Horizonte (RMBH). Entre elas, est\u00e1 a cria\u00e7\u00e3o de uma for\u00e7a-tarefa entre secret\u00e1rios estaduais e presidentes de empresas e autarquias para a elabora\u00e7\u00e3o e execu\u00e7\u00e3o de projetos destinados a minimizar o problema. Na pr\u00f3xima semana, Pimentel tamb\u00e9m ir\u00e1 se reunir com a presidente Dilma Rousseff em busca de apoio nas a\u00e7\u00f5es desenvolvidas pelo Estado.<\/p>\n<p>Al\u00e9m das a\u00e7\u00f5es emergenciais anunciadas pela Companhia de Saneamento de Minas Gerais (Copasa), como a campanha para redu\u00e7\u00e3o de 30% no consumo de \u00e1gua pela popula\u00e7\u00e3o da regi\u00e3o metropolitana da capital e as interven\u00e7\u00f5es visando a diminui\u00e7\u00e3o do desperd\u00edcio da \u00e1gua disponibilizada pela companhia, o governador tamb\u00e9m destacou as a\u00e7\u00f5es de curto, m\u00e9dio e longo prazo que ser\u00e3o desenvolvidas.<\/p>\n<p>\u201cTodos os sinais apontam para a necessidade de uma a\u00e7\u00e3o muito efetiva do Governo Estadual, com o apoio da popula\u00e7\u00e3o e com o apoio da imprensa, para divulgar as medidas para que possamos reduzir o consumo e conseguirmos atravessar o ano sem desabastecimento\u201d, afirmou Pimentel durante coletiva de imprensa no Pal\u00e1cio Tiradentes.<\/p>\n<p>A for\u00e7a-tarefa ir\u00e1 centralizar e coordenar todos os esfor\u00e7os do Governo do Estado nessa dire\u00e7\u00e3o. \u201cN\u00f3s j\u00e1 identificamos uma s\u00e9rie de projetos e programas que estavam dispersos na administra\u00e7\u00e3o estadual e at\u00e9 federal, como projetos de constru\u00e7\u00e3o de pequenas barragens em bacias hidrogr\u00e1ficas no interior do Estado, no Norte de Minas, e que n\u00e3o faziam parte de um esfor\u00e7o, de um planejamento integrado\u201d, disse o governador.<\/p>\n<p><img decoding=\"async\" src=\"http:\/\/aconteceunovale.com.br\/portal\/wp-content\/uploads\/2015\/01\/governo_de_minas_anuncia.jpg\" alt=\"\" \/><em>Governador de Minas Gerais, Fernando Pimentel (PT), anunciou uma s\u00e9rie de a\u00e7\u00f5es para contornar a crise de abastecimento de \u00e1gua &#8211; Foto: Wellington Pedro\/Ag\u00eancia Minas<\/em><br \/>\n<\/br><\/p>\n<h4>Medidas<\/h4>\n<p>A\u00e7\u00f5es publicit\u00e1rias sobre a import\u00e2ncia do consumo respons\u00e1vel tamb\u00e9m ser\u00e3o veiculadas a partir da pr\u00f3xima semana. Ainda segundo Pimentel, o Estado est\u00e1 se esfor\u00e7ando para conseguir autoriza\u00e7\u00e3o do Instituto Mineiro de Gest\u00e3o das \u00c1guas (Igam) para iniciar uma pol\u00edtica de sobretaxa na conta de \u00e1gua para iniciar a redu\u00e7\u00e3o de consumo com mais rapidez.<\/p>\n<p>J\u00e1 a m\u00e9dio prazo est\u00e3o previstas a realiza\u00e7\u00e3o de obras para alterar o ponto de capta\u00e7\u00e3o de \u00e1gua do rio Paraopeba no sentido de refor\u00e7ar o reservat\u00f3rio do rio Manso \u2013 principais respons\u00e1veis pelo abastecimento da capital e regi\u00e3o metropolitana. O secret\u00e1rio de Estado de Transportes e Obras P\u00fablicas, Murilo Valadares, informou que est\u00e1 sendo analisada a viabilidade jur\u00eddica para utiliza\u00e7\u00e3o da parceria p\u00fablico-privada no rio Manso para ampliar em quatro metros c\u00fabicos por segundo a capta\u00e7\u00e3o de \u00e1gua no rio Paraopeba, com a implanta\u00e7\u00e3o de uma adutora com quatro quil\u00f4metros de extens\u00e3o.<\/p>\n<p>\u201cVamos fazer todo o esfor\u00e7o esse ano porque pode acontecer de outubro n\u00e3o chover. Ent\u00e3o, nosso esfor\u00e7o, quatro metros c\u00fabicos, resolve muita coisa em Belo Horizonte a curto prazo. A m\u00e9dio prazo, estamos olhando para o rio Taquara\u00e7u, que \u00e9 mais importante que o rio Jaboticatubas. Estamos olhando a possibilidade de fazer uma barragem no rio das Velhas e tamb\u00e9m tem outra capta\u00e7\u00e3o no rio Paraopeba de mais um metro c\u00fabico para Serra Azul\u201d, explicou o secret\u00e1rio.<\/p>\n<p>A longo prazo, o governo estadual planeja refor\u00e7ar a capta\u00e7\u00e3o de \u00e1gua no rio das Velhas com a constru\u00e7\u00e3o de reservat\u00f3rios e estudos para capta\u00e7\u00e3o na bacia do rio Jaboticatubas. Ainda durante a coletiva, Pimentel lamentou o atraso nas a\u00e7\u00f5es desenvolvidas pelo governo anterior para prevenir a falta de \u00e1gua no Estado.<\/p>\n<p>\u201cA inclina\u00e7\u00e3o da curva do n\u00edvel dos reservat\u00f3rios do sistema Paraopeba, que abastece a regi\u00e3o metropolitana, indicava a necessidade de algum tipo de medida de conten\u00e7\u00e3o de consumo. Nada foi feito e, hoje, n\u00f3s temos que enfrentar essa situa\u00e7\u00e3o com mais empenho. Essa \u00e9 uma quest\u00e3o grave que afeta o Estado de Minas Gerais como um todo e n\u00f3s vamos precisar muito da colabora\u00e7\u00e3o da popula\u00e7\u00e3o\u201d, afirmou.<\/p>\n<h4>Legisla\u00e7\u00e3o<\/h4>\n<p>A Copasa iniciou processo junto ao Instituto Mineiro de Gest\u00e3o das \u00c1guas (Igam) no sentido de adotar medidas que possam levar a um consumo mais consciente, for\u00e7ando a redu\u00e7\u00e3o da demanda por parte da popula\u00e7\u00e3o. O secret\u00e1rio de Estado de Casa Civil e de Rela\u00e7\u00f5es Institucionais, Marco Ant\u00f4nio Rezende Teixeira, lembrou que a legisla\u00e7\u00e3o relativa ao tema \u00e9 federal e atende todas as quest\u00f5es necess\u00e1rias, \u201ctanto de eventual racionamento, como de aplica\u00e7\u00e3o de outros meios, e a\u00ed s\u00e3o os financeiros, tarifa ou redu\u00e7\u00e3o de tarifa para incentivo, uma s\u00e9rie de outros fatores que podem ser feitos para contornar essa situa\u00e7\u00e3o\u201d. Levantamento da Defesa Civil mostra que, dos 224 munic\u00edpios mineiros que n\u00e3o s\u00e3o atendidos pela Copasa, 50 deles j\u00e1 se encontram com racionamento de \u00e1gua e outros 13 com a pr\u00e1tica de rod\u00edzio. Al\u00e9m deles, outras 36 cidades j\u00e1 est\u00e3o em situa\u00e7\u00e3o de alerta. (Ag\u00eancia Minas)<\/p>\n","protected":false},"excerpt":{"rendered":"<p>Governador espera que a sociedade responda positivamente, contribuindo para reduzir os impactos da situa\u00e7\u00e3o. O governador Fernando Pimentel anunciou, nesta sexta-feira (23\/01), uma s\u00e9rie de a\u00e7\u00f5es do Governo do Estado para tentar contornar a crise de abastecimento de \u00e1gua em Minas Gerais, que afeta principalmente a Regi\u00e3o Metropolitana de Belo Horizonte (RMBH). Entre elas, est\u00e1 [&hellip;]<\/p>\n","protected":false},"author":1,"featured_media":50942,"comment_status":"open","ping_status":"closed","sticky":false,"template":"","format":"standard","meta":{"amp_status":"","footnotes":""},"categories":[123],"tags":[31162,31156,31157,1018,31161,16168,31158,12826,6546,31155,31160,31163,26520,11662,31159],"class_list":["post-50941","post","type-post","status-publish","format-standard","has-post-thumbnail","hentry","category-gerais","tag-acoes-para-enfrentar-a-falta-de-agua-em-minas-gerais","tag-crise-no-abastecimento-de-agua","tag-crise-no-abastecimento-de-agua-em-minas-gerais","tag-destaque","tag-economia-de-agua-em-minas-gerais","tag-estiagem-em-minas-gerais","tag-falta-dagua-em-minas-gerais","tag-fernando-pimentel","tag-governo-de-minas","tag-governo-de-minas-anuncia-acoes-para-enfrentar-a-crise-no-abastecimento-de-agua","tag-governo-de-minas-anuncia-uma-serie-de-acoes-para-enfrentar-a-crise-no-abastecimento-de-agua","tag-medinas-para-enfrentar-a-falta-de-agua-em-minas-gerais","tag-pimentel","tag-seca-em-minas-gerais","tag-situacao-de-colapso-por-causa-da-falta-dagua-em-minas-gerais"],"_links":{"self":[{"href":"https:\/\/aconteceunovale.com.br\/portal\/index.php?rest_route=\/wp\/v2\/posts\/50941","targetHints":{"allow":["GET"]}}],"collection":[{"href":"https:\/\/aconteceunovale.com.br\/portal\/index.php?rest_route=\/wp\/v2\/posts"}],"about":[{"href":"https:\/\/aconteceunovale.com.br\/portal\/index.php?rest_route=\/wp\/v2\/types\/post"}],"author":[{"embeddable":true,"href":"https:\/\/aconteceunovale.com.br\/portal\/index.php?rest_route=\/wp\/v2\/users\/1"}],"replies":[{"embeddable":true,"href":"https:\/\/aconteceunovale.com.br\/portal\/index.php?rest_route=%2Fwp%2Fv2%2Fcomments&post=50941"}],"version-history":[{"count":0,"href":"https:\/\/aconteceunovale.com.br\/portal\/index.php?rest_route=\/wp\/v2\/posts\/50941\/revisions"}],"wp:featuredmedia":[{"embeddable":true,"href":"https:\/\/aconteceunovale.com.br\/portal\/index.php?rest_route=\/wp\/v2\/media\/50942"}],"wp:attachment":[{"href":"https:\/\/aconteceunovale.com.br\/portal\/index.php?rest_route=%2Fwp%2Fv2%2Fmedia&parent=50941"}],"wp:term":[{"taxonomy":"category","embeddable":true,"href":"https:\/\/aconteceunovale.com.br\/portal\/index.php?rest_route=%2Fwp%2Fv2%2Fcategories&post=50941"},{"taxonomy":"post_tag","embeddable":true,"href":"https:\/\/aconteceunovale.com.br\/portal\/index.php?rest_route=%2Fwp%2Fv2%2Ftags&post=50941"}],"curies":[{"name":"wp","href":"https:\/\/api.w.org\/{rel}","templated":true}]}}