{"id":50937,"date":"2015-01-23T21:58:05","date_gmt":"2015-01-24T00:58:05","guid":{"rendered":"http:\/\/aconteceunovale.com.br\/portal\/?p=50937"},"modified":"2015-01-23T21:58:05","modified_gmt":"2015-01-24T00:58:05","slug":"minas-gerais-tem-o-maior-numero-de-inscritos-no-sisu","status":"publish","type":"post","link":"https:\/\/aconteceunovale.com.br\/portal\/?p=50937","title":{"rendered":"Minas Gerais tem o maior n\u00famero de inscritos no SiSU"},"content":{"rendered":"<h4><strong><em>Indica\u00e7\u00e3o \u00e9 do relat\u00f3rio preliminar do Minist\u00e9rio da Educa\u00e7\u00e3o, divulgado no \u00faltimo dia para participa\u00e7\u00e3o. Marca de inscri\u00e7\u00f5es no Estado superou S\u00e3o Paulo e Rio de Janeiro<\/em><\/strong><\/h4>\n<p>Minas Gerais fechou os \u00faltimos minutos do prazo para participa\u00e7\u00e3o na primeira edi\u00e7\u00e3o de 2015 do Sistema de Sele\u00e7\u00e3o Unificada (Sisu), do Minist\u00e9rio da Educa\u00e7\u00e3o, com o maior n\u00famero de estudantes inscritos. Segundo dados do Minist\u00e9rio, at\u00e9 \u00e0s 18h de quinta-feira (22), dos 2,6 milh\u00f5es de alunos registrados, mais de 310 mil eram do Estado. Minas tamb\u00e9m j\u00e1 havia come\u00e7ado o processo com o maior n\u00famero de munic\u00edpios atendidos (65) em suas 24,9 mil vagas para 754 cursos, de 18 institui\u00e7\u00f5es cadastradas.<\/p>\n<p>O Sisu abriu a semana com 205,5 mil vagas em 5.631 cursos e 128 institui\u00e7\u00f5es p\u00fablicas de ensino superior. At\u00e9 o quarto dia, conforme o hor\u00e1rio de fechamento do relat\u00f3rio divulgado pelo Minist\u00e9rio da Educa\u00e7\u00e3o, o Estado teve a segunda institui\u00e7\u00e3o com mais inscri\u00e7\u00f5es efetuadas, a Universidade Federal de Minas Gerais (UFMG), num total de 177,7 mil inscri\u00e7\u00f5es.<\/p>\n<p>Para o secret\u00e1rio de Estado de Ci\u00eancia, Tecnologia e Ensino Superior, Miguel Corr\u00eaa, \u201ca participa\u00e7\u00e3o dos mineiros no processo demonstra o interesse que os nossos jovens t\u00eam de buscar a qualifica\u00e7\u00e3o\u201d. Por isso, destaca o secret\u00e1rio, \u201c\u00e9 cada vez mais importante investir na forma\u00e7\u00e3o e na qualidade do servi\u00e7o prestado em todos os n\u00edveis da educa\u00e7\u00e3o, inclusive no ensino superior. Este, inclusive, \u00e9 um dos grandes desafios que temos pela frente na secretaria\u201d, refor\u00e7a.<\/p>\n<p>Vale lembrar que os dados do Minist\u00e9rio ainda s\u00e3o preliminares, tendo em vista que a divulga\u00e7\u00e3o do resultado final ocorrer\u00e1 na segunda-feira (26), na p\u00e1gina do Sisu. O endere\u00e7o \u00e9 o www.sisu.mec.gov.br. Al\u00e9m disso, candidatos que n\u00e3o constarem na lista de escolhidos v\u00e3o poder participar da lista de espera, no intervalo de 26 de janeiro a 6 de fevereiro.<\/p>\n<h4>UEMG<\/h4>\n<p>Entre os cursos mais procurados nesta primeira edi\u00e7\u00e3o do Sisu, os tr\u00eas principais foram Administra\u00e7\u00e3o (295,7 mil), Direito (254,2 mil) e Pedagogia (231,4 mil). Todos eles estavam na lista de ofertas da representante da rede estadual no Sisu neste ano, a Universidade do Estado de Minas Gerais (UEMG).<\/p>\n<p>A Universidade ofertou quase 2.900 vagas em 2015. Os cursos oferecidos, entre as op\u00e7\u00f5es de gradua\u00e7\u00e3o, licenciatura e tecnol\u00f3gico, foram: Administra\u00e7\u00e3o, Agronomia, Alimentos, Biomedicina, Ci\u00eancias Biol\u00f3gicas, Ci\u00eancias Cont\u00e1beis, Comunica\u00e7\u00e3o Social (Jornalismo, Publicidade e Propaganda), Design Gr\u00e1fico, Design de Produto, Direito, Educa\u00e7\u00e3o F\u00edsica, Enfermagem, Engenharia Ambiental, Engenharia Civil, Engenharia de Computa\u00e7\u00e3o, Engenharia El\u00e9trica, Engenharia Metal\u00fargica, Engenharia de Minas, Engenharia de Produ\u00e7\u00e3o, Est\u00e9tica e Cosm\u00e9tica, F\u00edsica, Fisioterapia, Geografia, Gest\u00e3o Comercial, Gest\u00e3o das Organiza\u00e7\u00f5es do Terceiro Setor, Gest\u00e3o de Recursos Humanos, Gest\u00e3o P\u00fablica, Hist\u00f3ria, Letras (Portugu\u00eas e Ingl\u00eas), Matem\u00e1tica, Pedagogia, Produ\u00e7\u00e3o Sucroalcooleira, Psicologia, Qu\u00edmica, Servi\u00e7o Social, Sistemas de Informa\u00e7\u00e3o e Turismo.<\/p>\n<h4>Sisu<\/h4>\n<p>O sistema informatizado, criado pelo Minist\u00e9rio da Educa\u00e7\u00e3o, re\u00fane informa\u00e7\u00f5es sobre vagas dispon\u00edveis em institui\u00e7\u00f5es p\u00fablicas de ensino superior e, de forma autom\u00e1tica, realiza a sele\u00e7\u00e3o dos estudantes conforme a nota de corte e o resultado obtido no Exame Nacional do Ensino M\u00e9dio (Enem). (Ag\u00eancia Minas)<\/p>\n","protected":false},"excerpt":{"rendered":"<p>Indica\u00e7\u00e3o \u00e9 do relat\u00f3rio preliminar do Minist\u00e9rio da Educa\u00e7\u00e3o, divulgado no \u00faltimo dia para participa\u00e7\u00e3o. Marca de inscri\u00e7\u00f5es no Estado superou S\u00e3o Paulo e Rio de Janeiro Minas Gerais fechou os \u00faltimos minutos do prazo para participa\u00e7\u00e3o na primeira edi\u00e7\u00e3o de 2015 do Sistema de Sele\u00e7\u00e3o Unificada (Sisu), do Minist\u00e9rio da Educa\u00e7\u00e3o, com o maior [&hellip;]<\/p>\n","protected":false},"author":1,"featured_media":30725,"comment_status":"open","ping_status":"closed","sticky":false,"template":"","format":"standard","meta":{"amp_status":"","footnotes":""},"categories":[123],"tags":[31150,28880,31151,2323,31152],"class_list":["post-50937","post","type-post","status-publish","format-standard","has-post-thumbnail","hentry","category-gerais","tag-minas-gerais-tem-o-maior-numero-de-inscritos-no-sisu","tag-sistema-de-selecao-unificada","tag-sistema-de-selecao-unificada-minas-gerais","tag-sisu","tag-sisu-minas-gerais"],"_links":{"self":[{"href":"https:\/\/aconteceunovale.com.br\/portal\/index.php?rest_route=\/wp\/v2\/posts\/50937","targetHints":{"allow":["GET"]}}],"collection":[{"href":"https:\/\/aconteceunovale.com.br\/portal\/index.php?rest_route=\/wp\/v2\/posts"}],"about":[{"href":"https:\/\/aconteceunovale.com.br\/portal\/index.php?rest_route=\/wp\/v2\/types\/post"}],"author":[{"embeddable":true,"href":"https:\/\/aconteceunovale.com.br\/portal\/index.php?rest_route=\/wp\/v2\/users\/1"}],"replies":[{"embeddable":true,"href":"https:\/\/aconteceunovale.com.br\/portal\/index.php?rest_route=%2Fwp%2Fv2%2Fcomments&post=50937"}],"version-history":[{"count":0,"href":"https:\/\/aconteceunovale.com.br\/portal\/index.php?rest_route=\/wp\/v2\/posts\/50937\/revisions"}],"wp:featuredmedia":[{"embeddable":true,"href":"https:\/\/aconteceunovale.com.br\/portal\/index.php?rest_route=\/wp\/v2\/media\/30725"}],"wp:attachment":[{"href":"https:\/\/aconteceunovale.com.br\/portal\/index.php?rest_route=%2Fwp%2Fv2%2Fmedia&parent=50937"}],"wp:term":[{"taxonomy":"category","embeddable":true,"href":"https:\/\/aconteceunovale.com.br\/portal\/index.php?rest_route=%2Fwp%2Fv2%2Fcategories&post=50937"},{"taxonomy":"post_tag","embeddable":true,"href":"https:\/\/aconteceunovale.com.br\/portal\/index.php?rest_route=%2Fwp%2Fv2%2Ftags&post=50937"}],"curies":[{"name":"wp","href":"https:\/\/api.w.org\/{rel}","templated":true}]}}