{"id":50928,"date":"2015-01-23T20:35:31","date_gmt":"2015-01-23T23:35:31","guid":{"rendered":"http:\/\/aconteceunovale.com.br\/portal\/?p=50928"},"modified":"2015-01-23T20:52:28","modified_gmt":"2015-01-23T23:52:28","slug":"pelo-menos-14-cidades-ja-cancelaram-o-carnaval-em-minas-gerais","status":"publish","type":"post","link":"https:\/\/aconteceunovale.com.br\/portal\/?p=50928","title":{"rendered":"Pelo menos 14 cidades j\u00e1 cancelaram o Carnaval em Minas Gerais"},"content":{"rendered":"<h4><strong><em>Os cancelamentos ocorreram por causa de racionamento de \u00e1gua, o medo de uma \u201cinvas\u00e3o\u201d de foli\u00f5es e o corte de verbas.<\/em><\/strong><\/h4>\n<p>A crise h\u00eddrica que atinge Minas Gerais, o medo de uma \u201cinvas\u00e3o\u201d de foli\u00f5es e o corte de verbas fizeram com que pelo menos 14 cidades no Interior do Estado cancelassem o Carnaval. Doze das 14 cidades ficam na regi\u00e3o Centro-Oeste de Minas. Com a seca que atinge Minas desde o in\u00edcio do ano, os munic\u00edpios optaram por n\u00e3o ter as festas, j\u00e1 que nesse per\u00edodo o n\u00famero de turistas faz com que o consumo de \u00e1gua aumente muito.<\/p>\n<p>O cancelamento das cidades por causa da crise h\u00eddrica levou outros munic\u00edpios do entorno a tamb\u00e9m optaram por suspender as festas j\u00e1 que poderia haver uma migra\u00e7\u00e3o de foli\u00f5es e com isso aumentar muito o fluxo de p\u00fablico, fazendo com que essas cidades n\u00e3o tenha seguran\u00e7a ou estrutura para receber a &#8220;invas\u00e3o&#8221; desses foli\u00f5es.<\/p>\n<p>Nesta sexta-feira (23) Carmo Da Mata suspendeu a folia por esse motivo. De acordo com a assessoria de imprensa da cidade, como v\u00e1rios munic\u00edpios em seu entorno tamb\u00e9m cancelaram as festas, Carmo da Mata optou por fazer o mesmo, j\u00e1 que haveria dificuldades de seguran\u00e7a e tamb\u00e9m poderia causar problemas aos moradores da cidade.<\/p>\n<p>Outra cidade exemplo desse mesmo motivo \u00e9 Passatempo, tamb\u00e9m no Centro-Oeste de Minas. Por meio de nota publicada no Facebook da cidade, a prefeitura da cidade informou que \u201cse o munic\u00edpio realizasse sozinho n\u00e3o comportaria o fluxo de pessoas, colocando em risco a seguran\u00e7a tanto da popula\u00e7\u00e3o quanto dos visitantes. Outro motivo foi a prov\u00e1vel falta de \u00e1gua que poderia ocorrer nas festividades. A situa\u00e7\u00e3o atual de abastecimento de \u00e1gua no munic\u00edpio est\u00e1 em sinal de alerta\u201d, afirma o texto. Carm\u00f3polis de Minas, na mesma regi\u00e3o tamb\u00e9m cancelou pelo mesmo motivo. <\/p>\n<p>Al\u00e9m desse problema, o corte de gastos \u00e9 o outro motivo para os cancelamentos. Dos 14 cancelamentos, quatro  tiveram como problema prim\u00e1rio o racionamento da \u00e1gua: Itaguara, na regi\u00e3o metropolitana da capital, Oliveira, Itapecerica e S\u00e3o Gon\u00e7alo do Par\u00e1 ambas na regi\u00e3o Centro-Oeste da cidade.<\/p>\n<p><img decoding=\"async\" src=\"http:\/\/aconteceunovale.com.br\/portal\/wp-content\/uploads\/2015\/01\/formiga_mg.jpg\" alt=\"\" \/><em>Formiga \u00e9 uma das cidades que cancelaram o evento &#8211; Foto: Reprodu\u00e7\u00e3o \/ Panoramio<\/em><br \/>\n<\/br><\/p>\n<p>Saiba um pouco mais sobre os cancelamentos em cada cidade:<\/p>\n<h4>Itaguara<\/h4>\n<p>Itaguara, na regi\u00e3o metropolitana de Belo Horizonte divulgou um comunicado na \u00faltima quinta-feira (22), no site da prefeitura da cidade anunciando que neste ano n\u00e3o haver\u00e1 folia j\u00e1 que a cidade passa pela pior crise h\u00eddrica de sua hist\u00f3ria.<\/p>\n<p>Ainda segundo o comunicado, a cidade est\u00e1 prestes a ter que adotar um rod\u00edzio de \u00e1gua e por isso n\u00e3o \u00e9 poss\u00edvel receber os foli\u00f5es durante o per\u00edodo do carnaval, j\u00e1 que o n\u00famero de pessoas na cidade aumenta muito e n\u00e3o h\u00e1 capacidade para atender a demanda.<\/p>\n<h4>Itapecerica<\/h4>\n<p>A cidade de Itapecerica, no Centro-Oeste de Minas, suspendeu o tradicional  \u201cCarnaval Itabeleza 2015\u201d por causa do racionamento de \u00e1gua nos pr\u00f3ximos dias. Um comunicado foi divulgado pela prefeitura explicando que a cidade n\u00e3o poderia receber mais pessoas durante o feriado.  O munic\u00edpio j\u00e1 est\u00e1 com escassez de \u00e1gua por causa de uma baixa nos n\u00edveis das represas e se recebesse um n\u00famero grande de turistas a situa\u00e7\u00e3o se agravaria muito.<\/p>\n<h4>Oliveira<\/h4>\n<p>A cidade que fica tamb\u00e9m na regi\u00e3o Centro-Oeste de Minas resolveu cancelar a folia por tr\u00eas motivos: a crise h\u00eddrica, a seguran\u00e7a e o excesso de turistas que poderia receber. Com 41 mil habitantes, a expectativa \u00e9 que mais 15 mil chegassem a cidade. A vaz\u00e3o do rio que j\u00e1 estava baixa na cidade poderia ficar ainda pior. No ano de 2014 j\u00e1 faltou \u00e1gua durante a folia.<\/p>\n<h4>S\u00e3o Gon\u00e7alo do Par\u00e1<\/h4>\n<p>Mais uma cidade da regi\u00e3o Centro-Oeste de Minas que cancelou a folia por preven\u00e7\u00e3o, para evitar que falte \u00e1gua e tamb\u00e9m por quest\u00f5es financeiras, j\u00e1 que a principal festa da cidade \u00e9 o rodeio e ela ser\u00e1 priorizada. De acordo com a assessoria de imprensa do munic\u00edpio, no ano passado faltou \u00e1gua na cidade no per\u00edodo do Carnaval. Ainda n\u00e3o falta \u00e1gua na cidade, mas a medida \u00e9 tomada como precau\u00e7\u00e3o.<\/p>\n<h4>Carm\u00f3polis de Minas<\/h4>\n<p>Na regi\u00e3o Centro Oeste, a cidade tamb\u00e9m anunciou nesta quinta-feira (22) o cancelamento das festividades pelo mesmo motivo de Passatempo. \u201ccabe salientar que al\u00e9m dos problemas com a aglomera\u00e7\u00e3o de foli\u00f5es, o munic\u00edpio est\u00e1 se precavendo de poss\u00edveis racionamentos ou falta de \u00e1gua como os vivenciados por v\u00e1rios Munic\u00edpios, devido ao baixo volume de chuvas\u201d, informou o munic\u00edpio por meio de nota.<\/p>\n<h4>Cl\u00e1udio<\/h4>\n<p>Cl\u00e1udio, na regi\u00e3o Centro-Oeste,  foi o primeiro munic\u00edpio a cancelar a folia no Estado. De acordo com a assessoria de imprensa, o munic\u00edpio optou por fazer um corte de gastos.  Ainda por meio da assessoria,  a prefeitura da cidade informou que vai resgatar as antigas festas nesse per\u00edodo fazendo um pr\u00e9-Carnaval, que consiste em festas nos dias 30 e 31 de janeiro. Neste ano a festa na cidade ser\u00e1 com as bandas Samb\u00f4 e Molejo. Segundo o executivo o Carnaval na cidade n\u00e3o tem muita ades\u00e3o.<\/p>\n<h4>Matheus Leme<\/h4>\n<p>O munic\u00edpio, na regi\u00e3o Central do Estado, suspendeu a festa por causa do corte de gastos.De acordo com o prefeito Marlon Guimar\u00e3es, a n\u00e3o-realiza\u00e7\u00e3o do evento vai permitir uma economia de R$ 300 mil para os cofres da cidade \u2013 que tem 30 mil habitantes e \u00e9 \u00fanica respons\u00e1vel por custear as festividades. <\/p>\n<h4>Formiga<\/h4>\n<p>O munic\u00edpio de Formiga, na regi\u00e3o Centro-Oeste passa pelo mesmo problema. Sem recursos e enfrentando uma crise financeira, a cidade suspendeu a festa e vai economizar cerca de R$ 200 mil sem a foli\u00e3o.<\/p>\n<h4>Santa Maria de Itabira<\/h4>\n<p>Tamb\u00e9m no Centro-Oeste, a cidade decidiu pelo cancelamento por causa do enfrentamento de uma crise financeira. O munic\u00edpio preferiu manter em dia o pagamento dos servidores e evitar o endividamento do executivo.<\/p>\n<h4>Arcos<\/h4>\n<p>Em Arcos, na regi\u00e3o Centro-Oeste, tamb\u00e9m est\u00e1 com o or\u00e7amento baixo e n\u00e3o vai realizar a folia. De acordo com a prefeitura da cidade, v\u00e1rias economias est\u00e3o sendo feitas no munic\u00edpio. O executivo informou ainda que a economia ser\u00e1 investida em sa\u00fade e em educa\u00e7\u00e3o<\/p>\n<h4>Piracema<\/h4>\n<p>Tamb\u00e9m na regi\u00e3o Centro-Oeste a folia da cidade foi cancelada, j\u00e1 que o munic\u00edpio enfrenta dificuldades financeiras. Segundo informado pela prefeitura da cidade est\u00e1 havendo um corte m\u00e1ximo de despesas e sendo priorizado o pagamento dos servidores.<\/p>\n<h4>S\u00e3o Francisco de Paula<\/h4>\n<p>Cidade no Centro-Oeste tamb\u00e9m est\u00e1 com problemas financeiros e n\u00e3o vai realizar a folia. A reportagem do Jornal O Tempo tentou contato com a prefeitura da cidade, mas foi informada que os respons\u00e1veis estavam em reuni\u00e3o e n\u00e3o recebeu retorno.<\/p>\n<p><strong><em>(Fonte: Jornal O Tempo)<\/em><\/strong><\/p>\n","protected":false},"excerpt":{"rendered":"<p>Os cancelamentos ocorreram por causa de racionamento de \u00e1gua, o medo de uma \u201cinvas\u00e3o\u201d de foli\u00f5es e o corte de verbas. A crise h\u00eddrica que atinge Minas Gerais, o medo de uma \u201cinvas\u00e3o\u201d de foli\u00f5es e o corte de verbas fizeram com que pelo menos 14 cidades no Interior do Estado cancelassem o Carnaval. Doze [&hellip;]<\/p>\n","protected":false},"author":1,"featured_media":50929,"comment_status":"open","ping_status":"closed","sticky":false,"template":"","format":"standard","meta":{"amp_status":"","footnotes":""},"categories":[123],"tags":[1514,31124,31098,31119,31109,31112,31116,31101,31104,31115,31106,31121,31117,31123,31108,31099,31103,1632,31125,31118,31110,31111,30521,31100,31102,31114,31105,31120,30524,31122,31107,31126,965,1513,6983,17303,31113,10060,31097,1641,1738,1644,1655],"class_list":["post-50928","post","type-post","status-publish","format-standard","has-post-thumbnail","hentry","category-gerais","tag-arcos","tag-cancelamento-de-carnaval-em-minas-gerais","tag-cancelamento-do-carnaval","tag-cancelamento-do-carnaval-de-arcos","tag-cancelamento-do-carnaval-de-carmopolis-de-minas","tag-cancelamento-do-carnaval-de-claudio","tag-cancelamento-do-carnaval-de-formiga","tag-cancelamento-do-carnaval-de-itaguara","tag-cancelamento-do-carnaval-de-itapecerica","tag-cancelamento-do-carnaval-de-matheus-leme","tag-cancelamento-do-carnaval-de-oliveira","tag-cancelamento-do-carnaval-de-piracema","tag-cancelamento-do-carnaval-de-santa-maria-de-itabira","tag-cancelamento-do-carnaval-de-sao-francisco-de-paula","tag-cancelamento-do-carnaval-de-sao-goncalo-do-para","tag-cancelamento-do-carnaval-por-causa-da-falta-dagua","tag-cancelamento-do-itapecerica","tag-carmopolis-de-minas","tag-carnaval-cancelado-em-minas-gerais","tag-carnaval-de-arcos","tag-carnaval-de-carmopolis-de-minas","tag-carnaval-de-claudio","tag-carnaval-de-formiga","tag-carnaval-de-itaguara","tag-carnaval-de-itapecerica","tag-carnaval-de-matheus-leme","tag-carnaval-de-oliveira","tag-carnaval-de-piracema","tag-carnaval-de-santa-maria-de-itabira","tag-carnaval-de-sao-francisco-de-paula","tag-carnaval-de-sao-goncalo-do-para","tag-cidades-que-cancelaram-o-carnaval-em-minas-gerais","tag-claudio","tag-formiga","tag-itaguara","tag-itapecerica","tag-matheus-leme","tag-oliveira","tag-pelo-menos-14-cidades-ja-cancelaram-o-carnaval-em-minas-gerais","tag-piracema","tag-santa-maria-de-itabira","tag-sao-francisco-de-paula","tag-sao-goncalo-do-para"],"_links":{"self":[{"href":"https:\/\/aconteceunovale.com.br\/portal\/index.php?rest_route=\/wp\/v2\/posts\/50928","targetHints":{"allow":["GET"]}}],"collection":[{"href":"https:\/\/aconteceunovale.com.br\/portal\/index.php?rest_route=\/wp\/v2\/posts"}],"about":[{"href":"https:\/\/aconteceunovale.com.br\/portal\/index.php?rest_route=\/wp\/v2\/types\/post"}],"author":[{"embeddable":true,"href":"https:\/\/aconteceunovale.com.br\/portal\/index.php?rest_route=\/wp\/v2\/users\/1"}],"replies":[{"embeddable":true,"href":"https:\/\/aconteceunovale.com.br\/portal\/index.php?rest_route=%2Fwp%2Fv2%2Fcomments&post=50928"}],"version-history":[{"count":0,"href":"https:\/\/aconteceunovale.com.br\/portal\/index.php?rest_route=\/wp\/v2\/posts\/50928\/revisions"}],"wp:featuredmedia":[{"embeddable":true,"href":"https:\/\/aconteceunovale.com.br\/portal\/index.php?rest_route=\/wp\/v2\/media\/50929"}],"wp:attachment":[{"href":"https:\/\/aconteceunovale.com.br\/portal\/index.php?rest_route=%2Fwp%2Fv2%2Fmedia&parent=50928"}],"wp:term":[{"taxonomy":"category","embeddable":true,"href":"https:\/\/aconteceunovale.com.br\/portal\/index.php?rest_route=%2Fwp%2Fv2%2Fcategories&post=50928"},{"taxonomy":"post_tag","embeddable":true,"href":"https:\/\/aconteceunovale.com.br\/portal\/index.php?rest_route=%2Fwp%2Fv2%2Ftags&post=50928"}],"curies":[{"name":"wp","href":"https:\/\/api.w.org\/{rel}","templated":true}]}}