{"id":50924,"date":"2015-01-23T20:10:45","date_gmt":"2015-01-23T23:10:45","guid":{"rendered":"http:\/\/aconteceunovale.com.br\/portal\/?p=50924"},"modified":"2015-01-23T20:12:08","modified_gmt":"2015-01-23T23:12:08","slug":"hospital-sao-vicente-de-paulo-de-aracuai-enfrenta-crise-financeira","status":"publish","type":"post","link":"https:\/\/aconteceunovale.com.br\/portal\/?p=50924","title":{"rendered":"Hospital S\u00e3o Vicente de Paulo de Ara\u00e7ua\u00ed enfrenta crise financeira"},"content":{"rendered":"<h4><strong><em>De acordo com o diretor da Institui\u00e7\u00e3o, h\u00e1 3 meses o estado n\u00e3o repassa os recursos que garantem pagamentos de despesas. A Secretaria Estadual da Sa\u00fade garante que vai pagar os atrasados na pr\u00f3xima semana.<\/em><\/strong><\/h4>\n<p>A crise enfrentada pelo Hospital S\u00e3o Vicente de Paulo de Ara\u00e7ua\u00ed, no Vale do Jequitinhonha, pode receber uma inje\u00e7\u00e3o de recursos do estado, na pr\u00f3xima semana, ap\u00f3s tr\u00eas meses de repasses financeiros atrasados.<\/p>\n<p><img decoding=\"async\" src=\"http:\/\/aconteceunovale.com.br\/portal\/wp-content\/uploads\/2015\/01\/hospital_ara_crise.jpg\" alt=\"\" \/><em>M\u00e9dicos do Hospital S\u00e3o Vicente n\u00e3o recebem h\u00e1 tr\u00eas meses &#8211; Foto: Gazeta de Ara\u00e7ua\u00ed<\/em><br \/>\n<\/br><\/p>\n<p>Ser\u00e3o feitos os pagamentos de todos os recursos atrasados aos prestadores hospitalares conveniados ao Sistema \u00danico de Sa\u00fade (SUS) em toda Minas Gerais. A informa\u00e7\u00e3o foi confirmada pelo Minist\u00e9rio P\u00fablico de Minas Gerais (MPMG), por meio do Centro de Apoio Operacional das Promotorias de Justi\u00e7a de Defesa da Sa\u00fade (CAO-Sa\u00fade), nesta quinta-feira (22).<\/p>\n<p>Segundo o coordenador do CAO-Sa\u00fade, promotor de Justi\u00e7a Gilmar de Assis, os pagamentos para todos os hospitais,  foram efetuados nos dias 14, 15 e 16 de janeiro, no valor pr\u00f3ximo a R$ 120 milh\u00f5es, referentes aos meses de outubro e novembro de 2014, ap\u00f3s abertura de dota\u00e7\u00e3o or\u00e7ament\u00e1ria e libera\u00e7\u00e3o junto \u00e0 Secretaria Estadual de Fazenda.<\/p>\n<p>\u201cO Fundo Nacional de Sa\u00fade (FNS) j\u00e1 fez o dep\u00f3sito dos recursos da m\u00e9dia e alta complexidade da compet\u00eancia de dezembro de 2015, que devem ser repassados pela Secretaria Estadual de Sa\u00fade (SES), na pr\u00f3xima semana, a todos os prestadores hospitalares conveniados ao SUS, cujos munic\u00edpios n\u00e3o s\u00e3o sede de Gest\u00e3o Plena do Sistema Municipal. Quanto a esses, os pagamentos j\u00e1 foram feitos diretamente, fundo a fundo, pelo Minist\u00e9rio da Sa\u00fade\u201d, explicou o promotor de Justi\u00e7a.<\/p>\n<p>A Chefia de Gabinete da Secretaria de Estado da Sa\u00fade (SES), esclareceu que n\u00e3o tem interesse na reten\u00e7\u00e3o desses recursos financeiros, devidos aos munic\u00edpios e prestadores hospitalares, por se tratarem de recursos carimbados para garantia da manuten\u00e7\u00e3o de a\u00e7\u00f5es e servi\u00e7os de sa\u00fade estrat\u00e9gicos.<\/p>\n<p>Conforme acordado entre o Minist\u00e9rio P\u00fablico e a SES, a Secretaria dever\u00e1 finalizar, at\u00e9 o final deste m\u00eas, o diagn\u00f3stico situacional referente ao pagamento, com recursos estaduais, aos prestadores hospitalares conveniados ao SUS e munic\u00edpios, dos programas estrat\u00e9gicos no \u00e2mbito do estado de Minas Gerais, tamb\u00e9m com atrasos desde 2014.<\/p>\n<p>Por fim, a terceira etapa consistir\u00e1 no levantamento de todos os d\u00e9bitos da SES em face dos munic\u00edpios e prestadores referentes aos cr\u00e9ditos de conv\u00eanios. O CAO-Sa\u00fade ser\u00e1 cientificado dos demais desdobramentos dessas provid\u00eancias pela SES.<\/p>\n<h4>Hospital S\u00e3o Vicente de Paulo<\/h4>\n<p>Em Ara\u00e7ua\u00ed, nem o diretor do Hospital S\u00e3o Vicente, Matheus Marinho, nem a secret\u00e1ria municipal de Sa\u00fade, Zuzu Loredo Rocha, n\u00e3o souberam precisar o valor dos repasses em atraso. Segundo Marinho, o hospital possui cerca de 90 leitos do SUS, e 150 funcion\u00e1rios. \u201cOs m\u00e9dicos est\u00e3o h\u00e1 tr\u00eas meses sem receber\u201d, disse ele. \u201cA despesa total mensal do hospital, gira em torno de R$ 500 a R$ 600 mil mensais\u201d, informou.<\/p>\n<p>A Uni\u00e3o repassa cerca de R$ 300 mil e o munic\u00edpio R$ 27 mil que segundo Marinho, est\u00e3o em dia com o hospital.<\/p>\n<h4>Crise afeta usu\u00e1rios<\/h4>\n<p>A crise financeira  da institui\u00e7\u00e3o, afetou o atendimento aos usu\u00e1rios. Uma paciente de 52 anos, residente no bairro S\u00e3o Francisco, em Ara\u00e7ua\u00ed, contou que necessitou fazer uma cirurgia simples no p\u00e9. Chegando l\u00e1 na data e hor\u00e1rio marcados, ap\u00f3s  cerca de um m\u00eas de espera, ela foi informada pelo m\u00e9dico que o procedimento n\u00e3o poderia ser feito pois a autoclave, aparelho que esteriliza os materiais cir\u00fargicos, estava quebrado.<\/p>\n<p>\u201cO m\u00e9dico a orientou a a fazer um outro procedimento. Quando ele se preparava para fazer a pequena cirurgia, foi avisada por uma enfermeira que seria imposs\u00edvel pois o hospital n\u00e3o dispunha de materiais para o curativo\u201d, disse a filha da dona de casa, que s\u00f3 conseguiu realizar o procedimento, no in\u00edcio da semana. \u201cUma vergonha. N\u00e3o tinha sequer kit de curativo\u201d, desabafou a dona de casa.<\/p>\n<p>O diretor do hospital reconheceu a crise mas, afirmou que o hospital possui duas autoclaves e uma delas est\u00e1 funcionando normalmente. \u201ccaso contr\u00e1rio, n\u00e3o poderiam ser realizadas outras cirurgias\u201d, diz ele.<\/p>\n<p>O hospital S\u00e3o Vicente de Paulo de Ara\u00e7ua\u00ed atende ainda pacientes de pelo menos 6 munic\u00edpios da regi\u00e3o. Outros hospitais do Vale do Jequitinhonha, a exemplo do Santa Rita, de Medina, hospital de Turmalina e Rubim, tamb\u00e9m denunciam que est\u00e3o vivendo uma s\u00e9ria crise financeira em raz\u00e3o dos repasses atrasados e que por isso, s\u00f3 est\u00e3o realizando atendimentos de urg\u00eancia.<\/p>\n<p>O governo estadual n\u00e3o informou as raz\u00f5es para o atraso no pagamento das verbas, mas disse que garantir\u00e1 o cumprimento da emenda 29, que garante a aplica\u00e7\u00e3o crescente em a\u00e7\u00f5es e servi\u00e7os p\u00fablicos de sa\u00fade.<\/p>\n<p><strong><em>(Fonte: Gazeta de Ara\u00e7ua\u00ed e Minist\u00e9rio P\u00fablico de Minas Gerais)<\/em><\/strong><\/p>\n","protected":false},"excerpt":{"rendered":"<p>De acordo com o diretor da Institui\u00e7\u00e3o, h\u00e1 3 meses o estado n\u00e3o repassa os recursos que garantem pagamentos de despesas. A Secretaria Estadual da Sa\u00fade garante que vai pagar os atrasados na pr\u00f3xima semana. A crise enfrentada pelo Hospital S\u00e3o Vicente de Paulo de Ara\u00e7ua\u00ed, no Vale do Jequitinhonha, pode receber uma inje\u00e7\u00e3o de [&hellip;]<\/p>\n","protected":false},"author":1,"featured_media":50925,"comment_status":"open","ping_status":"closed","sticky":false,"template":"","format":"standard","meta":{"amp_status":"","footnotes":""},"categories":[120],"tags":[186,21872,31094,31095,31096],"class_list":["post-50924","post","type-post","status-publish","format-standard","has-post-thumbnail","hentry","category-jequi","tag-aracuai","tag-hospital-sao-vicente-de-paulo-de-aracuai","tag-hospital-sao-vicente-de-paulo-de-aracuai-enfrenta-crise-financeira","tag-matheus-marinh","tag-zuzu-loredo-rocha"],"_links":{"self":[{"href":"https:\/\/aconteceunovale.com.br\/portal\/index.php?rest_route=\/wp\/v2\/posts\/50924","targetHints":{"allow":["GET"]}}],"collection":[{"href":"https:\/\/aconteceunovale.com.br\/portal\/index.php?rest_route=\/wp\/v2\/posts"}],"about":[{"href":"https:\/\/aconteceunovale.com.br\/portal\/index.php?rest_route=\/wp\/v2\/types\/post"}],"author":[{"embeddable":true,"href":"https:\/\/aconteceunovale.com.br\/portal\/index.php?rest_route=\/wp\/v2\/users\/1"}],"replies":[{"embeddable":true,"href":"https:\/\/aconteceunovale.com.br\/portal\/index.php?rest_route=%2Fwp%2Fv2%2Fcomments&post=50924"}],"version-history":[{"count":0,"href":"https:\/\/aconteceunovale.com.br\/portal\/index.php?rest_route=\/wp\/v2\/posts\/50924\/revisions"}],"wp:featuredmedia":[{"embeddable":true,"href":"https:\/\/aconteceunovale.com.br\/portal\/index.php?rest_route=\/wp\/v2\/media\/50925"}],"wp:attachment":[{"href":"https:\/\/aconteceunovale.com.br\/portal\/index.php?rest_route=%2Fwp%2Fv2%2Fmedia&parent=50924"}],"wp:term":[{"taxonomy":"category","embeddable":true,"href":"https:\/\/aconteceunovale.com.br\/portal\/index.php?rest_route=%2Fwp%2Fv2%2Fcategories&post=50924"},{"taxonomy":"post_tag","embeddable":true,"href":"https:\/\/aconteceunovale.com.br\/portal\/index.php?rest_route=%2Fwp%2Fv2%2Ftags&post=50924"}],"curies":[{"name":"wp","href":"https:\/\/api.w.org\/{rel}","templated":true}]}}