{"id":50921,"date":"2015-01-23T19:56:20","date_gmt":"2015-01-23T22:56:20","guid":{"rendered":"http:\/\/aconteceunovale.com.br\/portal\/?p=50921"},"modified":"2015-01-23T19:56:20","modified_gmt":"2015-01-23T22:56:20","slug":"suspeito-de-chefiar-o-trafico-de-drogas-em-coracao-de-jesus-e-preso-pela-policia-militar","status":"publish","type":"post","link":"https:\/\/aconteceunovale.com.br\/portal\/?p=50921","title":{"rendered":"Suspeito de chefiar o tr\u00e1fico de drogas em Cora\u00e7\u00e3o de Jesus \u00e9 preso pela Pol\u00edcia Militar"},"content":{"rendered":"<h4><strong><em>Suspeito tentou fugir, mas foi preso no Bairro Alto Bom Jesus. Ele tem v\u00e1rias passagens por tr\u00e1fico de drogas e roubos, diz PM.<\/em><\/strong><\/h4>\n<p>A Pol\u00edcia Militar de Cora\u00e7\u00e3o de Jesus, no Norte de Minas, prendeu na tarde desta sexta-feira (23) um homem, de 31 anos, suspeito de ser o chefe do tr\u00e1fico de drogas na cidade. De acordo com a PM, durante uma opera\u00e7\u00e3o, para o cumprimento de mandado de pris\u00e3o, policiais avistaram o homem, que fugiu.<\/p>\n<p>O suspeito, de acordo com a PM, entrou em uma casa no Bairro Alto Bom Jesus, mas foi encontrado e preso. Informa\u00e7\u00f5es da PM revelaram ainda que o suspeito possui diversas passagens por tr\u00e1fico de drogas e roubo. (G1)<\/p>\n","protected":false},"excerpt":{"rendered":"<p>Suspeito tentou fugir, mas foi preso no Bairro Alto Bom Jesus. Ele tem v\u00e1rias passagens por tr\u00e1fico de drogas e roubos, diz PM. A Pol\u00edcia Militar de Cora\u00e7\u00e3o de Jesus, no Norte de Minas, prendeu na tarde desta sexta-feira (23) um homem, de 31 anos, suspeito de ser o chefe do tr\u00e1fico de drogas na [&hellip;]<\/p>\n","protected":false},"author":1,"featured_media":26328,"comment_status":"open","ping_status":"closed","sticky":false,"template":"","format":"standard","meta":{"amp_status":"","footnotes":""},"categories":[1236],"tags":[1801,31093,31092],"class_list":["post-50921","post","type-post","status-publish","format-standard","has-post-thumbnail","hentry","category-norte_de_minas","tag-coracao-de-jesus","tag-suspeito-de-chefiar-o-trafico-de-drogas-em-coracao-de-jesus","tag-suspeito-de-chefiar-o-trafico-de-drogas-em-coracao-de-jesus-e-preso-pela-policia-militar"],"_links":{"self":[{"href":"https:\/\/aconteceunovale.com.br\/portal\/index.php?rest_route=\/wp\/v2\/posts\/50921","targetHints":{"allow":["GET"]}}],"collection":[{"href":"https:\/\/aconteceunovale.com.br\/portal\/index.php?rest_route=\/wp\/v2\/posts"}],"about":[{"href":"https:\/\/aconteceunovale.com.br\/portal\/index.php?rest_route=\/wp\/v2\/types\/post"}],"author":[{"embeddable":true,"href":"https:\/\/aconteceunovale.com.br\/portal\/index.php?rest_route=\/wp\/v2\/users\/1"}],"replies":[{"embeddable":true,"href":"https:\/\/aconteceunovale.com.br\/portal\/index.php?rest_route=%2Fwp%2Fv2%2Fcomments&post=50921"}],"version-history":[{"count":0,"href":"https:\/\/aconteceunovale.com.br\/portal\/index.php?rest_route=\/wp\/v2\/posts\/50921\/revisions"}],"wp:featuredmedia":[{"embeddable":true,"href":"https:\/\/aconteceunovale.com.br\/portal\/index.php?rest_route=\/wp\/v2\/media\/26328"}],"wp:attachment":[{"href":"https:\/\/aconteceunovale.com.br\/portal\/index.php?rest_route=%2Fwp%2Fv2%2Fmedia&parent=50921"}],"wp:term":[{"taxonomy":"category","embeddable":true,"href":"https:\/\/aconteceunovale.com.br\/portal\/index.php?rest_route=%2Fwp%2Fv2%2Fcategories&post=50921"},{"taxonomy":"post_tag","embeddable":true,"href":"https:\/\/aconteceunovale.com.br\/portal\/index.php?rest_route=%2Fwp%2Fv2%2Ftags&post=50921"}],"curies":[{"name":"wp","href":"https:\/\/api.w.org\/{rel}","templated":true}]}}