{"id":50878,"date":"2015-01-23T18:06:43","date_gmt":"2015-01-23T21:06:43","guid":{"rendered":"http:\/\/aconteceunovale.com.br\/portal\/?p=50878"},"modified":"2015-01-24T13:38:09","modified_gmt":"2015-01-24T16:38:09","slug":"familias-deverao-deixar-fazenda-ocupada-ha-mais-de-13-anos-em-novo-cruzeiro","status":"publish","type":"post","link":"https:\/\/aconteceunovale.com.br\/portal\/?p=50878","title":{"rendered":"Fam\u00edlias dever\u00e3o deixar fazenda ocupada h\u00e1 mais de 13 anos em Novo Cruzeiro"},"content":{"rendered":"<h4><strong><em>35 fam\u00edlias vivem no local. \u00c1rea de 373 hectares \u00e9 uma importante col\u00f4nia agr\u00edcola do munic\u00edpio. <\/em><\/strong><\/h4>\n<p>A Pol\u00edcia Militar (PM) cumpriu nesta sexta-feira, 23 de janeiro, um mandado de reintegra\u00e7\u00e3o de posse no acampamento Nova Vida, localizado na Fazenda Gravat\u00e1, no munic\u00edpio de Novo Cruzeiro, no Vale do Jequitinhonha. A liminar determinando que as 35 fam\u00edlias deixassem o local foi expedida em setembro de 2014 pela 3\u00aa Vara Agr\u00edcola, de Belo Horizonte, e ap\u00f3s esgotadas todas as tentativas de recursos, um oficial de justi\u00e7a e cerca de dez policiais cumpriram o mandado na manh\u00e3 de hoje.<\/p>\n<p>O grupo do Movimento dos Sem Terras (MST) ocupou a \u00e1rea de 373 hectares, a cerca de 9 quil\u00f4metros da sede do munic\u00edpio, h\u00e1 mais de 13 anos, e utilizam o local para produ\u00e7\u00e3o agr\u00edcola. De acordo com a PM, as fam\u00edlias deveriam deixar o acampamento imediatamente, mas foi dado um prazo at\u00e9 a pr\u00f3xima segunda-feira, para que possam retirar os pertences com seguran\u00e7a.<\/p>\n<p>A comunidade \u00e9 uma importante col\u00f4nia agr\u00edcola, onde s\u00e3o produzidos v\u00e1rios alimentos que abastece a cidade, como: milho, feij\u00e3o, hortali\u00e7as, mandioca e outros produtos.<\/p>\n<h4>Leia mais [+]<\/h4>\n<p><a href=\"http:\/\/aconteceunovale.com.br\/portal\/?p=40604\" target=\"_blank\">&#8211; Justi\u00e7a determina que integrantes do MST saiam de fazenda ocupada em Novo Cruzeiro<\/a><br \/>\n<a href=\"http:\/\/aconteceunovale.com.br\/portal\/?p=41144\" target=\"_blank\">&#8211; Integrantes do MST ocupam o pr\u00e9dio da Prefeitura de Novo Cruzeiro<\/a><\/p>\n<h4><strong>Fotos da a\u00e7\u00e3o da PM nesta sexta-feira (23):<\/strong><\/h4>\n<p><img decoding=\"async\" src=\"http:\/\/aconteceunovale.com.br\/portal\/wp-content\/uploads\/2015\/01\/ocupacao_nc_23_1_1.jpg\" alt=\"\" \/><img decoding=\"async\" src=\"http:\/\/aconteceunovale.com.br\/portal\/wp-content\/uploads\/2015\/01\/ocupacao_nc_23_1_2.jpg\" alt=\"\" \/><img decoding=\"async\" src=\"http:\/\/aconteceunovale.com.br\/portal\/wp-content\/uploads\/2015\/01\/ocupacao_nc_23_1_3.jpg\" alt=\"\" \/><img decoding=\"async\" src=\"http:\/\/aconteceunovale.com.br\/portal\/wp-content\/uploads\/2015\/01\/ocupacao_nc_23_1_4.jpg\" alt=\"\" \/><img decoding=\"async\" src=\"http:\/\/aconteceunovale.com.br\/portal\/wp-content\/uploads\/2015\/01\/ocupacao_nc_23_1_5.jpg\" alt=\"\" \/><img decoding=\"async\" src=\"http:\/\/aconteceunovale.com.br\/portal\/wp-content\/uploads\/2015\/01\/ocupacao_nc_23_1_6.jpg\" alt=\"\" \/><img decoding=\"async\" src=\"http:\/\/aconteceunovale.com.br\/portal\/wp-content\/uploads\/2015\/01\/ocupacao_nc_23_1_7.jpg\" alt=\"\" \/><img decoding=\"async\" src=\"http:\/\/aconteceunovale.com.br\/portal\/wp-content\/uploads\/2015\/01\/ocupacao_nc_23_1_8.jpg\" alt=\"\" \/><img decoding=\"async\" src=\"http:\/\/aconteceunovale.com.br\/portal\/wp-content\/uploads\/2015\/01\/ocupacao_nc_23_1_9.jpg\" alt=\"\" \/><img decoding=\"async\" src=\"http:\/\/aconteceunovale.com.br\/portal\/wp-content\/uploads\/2015\/01\/ocupacao_nc_23_1_10.jpg\" alt=\"\" \/><img decoding=\"async\" src=\"http:\/\/aconteceunovale.com.br\/portal\/wp-content\/uploads\/2015\/01\/ocupacao_nc_23_1_11.jpg\" alt=\"\" \/><img decoding=\"async\" src=\"http:\/\/aconteceunovale.com.br\/portal\/wp-content\/uploads\/2015\/01\/ocupacao_nc_23_1_12.jpg\" alt=\"\" \/><img decoding=\"async\" src=\"http:\/\/aconteceunovale.com.br\/portal\/wp-content\/uploads\/2015\/01\/ocupacao_nc_23_1_13.jpg\" alt=\"\" \/><img decoding=\"async\" src=\"http:\/\/aconteceunovale.com.br\/portal\/wp-content\/uploads\/2015\/01\/ocupacao_nc_23_1_14.jpg\" alt=\"\" \/><img decoding=\"async\" src=\"http:\/\/aconteceunovale.com.br\/portal\/wp-content\/uploads\/2015\/01\/ocupacao_nc_23_1_15.jpg\" alt=\"\" \/><img decoding=\"async\" src=\"http:\/\/aconteceunovale.com.br\/portal\/wp-content\/uploads\/2015\/01\/ocupacao_nc_23_1_16.jpg\" alt=\"\" \/><img decoding=\"async\" src=\"http:\/\/aconteceunovale.com.br\/portal\/wp-content\/uploads\/2015\/01\/ocupacao_nc_23_1_17.jpg\" alt=\"\" \/><img decoding=\"async\" src=\"http:\/\/aconteceunovale.com.br\/portal\/wp-content\/uploads\/2015\/01\/ocupacao_nc_23_1_18.jpg\" alt=\"\" \/><img decoding=\"async\" src=\"http:\/\/aconteceunovale.com.br\/portal\/wp-content\/uploads\/2015\/01\/ocupacao_nc_23_1_19.jpg\" alt=\"\" \/><img decoding=\"async\" src=\"http:\/\/aconteceunovale.com.br\/portal\/wp-content\/uploads\/2015\/01\/ocupacao_nc_23_1_20.jpg\" alt=\"\" \/><strong><em>(Fotos: Esta\u00e7\u00e3o Novo Cruzeiro)<\/em><\/strong><\/p>\n","protected":false},"excerpt":{"rendered":"<p>35 fam\u00edlias vivem no local. \u00c1rea de 373 hectares \u00e9 uma importante col\u00f4nia agr\u00edcola do munic\u00edpio. A Pol\u00edcia Militar (PM) cumpriu nesta sexta-feira, 23 de janeiro, um mandado de reintegra\u00e7\u00e3o de posse no acampamento Nova Vida, localizado na Fazenda Gravat\u00e1, no munic\u00edpio de Novo Cruzeiro, no Vale do Jequitinhonha. A liminar determinando que as 35 [&hellip;]<\/p>\n","protected":false},"author":1,"featured_media":50882,"comment_status":"open","ping_status":"closed","sticky":false,"template":"","format":"standard","meta":{"amp_status":"","footnotes":""},"categories":[120],"tags":[31072,31070,1018,31069,31071,31078,31073,175],"class_list":["post-50878","post","type-post","status-publish","format-standard","has-post-thumbnail","hentry","category-jequi","tag-acampamento-do-mst-em-novo-cruzeiro","tag-acampamento-nova-vida-em-novo-cruzeiro","tag-destaque","tag-familias-deverao-deixar-fazenda-ocupada-ha-mais-de-13-anos-em-novo-cruzeiro","tag-fazenda-corrego-novo-em-novo-cruzeiro","tag-fazenda-gravata","tag-fazenda-ocupada-pelo-mst-em-novo-cruzeiro","tag-novo-cruzeiro"],"_links":{"self":[{"href":"https:\/\/aconteceunovale.com.br\/portal\/index.php?rest_route=\/wp\/v2\/posts\/50878","targetHints":{"allow":["GET"]}}],"collection":[{"href":"https:\/\/aconteceunovale.com.br\/portal\/index.php?rest_route=\/wp\/v2\/posts"}],"about":[{"href":"https:\/\/aconteceunovale.com.br\/portal\/index.php?rest_route=\/wp\/v2\/types\/post"}],"author":[{"embeddable":true,"href":"https:\/\/aconteceunovale.com.br\/portal\/index.php?rest_route=\/wp\/v2\/users\/1"}],"replies":[{"embeddable":true,"href":"https:\/\/aconteceunovale.com.br\/portal\/index.php?rest_route=%2Fwp%2Fv2%2Fcomments&post=50878"}],"version-history":[{"count":0,"href":"https:\/\/aconteceunovale.com.br\/portal\/index.php?rest_route=\/wp\/v2\/posts\/50878\/revisions"}],"wp:featuredmedia":[{"embeddable":true,"href":"https:\/\/aconteceunovale.com.br\/portal\/index.php?rest_route=\/wp\/v2\/media\/50882"}],"wp:attachment":[{"href":"https:\/\/aconteceunovale.com.br\/portal\/index.php?rest_route=%2Fwp%2Fv2%2Fmedia&parent=50878"}],"wp:term":[{"taxonomy":"category","embeddable":true,"href":"https:\/\/aconteceunovale.com.br\/portal\/index.php?rest_route=%2Fwp%2Fv2%2Fcategories&post=50878"},{"taxonomy":"post_tag","embeddable":true,"href":"https:\/\/aconteceunovale.com.br\/portal\/index.php?rest_route=%2Fwp%2Fv2%2Ftags&post=50878"}],"curies":[{"name":"wp","href":"https:\/\/api.w.org\/{rel}","templated":true}]}}