{"id":50845,"date":"2015-01-23T10:43:46","date_gmt":"2015-01-23T13:43:46","guid":{"rendered":"http:\/\/aconteceunovale.com.br\/portal\/?p=50845"},"modified":"2015-01-23T10:43:46","modified_gmt":"2015-01-23T13:43:46","slug":"adolescente-e-assassinado-a-facadas-em-couto-magalhaes-de-minas","status":"publish","type":"post","link":"https:\/\/aconteceunovale.com.br\/portal\/?p=50845","title":{"rendered":"Adolescente \u00e9 assassinado a facadas em Couto Magalh\u00e3es de Minas"},"content":{"rendered":"<h4><strong><em>Ap\u00f3s o crime, agressor ainda jogou pedras em moradores da cidade. Ele foi preso em flagrante.<\/em><\/strong><\/h4>\n<p>Um jovem de 17 anos foi assassinado a facadas, nessa quinta-feira, 22 de janeiro, em Couto de Magalh\u00e3es de Minas, no Vale do Jequitinhonha. O crime aconteceu depois que a v\u00edtima pediu que o suspeito lhe entregasse seu celular.<\/p>\n<p>Segundo o boletim de ocorr\u00eancia da Pol\u00edcia Militar, populares contaram aos policiais que a discuss\u00e3o come\u00e7ou na rua Esplanada, no bairro Picareta. Por motivo desconhecido, o homem de 25 anos pegou o aparelho telef\u00f4nico de Paulo Henrique da Silva, que n\u00e3o gostou.<\/p>\n<p>Durante a briga, o menor pegou um peda\u00e7o de pau para agredir o suspeito, que, com uma faca, deu um golpe do adolescente. Silva ainda correu, mas caiu em um pasto, perto de uma escola. Ele foi socorrido pela pai e pelo irm\u00e3o, mas n\u00e3o resistiu ao ferimento.<\/p>\n<p>Ap\u00f3s o crime, o agressor ainda jogou pedras em alguns moradores da cidade e, em seguida, foi para casa. O homem foi preso dentro do im\u00f3vel e encaminhado \u00e0 Delegacia de Plant\u00e3o de Diamantina. O corpo de Silva deve ser sepultado nesta sexta-feira (23).<\/p>\n<p><img decoding=\"async\" src=\"http:\/\/aconteceunovale.com.br\/portal\/wp-content\/uploads\/2015\/01\/couto_magalhaes_de_minas.jpg\" alt=\"\" \/><em>Crime aconteceu em Couto Magalh\u00e3es de Minas &#8211; Foto: Portal da Prefeitura de Couto Magalh\u00e3es de Minas<\/em><br \/>\n<\/br><\/p>\n<p><strong><em>(O Tempo)<\/em><\/strong><\/p>\n","protected":false},"excerpt":{"rendered":"<p>Ap\u00f3s o crime, agressor ainda jogou pedras em moradores da cidade. Ele foi preso em flagrante. Um jovem de 17 anos foi assassinado a facadas, nessa quinta-feira, 22 de janeiro, em Couto de Magalh\u00e3es de Minas, no Vale do Jequitinhonha. O crime aconteceu depois que a v\u00edtima pediu que o suspeito lhe entregasse seu celular. [&hellip;]<\/p>\n","protected":false},"author":1,"featured_media":50846,"comment_status":"open","ping_status":"closed","sticky":false,"template":"","format":"standard","meta":{"amp_status":"","footnotes":""},"categories":[120],"tags":[31039,31041,5618,198,31040,31042,11416],"class_list":["post-50845","post","type-post","status-publish","format-standard","has-post-thumbnail","hentry","category-jequi","tag-adolescente-e-assassinado-a-facadas-em-couto-magalhaes-de-minas","tag-assassinato-em-couto-magalhaes-de-minas","tag-couto-magalhaes-de-minas","tag-diamantina","tag-homicidio-em-couto-magalhaes-de-minas","tag-morte-em-couto-magalhaes-de-minas","tag-paulo-henrique-da-silva"],"_links":{"self":[{"href":"https:\/\/aconteceunovale.com.br\/portal\/index.php?rest_route=\/wp\/v2\/posts\/50845","targetHints":{"allow":["GET"]}}],"collection":[{"href":"https:\/\/aconteceunovale.com.br\/portal\/index.php?rest_route=\/wp\/v2\/posts"}],"about":[{"href":"https:\/\/aconteceunovale.com.br\/portal\/index.php?rest_route=\/wp\/v2\/types\/post"}],"author":[{"embeddable":true,"href":"https:\/\/aconteceunovale.com.br\/portal\/index.php?rest_route=\/wp\/v2\/users\/1"}],"replies":[{"embeddable":true,"href":"https:\/\/aconteceunovale.com.br\/portal\/index.php?rest_route=%2Fwp%2Fv2%2Fcomments&post=50845"}],"version-history":[{"count":0,"href":"https:\/\/aconteceunovale.com.br\/portal\/index.php?rest_route=\/wp\/v2\/posts\/50845\/revisions"}],"wp:featuredmedia":[{"embeddable":true,"href":"https:\/\/aconteceunovale.com.br\/portal\/index.php?rest_route=\/wp\/v2\/media\/50846"}],"wp:attachment":[{"href":"https:\/\/aconteceunovale.com.br\/portal\/index.php?rest_route=%2Fwp%2Fv2%2Fmedia&parent=50845"}],"wp:term":[{"taxonomy":"category","embeddable":true,"href":"https:\/\/aconteceunovale.com.br\/portal\/index.php?rest_route=%2Fwp%2Fv2%2Fcategories&post=50845"},{"taxonomy":"post_tag","embeddable":true,"href":"https:\/\/aconteceunovale.com.br\/portal\/index.php?rest_route=%2Fwp%2Fv2%2Ftags&post=50845"}],"curies":[{"name":"wp","href":"https:\/\/api.w.org\/{rel}","templated":true}]}}