{"id":50832,"date":"2015-01-23T09:53:49","date_gmt":"2015-01-23T12:53:49","guid":{"rendered":"http:\/\/aconteceunovale.com.br\/portal\/?p=50832"},"modified":"2015-01-23T09:53:49","modified_gmt":"2015-01-23T12:53:49","slug":"veiculo-atingindo-durante-ultrapassagem-bate-em-arvore-e-tres-pessoas-ficam-feridas-na-br-381","status":"publish","type":"post","link":"https:\/\/aconteceunovale.com.br\/portal\/?p=50832","title":{"rendered":"Ve\u00edculo atingindo durante ultrapassagem bate em \u00e1rvore e tr\u00eas pessoas ficam feridas na BR-381"},"content":{"rendered":"<h4><strong><em>Acidente aconteceu na BR-381, pr\u00f3ximo ao distrito de Baguari. Tr\u00eas mulheres ficaram feridas.<\/em><\/strong><\/h4>\n<p>Tr\u00eas pessoas ficaram feridas em um acidente na manh\u00e3 dessa quinta-feira, 22 de janeiro, na altura do quil\u00f4metro 170 da BR-381, pr\u00f3ximo ao Distrito de Baguari, no munic\u00edpio de Governador Valadares, no Vale do Rio Doce.<\/p>\n<p>De acordo com a Pol\u00edcia Rodovi\u00e1ria Federal (PRF), durante uma ultrapassagem, o condutor de uma caminhonete atingiu o ve\u00edculo Renault Sandero, placas FFV-3853 de S\u00e3o Sebasti\u00e3o (SP), fazendo com que o motorista perdesse o controle da dire\u00e7\u00e3o, vindo a colidir na lateral de uma Kombi, que trafegava no sentido Ipatinga.<\/p>\n<p><img decoding=\"async\" src=\"http:\/\/aconteceunovale.com.br\/portal\/wp-content\/uploads\/2015\/01\/acidente_gv_23_1.jpg\" alt=\"\" \/><em>Tr\u00eas ocupantes do carro ficaram feridas no acidente &#8211; Foto: Jack Zalcman \/ Di\u00e1rio do Rio Doce<\/em><br \/>\n<\/br><\/p>\n<p>Com o impacto da batida, o Sandero saiu da pista e colidiu contra uma \u00e1rvore \u00e0s margens da rodovia. Tr\u00eas mulheres que estavam no carro foram socorridas pelo Corpo de Bombeiros e encaminhadas para o Hospital Municipal de Governador Valadares com escoria\u00e7\u00f5es. <\/p>\n<p>Segundo a assessoria de comunica\u00e7\u00e3o da unidade de sa\u00fade, S\u00f4nia de Oliveira e Zen\u00f3ide de Oliveira receberam atendimento e foram liberadas. Elza Joel continuava internada at\u00e9 a noite de ontem, mas o estado de sa\u00fade dela \u00e9 considerado est\u00e1vel. O motorista Reinaldo Prates n\u00e3o ficou ferido.<\/p>\n<p>J\u00e1 na Kombi, que havia sa\u00eddo de Itambacuri (MG), com uma carga de doces, e tinha como destino Paraopeba, na regi\u00e3o Central do Estado, tombou na pista. O condutor, Genilton Ribeiro, de 53 anos, n\u00e3o teve nenhum ferimento. <\/p>\n<p>Ainda segundo a PRF, o trecho \u00e9 conhecido por diversos acidentes. \u201cOutros acidentes j\u00e1 foram registrados no local, e os motivos s\u00e3o diversos: desde a ultrapassagem indevida, passando pela falta de respeito \u00e0 sinaliza\u00e7\u00e3o, at\u00e9 o excesso de velocidade\u201d, informou o inspetor Gether.<\/p>\n<p><img decoding=\"async\" src=\"http:\/\/aconteceunovale.com.br\/portal\/wp-content\/uploads\/2015\/01\/acidente_gv_23_2.jpg\" alt=\"\" \/><em>Kombi foi atingida na lateral e tombou na pista &#8211; Foto: Reprodu\u00e7\u00e3o \/ Inter TV dos Vales<\/em><br \/>\n<\/br><\/p>\n<p><em>*As informa\u00e7\u00f5es s\u00e3o do Di\u00e1rio do Rio Doce e Inter TV dos Vales, com reda\u00e7\u00e3o do Portal Aconteceu no Vale.<\/em><\/p>\n","protected":false},"excerpt":{"rendered":"<p>Acidente aconteceu na BR-381, pr\u00f3ximo ao distrito de Baguari. Tr\u00eas mulheres ficaram feridas. Tr\u00eas pessoas ficaram feridas em um acidente na manh\u00e3 dessa quinta-feira, 22 de janeiro, na altura do quil\u00f4metro 170 da BR-381, pr\u00f3ximo ao Distrito de Baguari, no munic\u00edpio de Governador Valadares, no Vale do Rio Doce. De acordo com a Pol\u00edcia Rodovi\u00e1ria [&hellip;]<\/p>\n","protected":false},"author":1,"featured_media":50833,"comment_status":"open","ping_status":"closed","sticky":false,"template":"","format":"standard","meta":{"amp_status":"","footnotes":""},"categories":[121],"tags":[31030,12666,31027,31028,247,201,188,1437,27457,31025,31029,31026],"class_list":["post-50832","post","type-post","status-publish","format-standard","has-post-thumbnail","hentry","category-leste","tag-acidente-na-br-381-em-governador-valadares","tag-acidente-perto-de-baguari","tag-elza-joel","tag-genilton-ribeiro","tag-governador-valadares","tag-ipatinga","tag-itambacuri","tag-paraopeba","tag-sao-sebastiao","tag-sonia-de-oliveira","tag-veiculo-atingindo-durante-ultrapassagem-bate-em-arvore-e-tres-pessoas-ficam-feridas-na-br-381","tag-zenoide-de-oliveira"],"_links":{"self":[{"href":"https:\/\/aconteceunovale.com.br\/portal\/index.php?rest_route=\/wp\/v2\/posts\/50832","targetHints":{"allow":["GET"]}}],"collection":[{"href":"https:\/\/aconteceunovale.com.br\/portal\/index.php?rest_route=\/wp\/v2\/posts"}],"about":[{"href":"https:\/\/aconteceunovale.com.br\/portal\/index.php?rest_route=\/wp\/v2\/types\/post"}],"author":[{"embeddable":true,"href":"https:\/\/aconteceunovale.com.br\/portal\/index.php?rest_route=\/wp\/v2\/users\/1"}],"replies":[{"embeddable":true,"href":"https:\/\/aconteceunovale.com.br\/portal\/index.php?rest_route=%2Fwp%2Fv2%2Fcomments&post=50832"}],"version-history":[{"count":0,"href":"https:\/\/aconteceunovale.com.br\/portal\/index.php?rest_route=\/wp\/v2\/posts\/50832\/revisions"}],"wp:featuredmedia":[{"embeddable":true,"href":"https:\/\/aconteceunovale.com.br\/portal\/index.php?rest_route=\/wp\/v2\/media\/50833"}],"wp:attachment":[{"href":"https:\/\/aconteceunovale.com.br\/portal\/index.php?rest_route=%2Fwp%2Fv2%2Fmedia&parent=50832"}],"wp:term":[{"taxonomy":"category","embeddable":true,"href":"https:\/\/aconteceunovale.com.br\/portal\/index.php?rest_route=%2Fwp%2Fv2%2Fcategories&post=50832"},{"taxonomy":"post_tag","embeddable":true,"href":"https:\/\/aconteceunovale.com.br\/portal\/index.php?rest_route=%2Fwp%2Fv2%2Ftags&post=50832"}],"curies":[{"name":"wp","href":"https:\/\/api.w.org\/{rel}","templated":true}]}}