{"id":50722,"date":"2015-01-21T16:59:38","date_gmt":"2015-01-21T19:59:38","guid":{"rendered":"http:\/\/aconteceunovale.com.br\/portal\/?p=50722"},"modified":"2015-01-21T16:59:38","modified_gmt":"2015-01-21T19:59:38","slug":"gestores-da-saude-realizam-diagnostico-da-situacao-de-hospitais-do-norte-de-minas","status":"publish","type":"post","link":"https:\/\/aconteceunovale.com.br\/portal\/?p=50722","title":{"rendered":"Gestores da sa\u00fade realizam diagn\u00f3stico da situa\u00e7\u00e3o de hospitais do Norte de Minas"},"content":{"rendered":"<h4><strong><em>Reuni\u00e3o acontece na pr\u00f3xima quinta-feira (22), no audit\u00f3rio da Amams.<\/em><\/strong><\/h4>\n<p>Atendendo \u00e0 solicita\u00e7\u00e3o dos prefeitos dos munic\u00edpios consorciados, o Cons\u00f3rcio Intermunicipal de Sa\u00fade da Rede de Urg\u00eancia do Norte de Minas (Cisrun), em parceria com a Secretaria de Estado do Desenvolvimento e Integra\u00e7\u00e3o do Norte e Nordeste de Minas Gerais (Sedinor) e Associa\u00e7\u00e3o dos Munic\u00edpios da \u00c1rea Mineira da Sudene (Amams), realiza reuni\u00e3o com secret\u00e1rios de sa\u00fade e diretores administrativos dos hospitais microrregionais com objetivo de realizar um diagn\u00f3stico da situa\u00e7\u00e3o dos hospitais da rede p\u00fablica do Norte de Minas.<\/p>\n<p>O encontro ser\u00e1 realizado nesta quinta-feira, 22\/01, \u00e0s 14 horas, no audit\u00f3rio da Amams, e contar\u00e1 com a participa\u00e7\u00e3o de representantes de 28 munic\u00edpios e representantes das tr\u00eas entidades.<\/p>\n<p>A partir da reuni\u00e3o, ser\u00e1 elaborado um relat\u00f3rio com as demandas e as poss\u00edveis solu\u00e7\u00f5es apresentadas pelos munic\u00edpios para posterior encaminhamento junto aos governos Estadual e Federal.<\/p>\n<p><strong>Servi\u00e7o:<\/strong> Reuni\u00e3o de gestores da Sa\u00fade<br \/>\n<strong>Data:<\/strong> 22 de janeiro de 2015 \u2013 quinta-feira<br \/>\n<strong>Hor\u00e1rio:<\/strong> 14 horas<br \/>\n<strong>Local:<\/strong> Audit\u00f3rio da Amams (Avenida Major Alexandre, 416 \u2013 Bairro Ibituruna) &#8211; Montes Claros\/MG<\/p>\n","protected":false},"excerpt":{"rendered":"<p>Reuni\u00e3o acontece na pr\u00f3xima quinta-feira (22), no audit\u00f3rio da Amams. Atendendo \u00e0 solicita\u00e7\u00e3o dos prefeitos dos munic\u00edpios consorciados, o Cons\u00f3rcio Intermunicipal de Sa\u00fade da Rede de Urg\u00eancia do Norte de Minas (Cisrun), em parceria com a Secretaria de Estado do Desenvolvimento e Integra\u00e7\u00e3o do Norte e Nordeste de Minas Gerais (Sedinor) e Associa\u00e7\u00e3o dos Munic\u00edpios [&hellip;]<\/p>\n","protected":false},"author":1,"featured_media":50723,"comment_status":"open","ping_status":"closed","sticky":false,"template":"","format":"standard","meta":{"amp_status":"","footnotes":""},"categories":[1236],"tags":[949,14804,22050,22051,30888,210,30889,27248],"class_list":["post-50722","post","type-post","status-publish","format-standard","has-post-thumbnail","hentry","category-norte_de_minas","tag-amams","tag-associacao-dos-municipios-da-area-mineira-da-sudene","tag-cisrun","tag-consorcio-intermunicipal-de-saude-da-rede-de-urgencia-do-norte-de-minas","tag-gestores-da-saude-realizam-diagnostico-da-situacao-de-hospitais-do-norte-de-minas","tag-montes-claros","tag-secretaria-de-estado-do-desenvolvimento-e-integracao-do-norte-e-nordeste-de-minas-gerais","tag-sedinor"],"_links":{"self":[{"href":"https:\/\/aconteceunovale.com.br\/portal\/index.php?rest_route=\/wp\/v2\/posts\/50722","targetHints":{"allow":["GET"]}}],"collection":[{"href":"https:\/\/aconteceunovale.com.br\/portal\/index.php?rest_route=\/wp\/v2\/posts"}],"about":[{"href":"https:\/\/aconteceunovale.com.br\/portal\/index.php?rest_route=\/wp\/v2\/types\/post"}],"author":[{"embeddable":true,"href":"https:\/\/aconteceunovale.com.br\/portal\/index.php?rest_route=\/wp\/v2\/users\/1"}],"replies":[{"embeddable":true,"href":"https:\/\/aconteceunovale.com.br\/portal\/index.php?rest_route=%2Fwp%2Fv2%2Fcomments&post=50722"}],"version-history":[{"count":0,"href":"https:\/\/aconteceunovale.com.br\/portal\/index.php?rest_route=\/wp\/v2\/posts\/50722\/revisions"}],"wp:featuredmedia":[{"embeddable":true,"href":"https:\/\/aconteceunovale.com.br\/portal\/index.php?rest_route=\/wp\/v2\/media\/50723"}],"wp:attachment":[{"href":"https:\/\/aconteceunovale.com.br\/portal\/index.php?rest_route=%2Fwp%2Fv2%2Fmedia&parent=50722"}],"wp:term":[{"taxonomy":"category","embeddable":true,"href":"https:\/\/aconteceunovale.com.br\/portal\/index.php?rest_route=%2Fwp%2Fv2%2Fcategories&post=50722"},{"taxonomy":"post_tag","embeddable":true,"href":"https:\/\/aconteceunovale.com.br\/portal\/index.php?rest_route=%2Fwp%2Fv2%2Ftags&post=50722"}],"curies":[{"name":"wp","href":"https:\/\/api.w.org\/{rel}","templated":true}]}}