{"id":50709,"date":"2015-01-21T13:10:46","date_gmt":"2015-01-21T16:10:46","guid":{"rendered":"http:\/\/aconteceunovale.com.br\/portal\/?p=50709"},"modified":"2015-01-21T16:51:53","modified_gmt":"2015-01-21T19:51:53","slug":"mulher-morre-em-acidente-na-mg-010-no-municipio-de-conceicao-do-mato-dentro","status":"publish","type":"post","link":"https:\/\/aconteceunovale.com.br\/portal\/?p=50709","title":{"rendered":"Mulher morre em acidente na MG-010 no munic\u00edpio de Concei\u00e7\u00e3o do Mato Dentro"},"content":{"rendered":"<h4><strong><em>Acidente aconteceu nesta quarta-feira, por volta de 12h20. As causas do acidente ainda s\u00e3o desconhecidas.<\/em><\/strong><\/h4>\n<p>Uma mulher de 49 anos morreu em um acidente no in\u00edcio da tarde desta quarta-feira, 21 de janeiro, no quil\u00f4metro 89 da MG-010, pr\u00f3ximo a Concei\u00e7\u00e3o do Mato Dentro, na regi\u00e3o Central do Estado.<\/p>\n<p>De acordo com o Corpo de Bombeiros, o ve\u00edculo seguia no sentido Belo Horizonte\/Concei\u00e7\u00e3o do Mato Dentro, quando o motorista perdeu o controle da dire\u00e7\u00e3o. A caminhonete capotou v\u00e1rias vezes e caiu em uma ribanceira \u00e0s margens da rodovia. <\/p>\n<p>Ainda segundo os bombeiros, com o impacto do acidente, Marilda Simoni Vieira, ficou presa \u00e0s ferragens e morreu no local. As causas do acidente ainda s\u00e3o desconhecidas.<\/p>\n<p><img decoding=\"async\" src=\"http:\/\/aconteceunovale.com.br\/portal\/wp-content\/uploads\/2014\/05\/conceicao_mato_dentro_tapeceiras.jpg\" alt=\"\" \/><em>Acidente aconteceu na MG-010, pr\u00f3ximo a Concei\u00e7\u00e3o do Mato Dentro &#8211; Foto: Reprodu\u00e7\u00e3o<\/em><\/p>\n","protected":false},"excerpt":{"rendered":"<p>Acidente aconteceu nesta quarta-feira, por volta de 12h20. As causas do acidente ainda s\u00e3o desconhecidas. Uma mulher de 49 anos morreu em um acidente no in\u00edcio da tarde desta quarta-feira, 21 de janeiro, no quil\u00f4metro 89 da MG-010, pr\u00f3ximo a Concei\u00e7\u00e3o do Mato Dentro, na regi\u00e3o Central do Estado. De acordo com o Corpo de [&hellip;]<\/p>\n","protected":false},"author":1,"featured_media":28144,"comment_status":"open","ping_status":"closed","sticky":false,"template":"","format":"standard","meta":{"amp_status":"","footnotes":""},"categories":[123],"tags":[30886,628,30885,30887,30875,30874,30876],"class_list":["post-50709","post","type-post","status-publish","format-standard","has-post-thumbnail","hentry","category-gerais","tag-acidente-com-marilda-simoni-vieira","tag-conceicao-do-mato-dentro","tag-marilda-simoni-vieira","tag-morte-de-marilda-simoni-vieira","tag-mulher-morre-em-acidente-na-mg-010","tag-mulher-morre-em-acidente-na-mg-010-no-municipio-de-conceicao-do-mato-dentro","tag-mulher-morre-em-acidente-no-municipio-conceicao-do-mato-dentro"],"_links":{"self":[{"href":"https:\/\/aconteceunovale.com.br\/portal\/index.php?rest_route=\/wp\/v2\/posts\/50709","targetHints":{"allow":["GET"]}}],"collection":[{"href":"https:\/\/aconteceunovale.com.br\/portal\/index.php?rest_route=\/wp\/v2\/posts"}],"about":[{"href":"https:\/\/aconteceunovale.com.br\/portal\/index.php?rest_route=\/wp\/v2\/types\/post"}],"author":[{"embeddable":true,"href":"https:\/\/aconteceunovale.com.br\/portal\/index.php?rest_route=\/wp\/v2\/users\/1"}],"replies":[{"embeddable":true,"href":"https:\/\/aconteceunovale.com.br\/portal\/index.php?rest_route=%2Fwp%2Fv2%2Fcomments&post=50709"}],"version-history":[{"count":0,"href":"https:\/\/aconteceunovale.com.br\/portal\/index.php?rest_route=\/wp\/v2\/posts\/50709\/revisions"}],"wp:featuredmedia":[{"embeddable":true,"href":"https:\/\/aconteceunovale.com.br\/portal\/index.php?rest_route=\/wp\/v2\/media\/28144"}],"wp:attachment":[{"href":"https:\/\/aconteceunovale.com.br\/portal\/index.php?rest_route=%2Fwp%2Fv2%2Fmedia&parent=50709"}],"wp:term":[{"taxonomy":"category","embeddable":true,"href":"https:\/\/aconteceunovale.com.br\/portal\/index.php?rest_route=%2Fwp%2Fv2%2Fcategories&post=50709"},{"taxonomy":"post_tag","embeddable":true,"href":"https:\/\/aconteceunovale.com.br\/portal\/index.php?rest_route=%2Fwp%2Fv2%2Ftags&post=50709"}],"curies":[{"name":"wp","href":"https:\/\/api.w.org\/{rel}","templated":true}]}}