{"id":50706,"date":"2015-01-21T12:53:56","date_gmt":"2015-01-21T15:53:56","guid":{"rendered":"http:\/\/aconteceunovale.com.br\/portal\/?p=50706"},"modified":"2015-01-21T12:53:56","modified_gmt":"2015-01-21T15:53:56","slug":"brasilia-de-minas-francisco-badaro-e-vicosa-decretam-situacao-de-emergencia","status":"publish","type":"post","link":"https:\/\/aconteceunovale.com.br\/portal\/?p=50706","title":{"rendered":"Bras\u00edlia de Minas, Francisco Badar\u00f3 e Vi\u00e7osa decretam situa\u00e7\u00e3o de emerg\u00eancia"},"content":{"rendered":"<h4><strong><em>Bras\u00edlia de Minas e Francisco Badar\u00f3 passaram a integrar a lista da Defesa Civil do estado. Vi\u00e7osa assinou decreto ontem e j\u00e1 faz rod\u00edzio no abastecimento<\/em><\/strong><\/h4>\n<p>Em pleno per\u00edodo chuvoso, mais duas cidades mineiras decretaram situa\u00e7\u00e3o de emerg\u00eancia por causa da estiagem. De acordo com a Coordenador Estadual de Defesa Civil (Cedec), Bras\u00edlia de Minas, no Norte do estado, e Francisco Badar\u00f3, no Vale do Jequitinhonha, passaram a integrar a lista nos dias 12 e 14, respectivamente. <\/p>\n<p>Na ter\u00e7a-feira, o prefeito de Vi\u00e7osa, na Regi\u00e3o Central de Minas, assinou o decreto de situa\u00e7\u00e3o de emerg\u00eancia na cidade e decretou o rod\u00edzio de abastecimento de \u00e1gua. A prefeitura informou que o novo per\u00edodo de estiagem no in\u00edcio deste ano est\u00e1 reduzindo os n\u00edveis de \u00e1gua acumulada nas bacias que abastecem o munic\u00edpio e as previs\u00f5es meteorol\u00f3gicas indicam baixo \u00edndice de chuvas para os pr\u00f3ximos meses. <\/p>\n<p>O \u00faltimo boletim da Defesa Civil que lista as cidades em situa\u00e7\u00e3o de seca foi publicado em 22 de dezembro. At\u00e9 ent\u00e3o, 173 munic\u00edpios haviam solicitado ajuda do governo federal por causa da seca ou da estiagem desde o m\u00eas de agosto. O decreto \u00e9 v\u00e1lido por 180 dias. Dos 173, 26 decretos haviam sido arquivados e 133 foram reconhecidos. <\/p>\n<p>Atualmente, segundo os meteorologistas, Minas Gerais est\u00e1 enfrentando um veranico, fen\u00f4meno caracterizado pela aus\u00eancia de chuvas dentro do per\u00edodo chuvoso. O \u00faltimo boletim da Defesa Civil de Minas Gerais, divulgado nesta quarta-feira, mostra que poucas cidades foram afetadas pelas chuvas. Destas, apenas quatro decretaram situa\u00e7\u00e3o de emerg\u00eancia, e entre os meses de outubro e novembro.<\/p>\n<p><img decoding=\"async\" src=\"http:\/\/aconteceunovale.com.br\/portal\/wp-content\/uploads\/2015\/01\/rodizio_vicosa.jpg\" alt=\"\" \/><em>A cidade vai adotar medidas de restri\u00e7\u00e3o de \u00e1gua at\u00e9 que obras resolvam o problema de capta\u00e7\u00e3o &#8211; Foto: Divulga\u00e7\u00e3o \/ Portal da Prefeitura Municipal de Vi\u00e7osa<\/em><br \/>\n<\/br><\/p>\n<h4>Rod\u00edzio em Vi\u00e7osa<\/h4>\n<p>O decreto assinado pelo prefeito \u00c2ngelo Chequer tem o objetivo de coibir desperd\u00edcios de \u00e1gua nas comunidades. A prefeitura pede que a popula\u00e7\u00e3o n\u00e3o use \u00e1gua da rede p\u00fablica para lavar ruas, cal\u00e7adas e frentes dos im\u00f3veis, regar jardins e plantas. O apelo \u00e9 tamb\u00e9m para n\u00e3o encher piscinas, lavar quintais, telhados, paredes, calhas, garagens, ve\u00edculos e despejar \u00e1gua tratada na rede pluvial ou na rede de esgoto. As regras valem tanto para resid\u00eancias quanto para estabelecimentos comerciais.<\/p>\n<p>A escala de rod\u00edzio come\u00e7ou a valer \u00e0s 7h desta quarta-feira. O Servi\u00e7o Aut\u00f4nomo de \u00c1gua e Esgoto (Saae) garantir\u00e1 o abastecimento de \u00e1gua pot\u00e1vel \u00e0s unidades de sa\u00fade, creches, escolas e pr\u00e9dios p\u00fablicos, por meio de carros-pipas. Veja a escala abaixo:<\/p>\n<p><strong>Segunda-feira, das 7h \u00e0s 19h:<\/strong><br \/>\n&#8211; Silvestre<br \/>\n&#8211; Amoras<br \/>\n&#8211; Vau-A\u00e7u<br \/>\n&#8211; Floresta<br \/>\n&#8211; Boa Vista<br \/>\n&#8211; Marques<br \/>\n&#8211; Vereda do Bosque<br \/>\n&#8211; Liberdade<\/p>\n<p><strong>Ter\u00e7a-feira, das 7h \u00e0s 19h:<\/strong><br \/>\n&#8211; Barrinha<br \/>\n&#8211; Laranjal<br \/>\n&#8211; Cidade Nova<br \/>\n&#8211; Grota dos Camilos<br \/>\n&#8211; Nova Era<br \/>\n&#8211; Vale do Sol<\/p>\n<p><strong>Quarta-feira, das 7h \u00e0s 19h:<\/strong><br \/>\n&#8211; Santa Clara sentido S\u00e3o Sebasti\u00e3o<br \/>\n&#8211; Morada do Sol<br \/>\n&#8211; Jardim Europa<br \/>\n&#8211; Morro do Cruzeiro<br \/>\n&#8211; Ramos<br \/>\n&#8211; Centro<br \/>\n&#8211; Rua das Estrelas<br \/>\n&#8211; Rua da Concei\u00e7\u00e3o<br \/>\n&#8211; Av. Santa Rita<br \/>\n&#8211; Bairro de Lourdes<br \/>\n&#8211; Rua Gomes Barbosa<br \/>\n&#8211; Cl\u00e9lia Bernardes<\/p>\n<p><strong>Quinta-feira, das 7h \u00e0s 19h:<\/strong><br \/>\n&#8211; Santa Clara sentido Bairro de F\u00e1tima<br \/>\n&#8211; Belvedere<br \/>\n&#8211; Nova Vi\u00e7osa<br \/>\n&#8211; Posses<\/p>\n<p><strong>Sexta-feira, das 7h \u00e0s 19h:<\/strong><br \/>\n&#8211; Jo\u00e3o Br\u00e1s<br \/>\n&#8211; Violeira<br \/>\n&#8211; Recanto da Serra<br \/>\n&#8211; Inconfidentes<br \/>\n&#8211; Sagrada Fam\u00edlia<br \/>\n&#8211; Bom Jesus<br \/>\n&#8211; Bela Vista<\/p>\n<p><strong>S\u00e1bado, das 7h \u00e0s 19h:<\/strong><br \/>\n&#8211; Santo Ant\u00f4nio<\/p>\n<p><strong><em>(Estado de Minas)<\/em><\/strong><\/p>\n","protected":false},"excerpt":{"rendered":"<p>Bras\u00edlia de Minas e Francisco Badar\u00f3 passaram a integrar a lista da Defesa Civil do estado. Vi\u00e7osa assinou decreto ontem e j\u00e1 faz rod\u00edzio no abastecimento Em pleno per\u00edodo chuvoso, mais duas cidades mineiras decretaram situa\u00e7\u00e3o de emerg\u00eancia por causa da estiagem. De acordo com a Coordenador Estadual de Defesa Civil (Cedec), Bras\u00edlia de Minas, [&hellip;]<\/p>\n","protected":false},"author":1,"featured_media":50707,"comment_status":"open","ping_status":"closed","sticky":false,"template":"","format":"standard","meta":{"amp_status":"","footnotes":""},"categories":[123],"tags":[22694,195,30865,30860,30864,30861,30862,30873,30872,30871,187,30866,30863,30868,30869,30870,18771,30867],"class_list":["post-50706","post","type-post","status-publish","format-standard","has-post-thumbnail","hentry","category-gerais","tag-angelo-chequer","tag-brasilia-de-minas","tag-brasilia-de-minas-decreta-situacao-emergencia","tag-brasilia-de-minas-e-francisco-badaro-decretam-situacao-de-emergencia","tag-brasilia-de-minas-francisco-badaro-e-vicosa-decretam-situacao-de-emergencia","tag-cedec","tag-coordenador-estadual-de-defesa-civil","tag-estiagem-em-brasilia-de-minas","tag-estiagem-em-francisco-badaro","tag-estiagem-em-vicosa","tag-francisco-badaro","tag-francisco-badaro-decreta-situacao-de-emergencia","tag-rodizio-em-vicosa","tag-seca-em-brasilia-de-minas","tag-seca-em-francisco-badaro","tag-seca-em-vicosa","tag-vicosa","tag-vicosa-decreta-situacao-de-emergencia"],"_links":{"self":[{"href":"https:\/\/aconteceunovale.com.br\/portal\/index.php?rest_route=\/wp\/v2\/posts\/50706","targetHints":{"allow":["GET"]}}],"collection":[{"href":"https:\/\/aconteceunovale.com.br\/portal\/index.php?rest_route=\/wp\/v2\/posts"}],"about":[{"href":"https:\/\/aconteceunovale.com.br\/portal\/index.php?rest_route=\/wp\/v2\/types\/post"}],"author":[{"embeddable":true,"href":"https:\/\/aconteceunovale.com.br\/portal\/index.php?rest_route=\/wp\/v2\/users\/1"}],"replies":[{"embeddable":true,"href":"https:\/\/aconteceunovale.com.br\/portal\/index.php?rest_route=%2Fwp%2Fv2%2Fcomments&post=50706"}],"version-history":[{"count":0,"href":"https:\/\/aconteceunovale.com.br\/portal\/index.php?rest_route=\/wp\/v2\/posts\/50706\/revisions"}],"wp:featuredmedia":[{"embeddable":true,"href":"https:\/\/aconteceunovale.com.br\/portal\/index.php?rest_route=\/wp\/v2\/media\/50707"}],"wp:attachment":[{"href":"https:\/\/aconteceunovale.com.br\/portal\/index.php?rest_route=%2Fwp%2Fv2%2Fmedia&parent=50706"}],"wp:term":[{"taxonomy":"category","embeddable":true,"href":"https:\/\/aconteceunovale.com.br\/portal\/index.php?rest_route=%2Fwp%2Fv2%2Fcategories&post=50706"},{"taxonomy":"post_tag","embeddable":true,"href":"https:\/\/aconteceunovale.com.br\/portal\/index.php?rest_route=%2Fwp%2Fv2%2Ftags&post=50706"}],"curies":[{"name":"wp","href":"https:\/\/api.w.org\/{rel}","templated":true}]}}