{"id":50699,"date":"2015-01-21T11:51:42","date_gmt":"2015-01-21T14:51:42","guid":{"rendered":"http:\/\/aconteceunovale.com.br\/portal\/?p=50699"},"modified":"2015-01-21T12:19:22","modified_gmt":"2015-01-21T15:19:22","slug":"homem-com-mais-de-100-passagens-pela-policia-e-preso-novamente-em-montes-claros","status":"publish","type":"post","link":"https:\/\/aconteceunovale.com.br\/portal\/?p=50699","title":{"rendered":"Homem com mais de 100 passagens pela pol\u00edcia \u00e9 preso novamente em Montes Claros"},"content":{"rendered":"<h4><strong><em>Homem foi preso com objetos furtados de casa em Montes Claros. Comparsa dele, de 21 anos, tamb\u00e9m foi detido.<\/em><\/strong><\/h4>\n<p>A Pol\u00edcia Militar divulgou nesta quarta-feira (21) que prendeu dois homens suspeitos de v\u00e1rios furtos e assaltos em Montes Claros, no Norte de Minas. Um deles, de 28 anos, tem mais de 100 passagens pela pol\u00edcia por estes crimes e estava cumprindo pris\u00e3o domiciliar.<\/p>\n<p>De acordo com a PM, os dois foram presos na Rua Carlos Ferrante, no Bairro Edgar Pereira, na segunda (18). Eles estavam de bicicleta e tentaram fugir ao perceber a presen\u00e7a da pol\u00edcia. Um dos suspeitos levava uma mochila e uma bolsa e o outro carregava uma televis\u00e3o, coberta por um pano.<\/p>\n<p>Os materiais apreendidos com a dupla haviam sido furtados de uma casa. Com eles ainda foram apreendidos um computador, um tablet, dois rel\u00f3gios e dois secadores de cabelo. Os dois homens foram levados para a delegacia, junto com o material apreendido.<\/p>\n<h4>Assaltantes de lot\u00e9rica presos<\/h4>\n<p>Tr\u00eas pessoas foram presas na noite dessa ter\u00e7a-feira (20), em Montes Claros, ap\u00f3s tentarem assaltar uma casa lot\u00e9rica da cidade. Os bandidos chegaram a subtrair um total de R$ 49.763,00 em esp\u00e9cie, al\u00e9m de v\u00e1rios cheques de diversos valores. Todo o material foi recuperado.<\/p>\n<p>o crime aconteceu na avenida Deputado Pl\u00ednio Ribeiro, no bairro Esplanada. Al\u00e9m do dinheiro roubado, a Pol\u00edcia Militar (PM) localizou arma e muni\u00e7\u00e3o na casa de um dos suspeitos.<\/p>\n<p>A partir das caracter\u00edsticas apresentadas por testemunhas aos militares, os policiais identificaram I.M.P, 25 anos, como sendo um dos suspeitos. Durante buscas na regi\u00e3o, ele, o suspeito, que j\u00e1 possui passagem pela pol\u00edcia, foi encontrado ma casa de M.H.P.S, 21 anos, onde estava todo o material roubado.<\/p>\n<p>Na casa foram localizados ainda dez muni\u00e7\u00f5es calibre 22, um aparelho celular LG, um rev\u00f3lver calibre 22 e uma motocicleta Honda CG de cor cinza, placa HOC-6282. Um terceiro suspeito, A.S.G.S.J, 20 anos, que tamb\u00e9m participou do assalto, foi localizado e preso.<\/p>\n<p>As v\u00edtimas reconheceram os suspeitos que foram presos e encaminhados para a Delegacia de Pol\u00edcia de Montes Claros.<\/p>\n<p><strong><em>(G1 \/ Hoje em Dia)<\/em><\/strong><\/p>\n","protected":false},"excerpt":{"rendered":"<p>Homem foi preso com objetos furtados de casa em Montes Claros. Comparsa dele, de 21 anos, tamb\u00e9m foi detido. A Pol\u00edcia Militar divulgou nesta quarta-feira (21) que prendeu dois homens suspeitos de v\u00e1rios furtos e assaltos em Montes Claros, no Norte de Minas. Um deles, de 28 anos, tem mais de 100 passagens pela pol\u00edcia [&hellip;]<\/p>\n","protected":false},"author":1,"featured_media":19256,"comment_status":"open","ping_status":"closed","sticky":false,"template":"","format":"standard","meta":{"amp_status":"","footnotes":""},"categories":[1236],"tags":[30854,30853,210],"class_list":["post-50699","post","type-post","status-publish","format-standard","has-post-thumbnail","hentry","category-norte_de_minas","tag-assaltantes-de-loterica-presos-em-montes-claros","tag-homem-com-mais-de-100-passagens-pela-policia-e-preso-novamente-em-montes-claros","tag-montes-claros"],"_links":{"self":[{"href":"https:\/\/aconteceunovale.com.br\/portal\/index.php?rest_route=\/wp\/v2\/posts\/50699","targetHints":{"allow":["GET"]}}],"collection":[{"href":"https:\/\/aconteceunovale.com.br\/portal\/index.php?rest_route=\/wp\/v2\/posts"}],"about":[{"href":"https:\/\/aconteceunovale.com.br\/portal\/index.php?rest_route=\/wp\/v2\/types\/post"}],"author":[{"embeddable":true,"href":"https:\/\/aconteceunovale.com.br\/portal\/index.php?rest_route=\/wp\/v2\/users\/1"}],"replies":[{"embeddable":true,"href":"https:\/\/aconteceunovale.com.br\/portal\/index.php?rest_route=%2Fwp%2Fv2%2Fcomments&post=50699"}],"version-history":[{"count":0,"href":"https:\/\/aconteceunovale.com.br\/portal\/index.php?rest_route=\/wp\/v2\/posts\/50699\/revisions"}],"wp:featuredmedia":[{"embeddable":true,"href":"https:\/\/aconteceunovale.com.br\/portal\/index.php?rest_route=\/wp\/v2\/media\/19256"}],"wp:attachment":[{"href":"https:\/\/aconteceunovale.com.br\/portal\/index.php?rest_route=%2Fwp%2Fv2%2Fmedia&parent=50699"}],"wp:term":[{"taxonomy":"category","embeddable":true,"href":"https:\/\/aconteceunovale.com.br\/portal\/index.php?rest_route=%2Fwp%2Fv2%2Fcategories&post=50699"},{"taxonomy":"post_tag","embeddable":true,"href":"https:\/\/aconteceunovale.com.br\/portal\/index.php?rest_route=%2Fwp%2Fv2%2Ftags&post=50699"}],"curies":[{"name":"wp","href":"https:\/\/api.w.org\/{rel}","templated":true}]}}