{"id":50685,"date":"2015-01-21T09:51:56","date_gmt":"2015-01-21T12:51:56","guid":{"rendered":"http:\/\/aconteceunovale.com.br\/portal\/?p=50685"},"modified":"2015-01-21T09:51:56","modified_gmt":"2015-01-21T12:51:56","slug":"plantao-do-samu-no-norte-de-minas-gerais-20-de-janeiro-de-2015","status":"publish","type":"post","link":"https:\/\/aconteceunovale.com.br\/portal\/?p=50685","title":{"rendered":"Plant\u00e3o do Samu no Norte de Minas Gerais &#8211; 20 de janeiro de 2015"},"content":{"rendered":"<h4><strong><em>Ter\u00e7a-feira, 20 de janeiro de 2015<\/em><\/strong><\/h4>\n<p>A unidade do SAMU de Montes Claros realizou na ter\u00e7a-feira, 20\/01, 44 atendimentos, sendo 37 casos cl\u00ednicos, 8 em decorr\u00eancia de acidentes de tr\u00e2nsito e 01 por agress\u00e3o f\u00edsica.<\/p>\n<p>\u00c0s 23h40, a unidade do SAMU foi acionada para atendimento a um rapaz de 36 anos, que ficou ferido ap\u00f3s colidir de moto contra um caminh\u00e3o, no bairro Independ\u00eancia. Ele conduzia a moto e apresentava escoria\u00e7\u00f5es nos bra\u00e7os e prov\u00e1vel fratura em t\u00edbia e f\u00edbula.<\/p>\n<p>\u00c0s 19h40, a unidade do SAMU foi acionada para atendimento a uma crian\u00e7a de 7 anos que foi atropelada por uma moto na Rua Campo Belo, bairro Vila An\u00e1lia. Ela apresentava discreto sangramento nasal.<\/p>\n<p>\u00c0s 19h45, a unidade do SAMU foi acionada para atendimento a uma mulher de 87 anos que foi atropelada por uma moto na Rua G, bairro Ant\u00f4nio Pimenta. Ela apresentava corte em superc\u00edlio e no queixo, se queixando de dor na perna direita, sem sinais de fratura.<\/p>\n<p>Por volta das 15h20, uma mulher de 32 anos ficou ferida em um acidente ocorrido na Rua Reginaldo Ribeiro, regi\u00e3o central de Montes Claros, envolvendo um carro e uma moto. Ela conduzia a moto e se queixava de dor na cabe\u00e7a.<\/p>\n<p>\u00c0s 14 horas, um homem de 29 anos caiu de moto na Vila Atl\u00e2ntica e apresentava um corte profundo no rosto, pass\u00edvel de sutura.<\/p>\n<p>\u00c0s 11h15, a unidade do SAMU foi acionada para atendimento a um homem de 59 anos, v\u00edtima de agress\u00e3o f\u00edsica, no bairro Santo Ant\u00f4nio e apresentava crise nervosa.<\/p>\n<p>Por volta das 8h15, um homem de 39 anos foi ferido ficou ferido ap\u00f3s colidir de moto contra outra moto no bairro Morada do Sol. Ele conduzia uma das motos e se queixava de dor nos bra\u00e7os, sem sinal de fratura.<\/p>\n<p>Por volta das 8 horas, a unidade do SAMU foi acionada para atendimento a v\u00edtimas de um acidente ocorrido na BR-251, quil\u00f4metro 401, pr\u00f3ximo \u00e0 comunidade de Boc\u00e2nia, munic\u00edpio de Francisco S\u00e1. No ve\u00edculo, com placa de S\u00e3o Paulo havia tr\u00eas passageiros, todos da mesma fam\u00edlia. Maria L\u00facia de Souza, 42 anos (m\u00e3e), morreu no local do acidente, um menino de 13 anos (filho) ficou gravemente ferido e foi encaminhado para a Santa Casa de Montes Claros e um homem de 52 anos (pai) sofreu ferimentos leves e foi levado para o hospital de Francisco S\u00e1. Tr\u00eas homens estavam na carreta, com placa de Montes Claros, e sofreram ferimentos leves e foram encaminhados pelo SAMU para o hospital de Francisco S\u00e1. A carreta pegou fogo e ficou totalmente destru\u00edda.<\/p>\n<p>Em todas as ocorr\u00eancias os feridos receberam os primeiros atendimentos no local e foram encaminhados ao hospital para avalia\u00e7\u00e3o.<\/p>\n","protected":false},"excerpt":{"rendered":"<p>Ter\u00e7a-feira, 20 de janeiro de 2015 A unidade do SAMU de Montes Claros realizou na ter\u00e7a-feira, 20\/01, 44 atendimentos, sendo 37 casos cl\u00ednicos, 8 em decorr\u00eancia de acidentes de tr\u00e2nsito e 01 por agress\u00e3o f\u00edsica. \u00c0s 23h40, a unidade do SAMU foi acionada para atendimento a um rapaz de 36 anos, que ficou ferido ap\u00f3s [&hellip;]<\/p>\n","protected":false},"author":1,"featured_media":46383,"comment_status":"open","ping_status":"closed","sticky":false,"template":"","format":"standard","meta":{"amp_status":"","footnotes":""},"categories":[1236],"tags":[30833,30831,30829,30825,30827,30828,30824,30832,30826,30834,1395,30835,210,24659,24089,18898,18108,30836,30830,18629,21139,4040,2382],"class_list":["post-50685","post","type-post","status-publish","format-standard","has-post-thumbnail","hentry","category-norte_de_minas","tag-acidente-bairro-morada-do-sol","tag-acidente-na-rua-reginaldo-ribeiro-em-montes-claros","tag-acidente-no-bairro-antonio-pimenta-em-montes-claros","tag-acidente-no-bairro-independencia-em-montes-claros","tag-acidente-no-bairro-vila-analia-em-montes-claros","tag-bairro-antonio-pimenta","tag-bairro-independencia","tag-bairro-morada-do-sol","tag-bairro-vila-analia","tag-comunidade-de-bocania","tag-francisco-sa","tag-maria-lucia-de-souza","tag-montes-claros","tag-plantao-do-samu-de-montes-claros","tag-plantao-do-samu-do-norte-de-minas","tag-plantao-do-samu-macro-norte","tag-plantao-do-samu-no-norte-de-minas-gerais","tag-plantao-do-samu-no-norte-de-minas-gerais-20-de-janeiro-de-2015","tag-rua-reginaldo-ribeiro","tag-samu-de-montes-claros","tag-samu-do-norte-de-minas","tag-samu-macro-norte","tag-sao-paulo"],"_links":{"self":[{"href":"https:\/\/aconteceunovale.com.br\/portal\/index.php?rest_route=\/wp\/v2\/posts\/50685","targetHints":{"allow":["GET"]}}],"collection":[{"href":"https:\/\/aconteceunovale.com.br\/portal\/index.php?rest_route=\/wp\/v2\/posts"}],"about":[{"href":"https:\/\/aconteceunovale.com.br\/portal\/index.php?rest_route=\/wp\/v2\/types\/post"}],"author":[{"embeddable":true,"href":"https:\/\/aconteceunovale.com.br\/portal\/index.php?rest_route=\/wp\/v2\/users\/1"}],"replies":[{"embeddable":true,"href":"https:\/\/aconteceunovale.com.br\/portal\/index.php?rest_route=%2Fwp%2Fv2%2Fcomments&post=50685"}],"version-history":[{"count":0,"href":"https:\/\/aconteceunovale.com.br\/portal\/index.php?rest_route=\/wp\/v2\/posts\/50685\/revisions"}],"wp:featuredmedia":[{"embeddable":true,"href":"https:\/\/aconteceunovale.com.br\/portal\/index.php?rest_route=\/wp\/v2\/media\/46383"}],"wp:attachment":[{"href":"https:\/\/aconteceunovale.com.br\/portal\/index.php?rest_route=%2Fwp%2Fv2%2Fmedia&parent=50685"}],"wp:term":[{"taxonomy":"category","embeddable":true,"href":"https:\/\/aconteceunovale.com.br\/portal\/index.php?rest_route=%2Fwp%2Fv2%2Fcategories&post=50685"},{"taxonomy":"post_tag","embeddable":true,"href":"https:\/\/aconteceunovale.com.br\/portal\/index.php?rest_route=%2Fwp%2Fv2%2Ftags&post=50685"}],"curies":[{"name":"wp","href":"https:\/\/api.w.org\/{rel}","templated":true}]}}