{"id":50683,"date":"2015-01-21T09:46:21","date_gmt":"2015-01-21T12:46:21","guid":{"rendered":"http:\/\/aconteceunovale.com.br\/portal\/?p=50683"},"modified":"2015-01-21T09:46:21","modified_gmt":"2015-01-21T12:46:21","slug":"previsao-do-tempo-para-minas-gerais-nesta-quarta-feira-21-de-janeiro","status":"publish","type":"post","link":"https:\/\/aconteceunovale.com.br\/portal\/?p=50683","title":{"rendered":"Previs\u00e3o do tempo para Minas Gerais nesta quarta-feira, 21 de janeiro"},"content":{"rendered":"<h4><em><strong>Nebulosidade aumenta em partes mais o Centro-Sul e Oeste do Estado<\/strong><\/em><\/h4>\n<p>Nesta quarta-feira (21\/01), a nebulosidade aumenta em boa parte das por\u00e7\u00f5es Oeste, Sudoeste, Centro, Sul e Sudeste de Minas Gerais, e h\u00e1 possibilidade de pancadas de chuva isoladas, sobretudo, no per\u00edodo da tarde. Em Belo Horizonte, o c\u00e9u fica claro a parcialmente nublado com possibilidade de chuva r\u00e1pida e isolada no fim da tarde. <\/p>\n<p>As temperaturas m\u00e1ximas ficam em ligeiro decl\u00ednio, especialmente, no Sul do Estado. Em BH, os term\u00f4metros oscilam entre 19 e 32\u00b0C.<\/p>\n","protected":false},"excerpt":{"rendered":"<p>Nebulosidade aumenta em partes mais o Centro-Sul e Oeste do Estado Nesta quarta-feira (21\/01), a nebulosidade aumenta em boa parte das por\u00e7\u00f5es Oeste, Sudoeste, Centro, Sul e Sudeste de Minas Gerais, e h\u00e1 possibilidade de pancadas de chuva isoladas, sobretudo, no per\u00edodo da tarde. Em Belo Horizonte, o c\u00e9u fica claro a parcialmente nublado com [&hellip;]<\/p>\n","protected":false},"author":1,"featured_media":15765,"comment_status":"open","ping_status":"closed","sticky":false,"template":"","format":"standard","meta":{"amp_status":"","footnotes":""},"categories":[123],"tags":[194,1017,1839,29094,30821,30823,30822],"class_list":["post-50683","post","type-post","status-publish","format-standard","has-post-thumbnail","hentry","category-gerais","tag-belo-horizonte","tag-bh","tag-previsao-do-tempo-para-minas-gerais","tag-previsao-do-tempo-para-minas-gerais-nesta-quarta-feira","tag-previsao-do-tempo-para-minas-gerais-nesta-quarta-feira-21-de-janeiro","tag-tempo-em-belo-horizonte","tag-tempo-em-bh"],"_links":{"self":[{"href":"https:\/\/aconteceunovale.com.br\/portal\/index.php?rest_route=\/wp\/v2\/posts\/50683","targetHints":{"allow":["GET"]}}],"collection":[{"href":"https:\/\/aconteceunovale.com.br\/portal\/index.php?rest_route=\/wp\/v2\/posts"}],"about":[{"href":"https:\/\/aconteceunovale.com.br\/portal\/index.php?rest_route=\/wp\/v2\/types\/post"}],"author":[{"embeddable":true,"href":"https:\/\/aconteceunovale.com.br\/portal\/index.php?rest_route=\/wp\/v2\/users\/1"}],"replies":[{"embeddable":true,"href":"https:\/\/aconteceunovale.com.br\/portal\/index.php?rest_route=%2Fwp%2Fv2%2Fcomments&post=50683"}],"version-history":[{"count":0,"href":"https:\/\/aconteceunovale.com.br\/portal\/index.php?rest_route=\/wp\/v2\/posts\/50683\/revisions"}],"wp:featuredmedia":[{"embeddable":true,"href":"https:\/\/aconteceunovale.com.br\/portal\/index.php?rest_route=\/wp\/v2\/media\/15765"}],"wp:attachment":[{"href":"https:\/\/aconteceunovale.com.br\/portal\/index.php?rest_route=%2Fwp%2Fv2%2Fmedia&parent=50683"}],"wp:term":[{"taxonomy":"category","embeddable":true,"href":"https:\/\/aconteceunovale.com.br\/portal\/index.php?rest_route=%2Fwp%2Fv2%2Fcategories&post=50683"},{"taxonomy":"post_tag","embeddable":true,"href":"https:\/\/aconteceunovale.com.br\/portal\/index.php?rest_route=%2Fwp%2Fv2%2Ftags&post=50683"}],"curies":[{"name":"wp","href":"https:\/\/api.w.org\/{rel}","templated":true}]}}