{"id":50664,"date":"2015-01-20T22:39:58","date_gmt":"2015-01-21T01:39:58","guid":{"rendered":"http:\/\/aconteceunovale.com.br\/portal\/?p=50664"},"modified":"2015-01-20T22:45:12","modified_gmt":"2015-01-21T01:45:12","slug":"bombeiros-resgatam-vitimas-de-afogamento-em-sao-francisco-e-brasilia-de-minas","status":"publish","type":"post","link":"https:\/\/aconteceunovale.com.br\/portal\/?p=50664","title":{"rendered":"Bombeiros resgatam corpo de adolescente que se afogou em S\u00e3o Francisco"},"content":{"rendered":"<h4><strong><em>Desde o in\u00edcio do ano j\u00e1 foram registradas 38 mortes por afogamento em Minas. Segundo o Corpo de Bombeiros, somente na \u00e1rea do 7\u00ba Batalh\u00e3o, foram 15 v\u00edtimas.<\/em><\/strong><\/h4>\n<p>Bombeiros de Janu\u00e1ria resgataram nessa segunda-feira (19) o corpo de um adolescente que se afogou no rio S\u00e3o Francisco, na cidade de S\u00e3o Francisco, no Norte de Minas. Segundo testemunhas, W.B.S, de 15 anos, desapareceu enquanto tomava banho na tarde do ultimo domingo (18).<\/p>\n<p>O corpo foi localizado por pescadores \u00e0s margens do rio, a 5 KM do local do afogamento, quando ent\u00e3o foi resgatado pelos militares.<\/p>\n<h4>Outro caso<\/h4>\n<p>Na tarde de s\u00e1bado (17), outro adolescente, de 17 anos, se afogou em uma lagoa na zona Rural de Bras\u00edlia de Minas, na mesma regi\u00e3o. Somente na \u00e1rea do 7\u00ba batalh\u00e3o, respons\u00e1vel pelos atendimentos no Norte do Estado, foram registradas 16 ocorr\u00eancias de afogamentos, com 15 mortes.<\/p>\n<p>Segundo balan\u00e7o do Corpo de Bombeiros, desde o dia 1\u00ba de janeiro at\u00e9 a \u00faltima segunda-feira (19) foram registradas pelo menos 38 mortes por afogamento em Minas Gerais. Em janeiro do ano passado o n\u00famero fechou em 66 afogamentos.<\/p>\n<p><img decoding=\"async\" src=\"http:\/\/aconteceunovale.com.br\/portal\/wp-content\/uploads\/2015\/01\/januaria_afogamento.jpg\" alt=\"\" \/><em>Conforme batalh\u00e3o de Janu\u00e1ria, somente no Norte do Estado foram registradas 15 mortes por afogamento &#8211; Foto: Divulga\u00e7\u00e3o \/ Corpo de Bombeiros de Janu\u00e1ria<\/em><br \/>\n<\/br><\/p>\n<p><strong><em>(O Tempo)<\/em><\/strong><\/p>\n","protected":false},"excerpt":{"rendered":"<p>Desde o in\u00edcio do ano j\u00e1 foram registradas 38 mortes por afogamento em Minas. Segundo o Corpo de Bombeiros, somente na \u00e1rea do 7\u00ba Batalh\u00e3o, foram 15 v\u00edtimas. Bombeiros de Janu\u00e1ria resgataram nessa segunda-feira (19) o corpo de um adolescente que se afogou no rio S\u00e3o Francisco, na cidade de S\u00e3o Francisco, no Norte de [&hellip;]<\/p>\n","protected":false},"author":1,"featured_media":50665,"comment_status":"open","ping_status":"closed","sticky":false,"template":"","format":"standard","meta":{"amp_status":"","footnotes":""},"categories":[1236],"tags":[30807,30810,30809,30808,195,205,1522],"class_list":["post-50664","post","type-post","status-publish","format-standard","has-post-thumbnail","hentry","category-norte_de_minas","tag-7o-batalhao-do-corpo-de-bombeiros-de-januaria","tag-bombeiros-resgatam-corpo-de-adolescente-que-se-afogou-em-sao-francisco","tag-bombeiros-resgatam-corpos-de-vitimas-de-afogamento-em-sao-francisco-e-brasilia-de-minas","tag-bombeiros-resgatam-vitimas-de-afogamento-em-sao-francisco-e-brasilia-de-minas","tag-brasilia-de-minas","tag-januaria","tag-sao-francisco"],"_links":{"self":[{"href":"https:\/\/aconteceunovale.com.br\/portal\/index.php?rest_route=\/wp\/v2\/posts\/50664","targetHints":{"allow":["GET"]}}],"collection":[{"href":"https:\/\/aconteceunovale.com.br\/portal\/index.php?rest_route=\/wp\/v2\/posts"}],"about":[{"href":"https:\/\/aconteceunovale.com.br\/portal\/index.php?rest_route=\/wp\/v2\/types\/post"}],"author":[{"embeddable":true,"href":"https:\/\/aconteceunovale.com.br\/portal\/index.php?rest_route=\/wp\/v2\/users\/1"}],"replies":[{"embeddable":true,"href":"https:\/\/aconteceunovale.com.br\/portal\/index.php?rest_route=%2Fwp%2Fv2%2Fcomments&post=50664"}],"version-history":[{"count":0,"href":"https:\/\/aconteceunovale.com.br\/portal\/index.php?rest_route=\/wp\/v2\/posts\/50664\/revisions"}],"wp:featuredmedia":[{"embeddable":true,"href":"https:\/\/aconteceunovale.com.br\/portal\/index.php?rest_route=\/wp\/v2\/media\/50665"}],"wp:attachment":[{"href":"https:\/\/aconteceunovale.com.br\/portal\/index.php?rest_route=%2Fwp%2Fv2%2Fmedia&parent=50664"}],"wp:term":[{"taxonomy":"category","embeddable":true,"href":"https:\/\/aconteceunovale.com.br\/portal\/index.php?rest_route=%2Fwp%2Fv2%2Fcategories&post=50664"},{"taxonomy":"post_tag","embeddable":true,"href":"https:\/\/aconteceunovale.com.br\/portal\/index.php?rest_route=%2Fwp%2Fv2%2Ftags&post=50664"}],"curies":[{"name":"wp","href":"https:\/\/api.w.org\/{rel}","templated":true}]}}