{"id":50639,"date":"2015-01-20T21:30:10","date_gmt":"2015-01-21T00:30:10","guid":{"rendered":"http:\/\/aconteceunovale.com.br\/portal\/?p=50639"},"modified":"2015-01-20T21:31:18","modified_gmt":"2015-01-21T00:31:18","slug":"aracuai-recebe-a-3a-edicao-do-festival-de-teatro-de-rua","status":"publish","type":"post","link":"https:\/\/aconteceunovale.com.br\/portal\/?p=50639","title":{"rendered":"Ara\u00e7ua\u00ed recebe a 3\u00aa edi\u00e7\u00e3o do Festival de Teatro de Rua"},"content":{"rendered":"<h4><strong><em>Festival come\u00e7ou nesta ter\u00e7a-feira e segue at\u00e9 s\u00e1bado (20). Evento \u00e9 patrocinado pelo Governo de Minas.<\/em><\/strong><\/h4>\n<p>Sob um calor de quase 40 graus, foi aberto na tarde desta ter\u00e7a-feira, 20 de janeiro, o 3\u00aa Festival de Teatro de Rua de Ara\u00e7ua\u00ed, o FESTA. A Trupe Gengibre, Lim\u00e3o e Mel, de Belo Horizonte, fez a abertura com a pe\u00e7a, \u201cAs pelejas de Robeymar no pa\u00eds do Bolaembola e a mo\u00e7a que virou porca porque casou de topless\u201d.<\/p>\n<p><img decoding=\"async\" src=\"http:\/\/aconteceunovale.com.br\/portal\/wp-content\/uploads\/2015\/01\/festa_ara_15_1.jpg\" alt=\"\" \/><em>Grupo Gengibre Lim\u00e3o e Mel, de Belo Horizonte, abriu o festival &#8211; Foto: S\u00e9rgio Vasconcelos<\/em><br \/>\n<\/br><\/p>\n<p>O evento segue at\u00e9 s\u00e1bado (24) com a participa\u00e7\u00e3o de grupos teatrais de Belo Horizonte, S\u00e3o Paulo, Rio de Janeiro, Pernambuco, Paran\u00e1 e Sete Lagoas. Do Vale do Jequitinhonha, participam grupos de Ara\u00e7ua\u00ed e Joa\u00edma.<\/p>\n<p>As apresenta\u00e7\u00f5es acontecem a partir das 17h na pra\u00e7a do Coreto, no centro hist\u00f3rico da cidade. O festival ter\u00e1, al\u00e9m da programa\u00e7\u00e3o teatral, rodada de debates dos espet\u00e1culos e elei\u00e7\u00e3o da diretoria do Movimento de Artes C\u00eanicas do Vale do Jequitinhonha. Ao todo ser\u00e3o 11 espet\u00e1culos. <\/p>\n<p>A terceira edi\u00e7\u00e3o do Festival de Teatro de Rua de Ara\u00e7ua\u00ed \u00e9 patrocinada pelo Governo de Minas Gerais, atrav\u00e9s do Fundo Estadual de Cultura.<\/p>\n<p><img decoding=\"async\" src=\"http:\/\/aconteceunovale.com.br\/portal\/wp-content\/uploads\/2015\/01\/festa_ara_15_2.jpg\" alt=\"\" \/><em>Os espet\u00e1culos s\u00e3o apresentados na pra\u00e7a do Coreto, no Centro Hist\u00f3rico &#8211; Foto: S\u00e9rgio Vasconcelos<\/em><br \/>\n<\/br><\/p>\n<p><strong><em>(Gazeta de Ara\u00e7ua\u00ed)<\/em><\/strong><\/p>\n","protected":false},"excerpt":{"rendered":"<p>Festival come\u00e7ou nesta ter\u00e7a-feira e segue at\u00e9 s\u00e1bado (20). Evento \u00e9 patrocinado pelo Governo de Minas. Sob um calor de quase 40 graus, foi aberto na tarde desta ter\u00e7a-feira, 20 de janeiro, o 3\u00aa Festival de Teatro de Rua de Ara\u00e7ua\u00ed, o FESTA. A Trupe Gengibre, Lim\u00e3o e Mel, de Belo Horizonte, fez a abertura [&hellip;]<\/p>\n","protected":false},"author":1,"featured_media":50641,"comment_status":"open","ping_status":"closed","sticky":false,"template":"","format":"standard","meta":{"amp_status":"","footnotes":""},"categories":[125],"tags":[30789,186,30787,30788],"class_list":["post-50639","post","type-post","status-publish","format-standard","has-post-thumbnail","hentry","category-noticias","tag-3a-edicao-do-festival-de-teatro-de-rua-de-aracuai","tag-aracuai","tag-aracuai-recebe-a-3a-edicao-do-festival-de-teatro-de-rua","tag-festival-de-teatro-de-rua-de-aracuai"],"_links":{"self":[{"href":"https:\/\/aconteceunovale.com.br\/portal\/index.php?rest_route=\/wp\/v2\/posts\/50639","targetHints":{"allow":["GET"]}}],"collection":[{"href":"https:\/\/aconteceunovale.com.br\/portal\/index.php?rest_route=\/wp\/v2\/posts"}],"about":[{"href":"https:\/\/aconteceunovale.com.br\/portal\/index.php?rest_route=\/wp\/v2\/types\/post"}],"author":[{"embeddable":true,"href":"https:\/\/aconteceunovale.com.br\/portal\/index.php?rest_route=\/wp\/v2\/users\/1"}],"replies":[{"embeddable":true,"href":"https:\/\/aconteceunovale.com.br\/portal\/index.php?rest_route=%2Fwp%2Fv2%2Fcomments&post=50639"}],"version-history":[{"count":0,"href":"https:\/\/aconteceunovale.com.br\/portal\/index.php?rest_route=\/wp\/v2\/posts\/50639\/revisions"}],"wp:featuredmedia":[{"embeddable":true,"href":"https:\/\/aconteceunovale.com.br\/portal\/index.php?rest_route=\/wp\/v2\/media\/50641"}],"wp:attachment":[{"href":"https:\/\/aconteceunovale.com.br\/portal\/index.php?rest_route=%2Fwp%2Fv2%2Fmedia&parent=50639"}],"wp:term":[{"taxonomy":"category","embeddable":true,"href":"https:\/\/aconteceunovale.com.br\/portal\/index.php?rest_route=%2Fwp%2Fv2%2Fcategories&post=50639"},{"taxonomy":"post_tag","embeddable":true,"href":"https:\/\/aconteceunovale.com.br\/portal\/index.php?rest_route=%2Fwp%2Fv2%2Ftags&post=50639"}],"curies":[{"name":"wp","href":"https:\/\/api.w.org\/{rel}","templated":true}]}}