{"id":50636,"date":"2015-01-20T21:19:18","date_gmt":"2015-01-21T00:19:18","guid":{"rendered":"http:\/\/aconteceunovale.com.br\/portal\/?p=50636"},"modified":"2015-01-20T21:19:18","modified_gmt":"2015-01-21T00:19:18","slug":"detentos-serram-grades-e-fogem-da-cadeia-de-brasilia-de-minas","status":"publish","type":"post","link":"https:\/\/aconteceunovale.com.br\/portal\/?p=50636","title":{"rendered":"Detentos serram grades e fogem da Cadeia de Bras\u00edlia de Minas"},"content":{"rendered":"<h4><strong><em>Serra artesanal foi encontrada em cela que teve grades danificadas. Foragidos t\u00eam passagens por tr\u00e1fico de drogas, roubo, furto e les\u00e3o corporal.<\/em><\/strong><\/h4>\n<p>Dois detentos fugiram da Cadeia P\u00fablica de Bras\u00edlia de Minas, Norte de estado, durante a madrugada desta ter\u00e7a-feira (20). A Pol\u00edcia Militar foi acionada por um agente plantonista que percebeu a presen\u00e7a de dois homens no p\u00e1tio da delegacia, sendo um reconhecido como Vigomar Dias Ferreira.<\/p>\n<p>Ainda de acordo com a PM, militares e agentes fizeram buscas na cadeia e perceberam que as grades internas e externas da cela dos dois estavam serradas. No local, foi encontrada ainda uma serra artesanal. Os agentes perceberam ainda que outro detento, Ronildo Cardoso de Jesus, tamb\u00e9m havia fugido.<\/p>\n<p>Os dois possuem passagem por tr\u00e1fico de drogas, roubo, furto e les\u00e3o corporal. A pol\u00edcia realiza buscas na regi\u00e3o para tentar encontrar os foragidos. (G1)<\/p>\n","protected":false},"excerpt":{"rendered":"<p>Serra artesanal foi encontrada em cela que teve grades danificadas. Foragidos t\u00eam passagens por tr\u00e1fico de drogas, roubo, furto e les\u00e3o corporal. Dois detentos fugiram da Cadeia P\u00fablica de Bras\u00edlia de Minas, Norte de estado, durante a madrugada desta ter\u00e7a-feira (20). A Pol\u00edcia Militar foi acionada por um agente plantonista que percebeu a presen\u00e7a de [&hellip;]<\/p>\n","protected":false},"author":1,"featured_media":50637,"comment_status":"open","ping_status":"closed","sticky":false,"template":"","format":"standard","meta":{"amp_status":"","footnotes":""},"categories":[1236],"tags":[195,30783,30786,30785,30784],"class_list":["post-50636","post","type-post","status-publish","format-standard","has-post-thumbnail","hentry","category-norte_de_minas","tag-brasilia-de-minas","tag-cadeia-publica-de-brasilia-de-minas","tag-detentos-serram-grades-e-fogem-da-cadeia-de-brasilia-de-minas","tag-ronildo-cardoso-de-jesus","tag-vigomar-dias-ferreira"],"_links":{"self":[{"href":"https:\/\/aconteceunovale.com.br\/portal\/index.php?rest_route=\/wp\/v2\/posts\/50636","targetHints":{"allow":["GET"]}}],"collection":[{"href":"https:\/\/aconteceunovale.com.br\/portal\/index.php?rest_route=\/wp\/v2\/posts"}],"about":[{"href":"https:\/\/aconteceunovale.com.br\/portal\/index.php?rest_route=\/wp\/v2\/types\/post"}],"author":[{"embeddable":true,"href":"https:\/\/aconteceunovale.com.br\/portal\/index.php?rest_route=\/wp\/v2\/users\/1"}],"replies":[{"embeddable":true,"href":"https:\/\/aconteceunovale.com.br\/portal\/index.php?rest_route=%2Fwp%2Fv2%2Fcomments&post=50636"}],"version-history":[{"count":0,"href":"https:\/\/aconteceunovale.com.br\/portal\/index.php?rest_route=\/wp\/v2\/posts\/50636\/revisions"}],"wp:featuredmedia":[{"embeddable":true,"href":"https:\/\/aconteceunovale.com.br\/portal\/index.php?rest_route=\/wp\/v2\/media\/50637"}],"wp:attachment":[{"href":"https:\/\/aconteceunovale.com.br\/portal\/index.php?rest_route=%2Fwp%2Fv2%2Fmedia&parent=50636"}],"wp:term":[{"taxonomy":"category","embeddable":true,"href":"https:\/\/aconteceunovale.com.br\/portal\/index.php?rest_route=%2Fwp%2Fv2%2Fcategories&post=50636"},{"taxonomy":"post_tag","embeddable":true,"href":"https:\/\/aconteceunovale.com.br\/portal\/index.php?rest_route=%2Fwp%2Fv2%2Ftags&post=50636"}],"curies":[{"name":"wp","href":"https:\/\/api.w.org\/{rel}","templated":true}]}}