{"id":50631,"date":"2015-01-20T21:11:36","date_gmt":"2015-01-21T00:11:36","guid":{"rendered":"http:\/\/aconteceunovale.com.br\/portal\/?p=50631"},"modified":"2015-01-20T21:11:36","modified_gmt":"2015-01-21T00:11:36","slug":"uma-pessoa-morre-e-seis-ficam-feridas-em-acidente-na-br-251-no-municipio-de-grao-mogol","status":"publish","type":"post","link":"https:\/\/aconteceunovale.com.br\/portal\/?p=50631","title":{"rendered":"Uma pessoa morre e seis ficam feridas em acidente na BR-251 no munic\u00edpio de Gr\u00e3o Mogol"},"content":{"rendered":"<h4><strong><em>Batida envolveu um carro de passeio, duas carretas e um caminh\u00e3o. Rodovia ficou totalmente fechada por cerca de 7 horas e chegou a registrar 30 km de congestionamento.<\/em><\/strong><\/h4>\n<p>Um grave acidente envolvendo quatro ve\u00edculos deixou uma pessoa morta na manh\u00e3 desta ter\u00e7a-feira, 20 de janeiro, na altura do km 401, na BR-251, em Gr\u00e3o Mogol, no Norte do Estado. Segundo a Pol\u00edcia Rodovi\u00e1ria Federal (PRF), uma carreta perdeu o freio e colidiu com um carro de passeio, que foi projetado \u00e0 frente e bateu em outra carreta. Um caminh\u00e3o que vinha atr\u00e1s, tamb\u00e9m n\u00e3o conseguiu frear a tempo e acabou colidindo com o ve\u00edculo \u00e0 frente.<\/p>\n<p><img decoding=\"async\" src=\"http:\/\/aconteceunovale.com.br\/portal\/wp-content\/uploads\/2015\/01\/acidente_grao_mogol_20_1_1.jpg\" alt=\"\" \/><em>Acidente aconteceu no munic\u00edpio de Gr\u00e3o Mogol, no Norte de Minas &#8211; Foto: Alexander Sezko \/ Estado de Minas<\/em><br \/>\n<\/br><\/p>\n<p>Maria L\u00facia de Sousa, de 42 anos, passageira do carro, morreu no local. Com ela estavam Lucas Vin\u00edcius de Sousa, de 13 anos, e Manoel Bernardino de Sousa, de 52 anos. Eles foram encaminhados para o Hospital de Francisco S\u00e1. O adolescente de 13 anos foi transferido para Santa Casa de Montes Claros, e seu estado \u00e9 grave.<\/p>\n<p>Na carreta, com placas de Montes Claros, estavam Jos\u00e9 Wilson Ribeiro, de 42 anos. Ele foi encaminhado para a Santa Casa de Montes Claros. Francisco da Costa, de 44 anos, e Onisvaldo da Silva Ribeiro, de 47 anos, foram encaminhados para o hospital de Francisco S\u00e1.<\/p>\n<p>O acidente aconteceu por volta das 9h da manh\u00e3 e at\u00e9 \u00e0s 16h30, a rodovia estava completamente interditada. Somente no final da tarde \u00e9 que a pista foi liberada, alternando os sentidos. O trecho chegou a registrar 30 km de congestionamento, sendo 15 km em cada sentido.<\/p>\n<p><img decoding=\"async\" src=\"http:\/\/aconteceunovale.com.br\/portal\/wp-content\/uploads\/2015\/01\/acidente_grao_mogol_20_1_2.jpg\" alt=\"\" \/><em>Acidente aconteceu no munic\u00edpio de Gr\u00e3o Mogol, no Norte de Minas &#8211; Foto: Alexander Sezko \/ Estado de Minas<\/em><br \/>\n<\/br><\/p>\n<p><img decoding=\"async\" src=\"http:\/\/aconteceunovale.com.br\/portal\/wp-content\/uploads\/2015\/01\/acidente_grao_mogol_20_1_3.jpg\" alt=\"\" \/><em>Acidente aconteceu no munic\u00edpio de Gr\u00e3o Mogol, no Norte de Minas &#8211; Foto: Alexander Sezko \/ Estado de Minas<\/em><br \/>\n<\/br><\/p>\n<p><strong><em>(Estado de Minas)<\/em><\/strong><\/p>\n","protected":false},"excerpt":{"rendered":"<p>Batida envolveu um carro de passeio, duas carretas e um caminh\u00e3o. Rodovia ficou totalmente fechada por cerca de 7 horas e chegou a registrar 30 km de congestionamento. Um grave acidente envolvendo quatro ve\u00edculos deixou uma pessoa morta na manh\u00e3 desta ter\u00e7a-feira, 20 de janeiro, na altura do km 401, na BR-251, em Gr\u00e3o Mogol, [&hellip;]<\/p>\n","protected":false},"author":1,"featured_media":50632,"comment_status":"open","ping_status":"closed","sticky":false,"template":"","format":"standard","meta":{"amp_status":"","footnotes":""},"categories":[1236],"tags":[30781,1395,1153,30780,30778,30779,30777,30782],"class_list":["post-50631","post","type-post","status-publish","format-standard","has-post-thumbnail","hentry","category-norte_de_minas","tag-francisco-da-costa","tag-francisco-sa","tag-grao-mogol","tag-jose-wilson-ribeiro","tag-lucas-vinicius-de-sousa","tag-manoel-bernardino-de-sousa","tag-maria-lucia-de-sousa","tag-onisvaldo-da-silva-ribeiro"],"_links":{"self":[{"href":"https:\/\/aconteceunovale.com.br\/portal\/index.php?rest_route=\/wp\/v2\/posts\/50631","targetHints":{"allow":["GET"]}}],"collection":[{"href":"https:\/\/aconteceunovale.com.br\/portal\/index.php?rest_route=\/wp\/v2\/posts"}],"about":[{"href":"https:\/\/aconteceunovale.com.br\/portal\/index.php?rest_route=\/wp\/v2\/types\/post"}],"author":[{"embeddable":true,"href":"https:\/\/aconteceunovale.com.br\/portal\/index.php?rest_route=\/wp\/v2\/users\/1"}],"replies":[{"embeddable":true,"href":"https:\/\/aconteceunovale.com.br\/portal\/index.php?rest_route=%2Fwp%2Fv2%2Fcomments&post=50631"}],"version-history":[{"count":0,"href":"https:\/\/aconteceunovale.com.br\/portal\/index.php?rest_route=\/wp\/v2\/posts\/50631\/revisions"}],"wp:featuredmedia":[{"embeddable":true,"href":"https:\/\/aconteceunovale.com.br\/portal\/index.php?rest_route=\/wp\/v2\/media\/50632"}],"wp:attachment":[{"href":"https:\/\/aconteceunovale.com.br\/portal\/index.php?rest_route=%2Fwp%2Fv2%2Fmedia&parent=50631"}],"wp:term":[{"taxonomy":"category","embeddable":true,"href":"https:\/\/aconteceunovale.com.br\/portal\/index.php?rest_route=%2Fwp%2Fv2%2Fcategories&post=50631"},{"taxonomy":"post_tag","embeddable":true,"href":"https:\/\/aconteceunovale.com.br\/portal\/index.php?rest_route=%2Fwp%2Fv2%2Ftags&post=50631"}],"curies":[{"name":"wp","href":"https:\/\/api.w.org\/{rel}","templated":true}]}}