{"id":50618,"date":"2015-01-20T13:59:42","date_gmt":"2015-01-20T16:59:42","guid":{"rendered":"http:\/\/aconteceunovale.com.br\/portal\/?p=50618"},"modified":"2015-01-21T13:55:36","modified_gmt":"2015-01-21T16:55:36","slug":"acidente-deixa-carro-esmagado-e-motorista-morre-no-vale-do-aco","status":"publish","type":"post","link":"https:\/\/aconteceunovale.com.br\/portal\/?p=50618","title":{"rendered":"Acidente deixa carro esmagado e motorista morre no Vale do A\u00e7o"},"content":{"rendered":"<h4><strong><em>Condutor do ve\u00edculo de passeio morreu no local. Batida aconteceu no Anel Rodovi\u00e1rio de Tim\u00f3teo, no Vale do A\u00e7o.<\/em><\/strong><\/h4>\n<p>Um homem de 39 anos morreu na manh\u00e3 desta ter\u00e7a-feira, 20 de janeiro, no contorno do Anel Rodovi\u00e1rio para o Bairro Nova Esperan\u00e7a, em Tim\u00f3teo, no Vale do A\u00e7o. De acordo com informa\u00e7\u00f5es, a v\u00edtima, Rondineli Gon\u00e7alves, conduzia o ve\u00edculo Peugeot, placas IAE-2685, quando colidiu frontalmente com um caminh\u00e3o, placas OQC-4817, de Cl\u00e1udio (MG).<\/p>\n<p>Com o impacto, Rondinelli n\u00e3o resistiu aos graves ferimentos e morreu no local. O motorista do caminh\u00e3o, Francisco Ananias dos Reis, de 49 anos, sofreu ferimentos leves e foi encaminhado para o Hospital S\u00e3o Camilo.<\/p>\n<p><img decoding=\"async\" src=\"http:\/\/aconteceunovale.com.br\/portal\/wp-content\/uploads\/2015\/01\/acidente_timoteo_20_3.jpg\" alt=\"\" \/><em>Condutor do carro morreu no local do acidente &#8211; Foto enviada ao WhatsApp do Portal Aconteceu no Vale<\/em><br \/>\n<\/br><\/p>\n<p><img decoding=\"async\" src=\"http:\/\/aconteceunovale.com.br\/portal\/wp-content\/uploads\/2015\/01\/acidente_timoteo_20_1.jpg\" alt=\"\" \/><em>Condutor do carro morreu no local do acidente &#8211; Foto enviada ao WhatsApp do Portal Aconteceu no Vale<\/em><br \/>\n<\/br><\/p>\n<p><img decoding=\"async\" src=\"http:\/\/aconteceunovale.com.br\/portal\/wp-content\/uploads\/2015\/01\/acidente_timoteo_20_2.jpg\" alt=\"\" \/><em>Condutor do carro morreu no local do acidente &#8211; Foto enviada ao WhatsApp do Portal Aconteceu no Vale<\/em><\/p>\n","protected":false},"excerpt":{"rendered":"<p>Condutor do ve\u00edculo de passeio morreu no local. Batida aconteceu no Anel Rodovi\u00e1rio de Tim\u00f3teo, no Vale do A\u00e7o. Um homem de 39 anos morreu na manh\u00e3 desta ter\u00e7a-feira, 20 de janeiro, no contorno do Anel Rodovi\u00e1rio para o Bairro Nova Esperan\u00e7a, em Tim\u00f3teo, no Vale do A\u00e7o. De acordo com informa\u00e7\u00f5es, a v\u00edtima, Rondineli [&hellip;]<\/p>\n","protected":false},"author":1,"featured_media":50621,"comment_status":"open","ping_status":"closed","sticky":false,"template":"","format":"standard","meta":{"amp_status":"","footnotes":""},"categories":[121],"tags":[30773,965,30771,30770,30884,30772,1105],"class_list":["post-50618","post","type-post","status-publish","format-standard","has-post-thumbnail","hentry","category-leste","tag-acidente-deixa-carro-esmagado-e-motorista-morre-no-vale-do-aco","tag-claudio","tag-francisco-ananias-dos-reis","tag-rondinele-goncalves","tag-rondineli-januci-goncalves","tag-rondinelli-goncalves","tag-timoteo"],"_links":{"self":[{"href":"https:\/\/aconteceunovale.com.br\/portal\/index.php?rest_route=\/wp\/v2\/posts\/50618","targetHints":{"allow":["GET"]}}],"collection":[{"href":"https:\/\/aconteceunovale.com.br\/portal\/index.php?rest_route=\/wp\/v2\/posts"}],"about":[{"href":"https:\/\/aconteceunovale.com.br\/portal\/index.php?rest_route=\/wp\/v2\/types\/post"}],"author":[{"embeddable":true,"href":"https:\/\/aconteceunovale.com.br\/portal\/index.php?rest_route=\/wp\/v2\/users\/1"}],"replies":[{"embeddable":true,"href":"https:\/\/aconteceunovale.com.br\/portal\/index.php?rest_route=%2Fwp%2Fv2%2Fcomments&post=50618"}],"version-history":[{"count":0,"href":"https:\/\/aconteceunovale.com.br\/portal\/index.php?rest_route=\/wp\/v2\/posts\/50618\/revisions"}],"wp:featuredmedia":[{"embeddable":true,"href":"https:\/\/aconteceunovale.com.br\/portal\/index.php?rest_route=\/wp\/v2\/media\/50621"}],"wp:attachment":[{"href":"https:\/\/aconteceunovale.com.br\/portal\/index.php?rest_route=%2Fwp%2Fv2%2Fmedia&parent=50618"}],"wp:term":[{"taxonomy":"category","embeddable":true,"href":"https:\/\/aconteceunovale.com.br\/portal\/index.php?rest_route=%2Fwp%2Fv2%2Fcategories&post=50618"},{"taxonomy":"post_tag","embeddable":true,"href":"https:\/\/aconteceunovale.com.br\/portal\/index.php?rest_route=%2Fwp%2Fv2%2Ftags&post=50618"}],"curies":[{"name":"wp","href":"https:\/\/api.w.org\/{rel}","templated":true}]}}