{"id":50609,"date":"2015-01-20T13:12:36","date_gmt":"2015-01-20T16:12:36","guid":{"rendered":"http:\/\/aconteceunovale.com.br\/portal\/?p=50609"},"modified":"2015-01-20T22:07:54","modified_gmt":"2015-01-21T01:07:54","slug":"calor-em-minas-gerais-vira-piada-e-valadarense-frita-ovo-no-sol","status":"publish","type":"post","link":"https:\/\/aconteceunovale.com.br\/portal\/?p=50609","title":{"rendered":"Valadarense brinca com o calor e frita ovo no asfalto"},"content":{"rendered":"<h4><strong><em>Brincadeiras \u00e0 parte, o calor no estado \u00e9 resultado da atua\u00e7\u00e3o de uma massa de ar quente e seca que est\u00e1 inibindo a forma\u00e7\u00e3o de nuvens. Altas temperaturas v\u00e3o continuar, conforme previs\u00e3o da meteorologia.<\/em><\/strong><\/h4>\n<p>O calor em Minas Gerais virou piada nas redes sociais. Al\u00e9m dos memes com fotos engra\u00e7adas sobre as temperaturas altas, a novidade agora \u00e9 o v\u00eddeo de um valadarense que fritou um ovo no sol. A temperatura em Governador Valadares, no Vale do Rio Doce, chegou a 35 graus na tarde de segunda-feira, momento em que o v\u00eddeo foi gravado, mas n\u00e3o foi o recorde do estado. Em Campina Verde, na Regi\u00e3o do Tri\u00e2ngulo, os term\u00f4metros marcaram 37.8 graus, o calor mais intenso em Minas ontem. <\/p>\n<p>O operador de caixa Marcos de Paula \u00e9 o dono do v\u00eddeo que j\u00e1 teve mais de 1,2 mil compartilhamentos. Ele conta que a ideia surgiu da velha express\u00e3o: \u201co sol est\u00e1 t\u00e3o forte que d\u00e1 at\u00e9 para fritar um ovo\u201d. Ele fez o coment\u00e1rio com uma amiga que sugeriu a experi\u00eancia culin\u00e1ria. Segundo ele, o ovo fritando arrancou risadas de vizinhos e coment\u00e1rios bem humorados no Facebook. <\/p>\n<p>Por volta das 14h, Marcos deixou a frigideira exposta ao sol por cerca de uma hora. Logo depois, a colocou sobre a tampa de um bueiro e jogou o ovo. Para surpresa dos amigos, a experi\u00eancia deu certo. \u201cA gente filmou como brincadeira. Eu n\u00e3o pensei que o v\u00eddeo teria tantas visualiza\u00e7\u00f5es\u201d, conta. <\/p>\n<p>Marcos mora h\u00e1 quatro anos em S\u00e3o Paulo e volta a Valadares para as f\u00e9rias. Ele est\u00e1 estranhando muito o calor deste m\u00eas de janeiro. \u201cEu n\u00e3o estou mais acostumado com este calor por causa da temperatura de S\u00e3o Paulo. Tenho piscina aqui em casa, fico sem camisa e tomo muita \u00e1gua o dia todo. Valadares sempre foi muito quente, mas ultimamente est\u00e1 demais. Este ano n\u00e3o choveu\u201d, conta. <\/p>\n<p>Brincadeiras \u00e0 parte, o calor em Minas \u00e9 resultado da atua\u00e7\u00e3o de uma massa de ar quente e seca que est\u00e1 inibindo a forma\u00e7\u00e3o de nuvens e, consequentemente, a ocorr\u00eancia de chuva. De acordo com o meteorologista Heriberto dos Anjos, n\u00e3o h\u00e1 previs\u00e3o de chuva para a regi\u00e3o de Valadares nos pr\u00f3ximos dias e os term\u00f4metros ficar\u00e3o perto dos 36 graus. J\u00e1 nas regi\u00f5es Sul, Oeste, Tri\u00e2ngulo, Zona da Mata e parte da Metropolitana, haver\u00e1 o aumento de nuvens nos pr\u00f3ximos dias, com previs\u00e3o de chuvas isoladas. Na capital, podem ocorrer pancadas de chuvas no fim da tarde. <\/p>\n<p><em>Veja o v\u00eddeo publicado no Facebook:<\/em><\/p>\n<div id=\"fb-root\"><\/div>\n<p> <script>(function(d, s, id) { var js, fjs = d.getElementsByTagName(s)[0]; if (d.getElementById(id)) return; js = d.createElement(s); js.id = id; js.src = \"\/\/connect.facebook.net\/pt_BR\/all.js#xfbml=1\"; fjs.parentNode.insertBefore(js, fjs); }(document, 'script', 'facebook-jssdk'));<\/script><\/p>\n<div class=\"fb-post\" data-href=\"https:\/\/www.facebook.com\/video.php?v=812761902130859\" data-width=\"610\">\n<div class=\"fb-xfbml-parse-ignore\"><a href=\"https:\/\/www.facebook.com\/video.php?v=812761902130859\">Publica\u00e7\u00e3o<\/a> by <a href=\"https:\/\/www.facebook.com\/marcos.depaula.92\">Marcos De Paula<\/a>.<\/div>\n<\/div>\n<p><\/br><\/p>\n<p><strong><em>(Fonte: Estado de Minas)<\/em><\/strong><\/p>\n","protected":false},"excerpt":{"rendered":"<p>Brincadeiras \u00e0 parte, o calor no estado \u00e9 resultado da atua\u00e7\u00e3o de uma massa de ar quente e seca que est\u00e1 inibindo a forma\u00e7\u00e3o de nuvens. Altas temperaturas v\u00e3o continuar, conforme previs\u00e3o da meteorologia. O calor em Minas Gerais virou piada nas redes sociais. Al\u00e9m dos memes com fotos engra\u00e7adas sobre as temperaturas altas, a [&hellip;]<\/p>\n","protected":false},"author":1,"featured_media":50610,"comment_status":"open","ping_status":"closed","sticky":false,"template":"","format":"standard","meta":{"amp_status":"","footnotes":""},"categories":[121],"tags":[30752,30751,30757,30754,30755,247,30756,30753,30800],"class_list":["post-50609","post","type-post","status-publish","format-standard","has-post-thumbnail","hentry","category-leste","tag-calor-em-governador-valadares","tag-calor-em-governador-valadares-vira-piada-e-morador-frita-ovo-no-sol","tag-calor-em-minas-gerais-vira-piada-e-valadarense-frita-ovo-no-sol","tag-frita-ovo-no-sol","tag-fritando-ovo-no-sol","tag-governador-valadares","tag-marcos-de-paula","tag-morador-de-governador-valadares-frita-ovo-no-sol","tag-valadarense-brinca-com-o-calor-e-frita-ovo-no-asfalto"],"_links":{"self":[{"href":"https:\/\/aconteceunovale.com.br\/portal\/index.php?rest_route=\/wp\/v2\/posts\/50609","targetHints":{"allow":["GET"]}}],"collection":[{"href":"https:\/\/aconteceunovale.com.br\/portal\/index.php?rest_route=\/wp\/v2\/posts"}],"about":[{"href":"https:\/\/aconteceunovale.com.br\/portal\/index.php?rest_route=\/wp\/v2\/types\/post"}],"author":[{"embeddable":true,"href":"https:\/\/aconteceunovale.com.br\/portal\/index.php?rest_route=\/wp\/v2\/users\/1"}],"replies":[{"embeddable":true,"href":"https:\/\/aconteceunovale.com.br\/portal\/index.php?rest_route=%2Fwp%2Fv2%2Fcomments&post=50609"}],"version-history":[{"count":0,"href":"https:\/\/aconteceunovale.com.br\/portal\/index.php?rest_route=\/wp\/v2\/posts\/50609\/revisions"}],"wp:featuredmedia":[{"embeddable":true,"href":"https:\/\/aconteceunovale.com.br\/portal\/index.php?rest_route=\/wp\/v2\/media\/50610"}],"wp:attachment":[{"href":"https:\/\/aconteceunovale.com.br\/portal\/index.php?rest_route=%2Fwp%2Fv2%2Fmedia&parent=50609"}],"wp:term":[{"taxonomy":"category","embeddable":true,"href":"https:\/\/aconteceunovale.com.br\/portal\/index.php?rest_route=%2Fwp%2Fv2%2Fcategories&post=50609"},{"taxonomy":"post_tag","embeddable":true,"href":"https:\/\/aconteceunovale.com.br\/portal\/index.php?rest_route=%2Fwp%2Fv2%2Ftags&post=50609"}],"curies":[{"name":"wp","href":"https:\/\/api.w.org\/{rel}","templated":true}]}}