{"id":50596,"date":"2015-01-20T11:36:15","date_gmt":"2015-01-20T14:36:15","guid":{"rendered":"http:\/\/aconteceunovale.com.br\/portal\/?p=50596"},"modified":"2015-01-20T11:36:15","modified_gmt":"2015-01-20T14:36:15","slug":"com-instrucoes-por-telefone-bombeiro-salva-vida-e-bebe-em-governador-valadares","status":"publish","type":"post","link":"https:\/\/aconteceunovale.com.br\/portal\/?p=50596","title":{"rendered":"Com instru\u00e7\u00f5es por telefone, bombeiro salva vida e beb\u00ea em Governador Valadares"},"content":{"rendered":"<h4><strong><em>Fato ocorreu no \u00faltimo s\u00e1bado (17). Segundo o militar, essa \u00e9 a terceira vez que ele salva a vida de um rec\u00e9m-nascido.<\/em><\/strong><\/h4>\n<p>Um beb\u00ea de apenas oito dias de vida foi salvo pelas instru\u00e7\u00f5es de um bombeiro militar, por telefone. A crian\u00e7a havia se engasgado e parado de respirar. O respons\u00e1vel por fazer o salvamento foi o cabo Walter Ferreira Rocha, do 6\u00b0 Batalh\u00e3o dos Bombeiros de Governador Valadares. O fato ocorreu no in\u00edcio da tarde do \u00faltimo s\u00e1bado, 17.<\/p>\n<p><img decoding=\"async\" src=\"http:\/\/aconteceunovale.com.br\/portal\/wp-content\/uploads\/2015\/01\/bombeiro_salva_vida_gv.jpg\" alt=\"\" \/><em>O respons\u00e1vel por fazer o salvamento foi o cabo Walter Ferreira Rocha, do 6\u00b0 Batalh\u00e3o dos Bombeiros de Governador Valadares &#8211; Foto: Divulga\u00e7\u00e3o \/ Corpo de Bombeiros de Governador Valadares<\/em><br \/>\n<\/br><\/p>\n<p>De acordo com o cabo Walter, que atendeu ao telefone, a m\u00e3e do beb\u00ea ligou para a emerg\u00eancia e disse que a crian\u00e7a estava engasgada e sem respirar. Ele passou instru\u00e7\u00f5es sobre como reanim\u00e1-la. \u201cPedi para a m\u00e3e ficar calma para eu poder ensinar os procedimentos passo a passo sobre como ela deveria fazer. Depois que ensinei, o beb\u00ea voltou a respirar e a m\u00e3e, j\u00e1 muito calma, disse que estava tudo bem e n\u00e3o precisava dos bombeiros irem at\u00e9 sua casa. Mas o chefe do pelot\u00e3o ordenou que os militares fizessem uma visita para saber de perto a situa\u00e7\u00e3o do beb\u00ea. Quando chegamos vimos que ele estava bem e ainda instru\u00edmos a m\u00e3e sobre o que ela deveria fazer caso ele voltasse a engasgar. Conhecemos toda a fam\u00edlia da crian\u00e7a e a m\u00e3e ficou muito feliz e aliviada, me agradeceu muito\u201d, contou o cabo.<\/p>\n<p>Segundo o militar, essa \u00e9 a terceira vez que ele salva a vida de um rec\u00e9m-nascido. \u201cAgrade\u00e7o a Deus e ao Corpo de Bombeiros por me capacitar e me permitir fazer esses atendimentos, e a todos os colegas de trabalho. A miss\u00e3o de salvar vidas traz momentos gratificantes e a certeza de que a profiss\u00e3o bombeiro militar \u00e9 uma escolha de muitas recompensas.\u201d<\/p>\n<p>Ele orientou sobre o que as m\u00e3es devem fazer nesses casos. \u201cA m\u00e3e deve ligar para o 193 e informar aos bombeiros o que est\u00e1 acontecendo para que eles possam passar as orienta\u00e7\u00f5es adequadas. Nunca se deve tentar salvar a vida de um rec\u00e9m-nascido sozinho\u201d, concluiu o cabo.<\/p>\n<h4>Instru\u00e7\u00f5es<\/h4>\n<p>Se o beb\u00ea se engasga com o leite e come\u00e7a a tossir, primeiro pare de amament\u00e1-lo, coloque-o de p\u00e9 e, se \u00e9 necess\u00e1rio, assopre a carinha dele. Se continuar, colocar o beb\u00ea de bru\u00e7os sobre um dos bra\u00e7os e encaixar o queixo da crian\u00e7a entre dois dedos, para que a cabe\u00e7a fique firme. As pernas devem ficar abertas, uma para cada lado do bra\u00e7o; des\u00e7a o bra\u00e7o cerca de 10 cent\u00edmetros para o corpo ficar levemente inclinado. Com a outra m\u00e3o, d\u00ea leves tapas nas costas para desobstruir as vias a\u00e9reas. O l\u00edquido deve sair pela boca e pelo nariz.<\/p>\n<p><strong><em>(Di\u00e1rio do Rio Doce)<\/em><\/strong><\/p>\n","protected":false},"excerpt":{"rendered":"<p>Fato ocorreu no \u00faltimo s\u00e1bado (17). Segundo o militar, essa \u00e9 a terceira vez que ele salva a vida de um rec\u00e9m-nascido. Um beb\u00ea de apenas oito dias de vida foi salvo pelas instru\u00e7\u00f5es de um bombeiro militar, por telefone. A crian\u00e7a havia se engasgado e parado de respirar. O respons\u00e1vel por fazer o salvamento [&hellip;]<\/p>\n","protected":false},"author":1,"featured_media":50597,"comment_status":"open","ping_status":"closed","sticky":false,"template":"","format":"standard","meta":{"amp_status":"","footnotes":""},"categories":[121],"tags":[30736,30737,30734,1018,247,30735],"class_list":["post-50596","post","type-post","status-publish","format-standard","has-post-thumbnail","hentry","category-leste","tag-6-batalhao-dos-bombeiros-de-governador-valadares","tag-bombeiro-salva-vida-e-bebe-em-governador-valadares","tag-cabo-walter-ferreira-rocha","tag-destaque","tag-governador-valadares","tag-walter-ferreira-rocha"],"_links":{"self":[{"href":"https:\/\/aconteceunovale.com.br\/portal\/index.php?rest_route=\/wp\/v2\/posts\/50596","targetHints":{"allow":["GET"]}}],"collection":[{"href":"https:\/\/aconteceunovale.com.br\/portal\/index.php?rest_route=\/wp\/v2\/posts"}],"about":[{"href":"https:\/\/aconteceunovale.com.br\/portal\/index.php?rest_route=\/wp\/v2\/types\/post"}],"author":[{"embeddable":true,"href":"https:\/\/aconteceunovale.com.br\/portal\/index.php?rest_route=\/wp\/v2\/users\/1"}],"replies":[{"embeddable":true,"href":"https:\/\/aconteceunovale.com.br\/portal\/index.php?rest_route=%2Fwp%2Fv2%2Fcomments&post=50596"}],"version-history":[{"count":0,"href":"https:\/\/aconteceunovale.com.br\/portal\/index.php?rest_route=\/wp\/v2\/posts\/50596\/revisions"}],"wp:featuredmedia":[{"embeddable":true,"href":"https:\/\/aconteceunovale.com.br\/portal\/index.php?rest_route=\/wp\/v2\/media\/50597"}],"wp:attachment":[{"href":"https:\/\/aconteceunovale.com.br\/portal\/index.php?rest_route=%2Fwp%2Fv2%2Fmedia&parent=50596"}],"wp:term":[{"taxonomy":"category","embeddable":true,"href":"https:\/\/aconteceunovale.com.br\/portal\/index.php?rest_route=%2Fwp%2Fv2%2Fcategories&post=50596"},{"taxonomy":"post_tag","embeddable":true,"href":"https:\/\/aconteceunovale.com.br\/portal\/index.php?rest_route=%2Fwp%2Fv2%2Ftags&post=50596"}],"curies":[{"name":"wp","href":"https:\/\/api.w.org\/{rel}","templated":true}]}}