{"id":50594,"date":"2015-01-20T11:20:21","date_gmt":"2015-01-20T14:20:21","guid":{"rendered":"http:\/\/aconteceunovale.com.br\/portal\/?p=50594"},"modified":"2015-01-20T11:20:21","modified_gmt":"2015-01-20T14:20:21","slug":"pedra-azul-reune-comunicadores-do-vale-do-jequitinhonha","status":"publish","type":"post","link":"https:\/\/aconteceunovale.com.br\/portal\/?p=50594","title":{"rendered":"Pedra Azul re\u00fane comunicadores do Vale do Jequitinhonha"},"content":{"rendered":"<p>Depois de passar pelos munic\u00edpios de Itaobim, Capelinha e Jequitinhonha, o pr\u00f3ximo Encontro de Comunicadores do Vale Jequitinhonha chega \u00e0 cidade de Pedra Azul. Organizado pelo Programa Polo de Integra\u00e7\u00e3o da UFMG no Vale do Jequitinhonha, o evento vai acontecer entre os dias 23 e 25 de janeiro e busca reunir comunicadores de diversos munic\u00edpios da regi\u00e3o.<\/p>\n<p>\u201cVamos unir os comunicadores do Vale do Jequitinhonha, n\u00e3o s\u00f3 os jornalistas, mas tamb\u00e9m os jovens multiplicadores de informa\u00e7\u00e3o e mobilizadores da regi\u00e3o, em torno das tem\u00e1ticas da comunica\u00e7\u00e3o\u201d, explica Laura Pimenta, co-coordenadora do Suporte de Comunica\u00e7\u00e3o do Programa Polo de Integra\u00e7\u00e3o da UFMG no Vale do Jequitinhonha.<\/p>\n<p>Com o tema \u2018<i>Estamos conectad@s?<\/i>, o evento, que chega a sua quarta edi\u00e7\u00e3o, busca fortalecer a rede de comunicadores no vale. \u201cQueremos discutir e propor alternativas para mobilizar a rede que existe entre as cidades\u201d, afirma Laura, acrescentando que os encontros anteriores balisaram as principais quest\u00f5es que envolvem a comunica\u00e7\u00e3o na regi\u00e3o. \u201cA comunica\u00e7\u00e3o na web tem sido um expoente desses encontros e uma quest\u00e3o que temos trabalhado tamb\u00e9m nas oficinas realizadas em diversos projetos. Al\u00e9m da capacita\u00e7\u00e3o nesta \u00e1rea, estamos focando tamb\u00e9m na mobiliza\u00e7\u00e3o\u201d, conclui.<\/p>\n<p>O encontro &#8211; que vai envolver jovens, adultos, jornalistas, radialistas e participantes de movimentos sociais &#8211; contar\u00e1 com mesas-redondas, confer\u00eancias, sarau e oficinas de cobertura jornal\u00edstica, m\u00eddia t\u00e1tica, publica\u00e7\u00e3o independente, fotografia, webjornalismo e produ\u00e7\u00e3o cultural, entre outras. \u201cTeremos atividades mais t\u00e9cnicas e outras que agu\u00e7ar\u00e3o a criatividade dos participantes, como oficinas de tirinhas, l\u00fadicas e grafite, que tamb\u00e9m \u00e9 uma forma de comunica\u00e7\u00e3o\u201d, explica Laura.<\/p>\n<p>As mesas e confer\u00eancias v\u00e3o acontecer no Gin\u00e1sio Car\u00e3o Velho e as oficinas na Secretaria Municipal de Cultura de Pedra Azul e no Centro de Defesa dos Direitos das Crian\u00e7as e dos Adolescentes do Vale do Jequitinhonha (Cededica Vale).<\/p>\n<p>As inscri\u00e7\u00f5es v\u00e3o at\u00e9 o dia de abertura do evento,\u00a0<b>23 de janeiro<\/b>, e os interessados devem preencher o formul\u00e1rio \u2013 dispon\u00edvel\u00a0<span style=\"text-decoration: underline;\"><b><a href=\"http:\/\/goo.gl\/55Hocj\" target=\"_self\">aqui.<\/a><\/b><\/span>Quem estiver na cidade, pode se inscrever na Secretaria de Cultura e no Cededica Vale.\u00a0<b>Mais informa\u00e7\u00f5es no site do\u00a0<span style=\"text-decoration: underline;\"><a href=\"https:\/\/www2.ufmg.br\/polojequitinhonha\/Pagina-Inicial\" target=\"_self\">Programa Polo.<\/a><\/span><\/b> (UFMG)<\/p>\n","protected":false},"excerpt":{"rendered":"<p>Depois de passar pelos munic\u00edpios de Itaobim, Capelinha e Jequitinhonha, o pr\u00f3ximo Encontro de Comunicadores do Vale Jequitinhonha chega \u00e0 cidade de Pedra Azul. Organizado pelo Programa Polo de Integra\u00e7\u00e3o da UFMG no Vale do Jequitinhonha, o evento vai acontecer entre os dias 23 e 25 de janeiro e busca reunir comunicadores de diversos munic\u00edpios [&hellip;]<\/p>\n","protected":false},"author":1,"featured_media":20175,"comment_status":"open","ping_status":"closed","sticky":false,"template":"","format":"standard","meta":{"amp_status":"","footnotes":""},"categories":[120],"tags":[132,30731,30732,391,30733,455,30730,206030],"class_list":["post-50594","post","type-post","status-publish","format-standard","has-post-thumbnail","hentry","category-jequi","tag-capelinha","tag-comunicadores-do-vale-do-jequitinhonha","tag-encontro-de-comunicadores-do-vale-jequitinhonha","tag-itaobim","tag-laura-pimenta","tag-pedra-azul","tag-pedra-azul-reune-comunicadores-do-vale-do-jequitinhonha","tag-jequi"],"_links":{"self":[{"href":"https:\/\/aconteceunovale.com.br\/portal\/index.php?rest_route=\/wp\/v2\/posts\/50594","targetHints":{"allow":["GET"]}}],"collection":[{"href":"https:\/\/aconteceunovale.com.br\/portal\/index.php?rest_route=\/wp\/v2\/posts"}],"about":[{"href":"https:\/\/aconteceunovale.com.br\/portal\/index.php?rest_route=\/wp\/v2\/types\/post"}],"author":[{"embeddable":true,"href":"https:\/\/aconteceunovale.com.br\/portal\/index.php?rest_route=\/wp\/v2\/users\/1"}],"replies":[{"embeddable":true,"href":"https:\/\/aconteceunovale.com.br\/portal\/index.php?rest_route=%2Fwp%2Fv2%2Fcomments&post=50594"}],"version-history":[{"count":0,"href":"https:\/\/aconteceunovale.com.br\/portal\/index.php?rest_route=\/wp\/v2\/posts\/50594\/revisions"}],"wp:featuredmedia":[{"embeddable":true,"href":"https:\/\/aconteceunovale.com.br\/portal\/index.php?rest_route=\/wp\/v2\/media\/20175"}],"wp:attachment":[{"href":"https:\/\/aconteceunovale.com.br\/portal\/index.php?rest_route=%2Fwp%2Fv2%2Fmedia&parent=50594"}],"wp:term":[{"taxonomy":"category","embeddable":true,"href":"https:\/\/aconteceunovale.com.br\/portal\/index.php?rest_route=%2Fwp%2Fv2%2Fcategories&post=50594"},{"taxonomy":"post_tag","embeddable":true,"href":"https:\/\/aconteceunovale.com.br\/portal\/index.php?rest_route=%2Fwp%2Fv2%2Ftags&post=50594"}],"curies":[{"name":"wp","href":"https:\/\/api.w.org\/{rel}","templated":true}]}}