{"id":50592,"date":"2015-01-20T11:16:14","date_gmt":"2015-01-20T14:16:14","guid":{"rendered":"http:\/\/aconteceunovale.com.br\/portal\/?p=50592"},"modified":"2015-01-20T11:16:14","modified_gmt":"2015-01-20T14:16:14","slug":"plantao-do-samu-no-norte-de-minas-gerais-19-de-janeiro-de-2015","status":"publish","type":"post","link":"https:\/\/aconteceunovale.com.br\/portal\/?p=50592","title":{"rendered":"Plant\u00e3o do Samu no Norte de Minas Gerais &#8211; 19 de janeiro de 2015"},"content":{"rendered":"<h4><strong><em>Segunda-feira, 19 de janeiro de 2015<\/em><\/strong><\/h4>\n<p>A unidade do SAMU de Montes Claros realizou na segunda-feira, 19\/01, 39 atendimentos, sendo 26 casos cl\u00ednicos, 11 em decorr\u00eancia de acidentes de tr\u00e2nsito; 01 v\u00edtima de ferimento por arma branca; 01 v\u00edtima de agress\u00e3o f\u00edsica no bairro Renascen\u00e7a.<\/p>\n<p>\u00c0s 23h40, a unidade do SAMU foi acionada para atendimento a um homem de 36 anos v\u00edtima de agress\u00e3o f\u00edsica, na Rua Bio Lopes, bairro Renascen\u00e7a. Ele apresentava corte contuso na cabe\u00e7a, com sangramento ativo.<\/p>\n<p>Por volta das 22h40, a unidade do SAMU foi acionada para atendimento a dois homens, sendo um de 19 anos e outro de 25 anos, que ficaram feridos ap\u00f3s colidirem de moto no bairro Maria C\u00e2ndida.  Eles sofreram ferimentos leves e escoria\u00e7\u00f5es generalizadas pelo corpo.<\/p>\n<p>Por volta das 19h45, um homem de 25 anos ficou ferido ap\u00f3s colidir de moto contra um cachorro, no bairro Alice Maia. Ele conduzia a moto e apresentava escoria\u00e7\u00f5es leves e se queixava de dor no ombro direito.<\/p>\n<p>\u00c0s 19 horas, um homem de 22 anos caiu de moto no bairro Jardim Primavera e apresentava escoria\u00e7\u00f5es nos bra\u00e7os e pernas.<\/p>\n<p>Por volta das 18h45, um homem de 23 anos foi ferido por arma branca, no bairro Minas Gerais. Ele apresentava um corte contuso no t\u00f3rax.<\/p>\n<p>\u00c0s 18h41, a unidade do SAMU foi acionada no bairro Independ\u00eancia para atendimento a v\u00edtimas de queda de moto. O condutor de 26 anos se queixava de dor e apresentava escoria\u00e7\u00f5es na perna esquerda. Uma mulher de 56 anos, que estava na garupa da moto, se queixava de dor nos bra\u00e7os e pernas.<\/p>\n<p>Por volta das 16 horas, uma crian\u00e7a de 4 anos foi atropelada por um caminh\u00e3o, no bairro Santos Dumont. Lucas Samuel Gon\u00e7alves Santos brincava na porta de casa quando o motorista do caminh\u00e3o que estava parado pr\u00f3ximo deu marcha-r\u00e9, n\u00e3o viu a crian\u00e7a, e a atropelou. O menino morreu no momento do acidente.<\/p>\n<p>Por volta das 15h20, um homem de 26 anos foi ferido ficou ferido ap\u00f3s colidir de moto contra outra moto no bairro S\u00e3o Jos\u00e9. Ele conduzia a moto e apresentava escoria\u00e7\u00f5es na perna esquerda.<\/p>\n<p>\u00c0s 14 horas, um homem de 21 anos caiu de moto no bairro Vera Cruz e apresentava escoria\u00e7\u00f5es nos bra\u00e7os e pernas, corte contuso na perna direita, com exposi\u00e7\u00e3o da estrutura \u00f3ssea, sem sinais de fratura.<\/p>\n<p>Por volta das 13 horas, um homem de 21 anos ficou ferido em um acidente ocorrido no bairro S\u00e3o Luis, envolvendo um carro e uma moto. Ela conduzia a moto e se queixava de dor muscular na regi\u00e3o da coxa direita.<\/p>\n<p>\u00c0s 8h30, a unidade do SAMU foi acionada para atendimento a uma mulher de 87 anos que foi atropelada por uma moto na Rua Miramar, bairro Santa Rita. Ela apresentava escoria\u00e7\u00f5es na face e se queixava de dor no ombro esquerdo e nas pernas.<\/p>\n<p>Em todas as ocorr\u00eancias os feridos receberam os primeiros atendimentos no local e foram encaminhados ao hospital para avalia\u00e7\u00e3o.<\/p>\n","protected":false},"excerpt":{"rendered":"<p>Segunda-feira, 19 de janeiro de 2015 A unidade do SAMU de Montes Claros realizou na segunda-feira, 19\/01, 39 atendimentos, sendo 26 casos cl\u00ednicos, 11 em decorr\u00eancia de acidentes de tr\u00e2nsito; 01 v\u00edtima de ferimento por arma branca; 01 v\u00edtima de agress\u00e3o f\u00edsica no bairro Renascen\u00e7a. \u00c0s 23h40, a unidade do SAMU foi acionada para atendimento [&hellip;]<\/p>\n","protected":false},"author":1,"featured_media":46383,"comment_status":"open","ping_status":"closed","sticky":false,"template":"","format":"standard","meta":{"amp_status":"","footnotes":""},"categories":[1236],"tags":[210,24659,24089,18898,18108,30729,18629,21139,4040],"class_list":["post-50592","post","type-post","status-publish","format-standard","has-post-thumbnail","hentry","category-norte_de_minas","tag-montes-claros","tag-plantao-do-samu-de-montes-claros","tag-plantao-do-samu-do-norte-de-minas","tag-plantao-do-samu-macro-norte","tag-plantao-do-samu-no-norte-de-minas-gerais","tag-plantao-do-samu-no-norte-de-minas-gerais-19-de-janeiro-de-2015","tag-samu-de-montes-claros","tag-samu-do-norte-de-minas","tag-samu-macro-norte"],"_links":{"self":[{"href":"https:\/\/aconteceunovale.com.br\/portal\/index.php?rest_route=\/wp\/v2\/posts\/50592","targetHints":{"allow":["GET"]}}],"collection":[{"href":"https:\/\/aconteceunovale.com.br\/portal\/index.php?rest_route=\/wp\/v2\/posts"}],"about":[{"href":"https:\/\/aconteceunovale.com.br\/portal\/index.php?rest_route=\/wp\/v2\/types\/post"}],"author":[{"embeddable":true,"href":"https:\/\/aconteceunovale.com.br\/portal\/index.php?rest_route=\/wp\/v2\/users\/1"}],"replies":[{"embeddable":true,"href":"https:\/\/aconteceunovale.com.br\/portal\/index.php?rest_route=%2Fwp%2Fv2%2Fcomments&post=50592"}],"version-history":[{"count":0,"href":"https:\/\/aconteceunovale.com.br\/portal\/index.php?rest_route=\/wp\/v2\/posts\/50592\/revisions"}],"wp:featuredmedia":[{"embeddable":true,"href":"https:\/\/aconteceunovale.com.br\/portal\/index.php?rest_route=\/wp\/v2\/media\/46383"}],"wp:attachment":[{"href":"https:\/\/aconteceunovale.com.br\/portal\/index.php?rest_route=%2Fwp%2Fv2%2Fmedia&parent=50592"}],"wp:term":[{"taxonomy":"category","embeddable":true,"href":"https:\/\/aconteceunovale.com.br\/portal\/index.php?rest_route=%2Fwp%2Fv2%2Fcategories&post=50592"},{"taxonomy":"post_tag","embeddable":true,"href":"https:\/\/aconteceunovale.com.br\/portal\/index.php?rest_route=%2Fwp%2Fv2%2Ftags&post=50592"}],"curies":[{"name":"wp","href":"https:\/\/api.w.org\/{rel}","templated":true}]}}