{"id":50589,"date":"2015-01-20T11:13:19","date_gmt":"2015-01-20T14:13:19","guid":{"rendered":"http:\/\/aconteceunovale.com.br\/portal\/?p=50589"},"modified":"2015-01-20T11:13:19","modified_gmt":"2015-01-20T14:13:19","slug":"estudantes-mineiros-tem-ate-quinta-feira-para-participar-do-sisu","status":"publish","type":"post","link":"https:\/\/aconteceunovale.com.br\/portal\/?p=50589","title":{"rendered":"Estudantes mineiros t\u00eam at\u00e9 quinta-feira para participar do Sisu"},"content":{"rendered":"<h4><strong><em>Minas Gerais est\u00e1 entre os estados com o maior n\u00famero de vagas oferecidas. Nesta primeira etapa, a Uemg oferece 2.889 vagas<\/em><\/strong><\/h4>\n<p>Est\u00e3o abertas, at\u00e9 a pr\u00f3xima quinta-feira (22), as inscri\u00e7\u00f5es para a primeira edi\u00e7\u00e3o de 2015 do\u00a0<a href=\"http:\/\/sisu.mec.gov.br\/\" target=\"_blank\">Sistema de Sele\u00e7\u00e3o Unificada (Sisu)<\/a>. O sistema informatizado, criado pelo Minist\u00e9rio da Educa\u00e7\u00e3o, centraliza as oportunidades de vagas em institui\u00e7\u00f5es p\u00fablicas de ensino superior e as distribui a partir das notas obtidas no Exame Nacional do Ensino M\u00e9dio (Enem).<\/p>\n<p>Em todo o pa\u00eds, s\u00e3o disponibilizadas mais de 205,5 mil vagas em 5.631 cursos, com 128 institui\u00e7\u00f5es p\u00fablicas de ensino superior, entre universidades estaduais, federais e institutos tecnol\u00f3gicos. Do total de vagas, 40% (82.879) est\u00e3o direcionadas \u00e0queles jovens que estudaram durante todo o ensino m\u00e9dio em escolas p\u00fablicas e, com isso, s\u00e3o considerados pela Lei de Cotas para o Ensino Superior.<\/p>\n<p>Minas Gerais \u00e9 o segundo estado com o maior n\u00famero de institui\u00e7\u00f5es cadastradas (18) nesta primeira etapa do Sisu, atr\u00e1s apenas do Rio de Janeiro (19). O n\u00famero de munic\u00edpios atendidos, por sua vez, \u00e9 isoladamente o maior do Brasil, com um total de 65. Em seguida, aparecem Rio Grande do Sul (52), Paran\u00e1 (36) e S\u00e3o Paulo (25). No Estado, s\u00e3o ofertadas 24,9 mil vagas em 754 cursos, ligados a 18 institui\u00e7\u00f5es p\u00fablicas de ensino.<\/p>\n<p>\u201cA oferta de vagas vai muito al\u00e9m da extens\u00e3o territorial. Minas Gerais possui um n\u00famero importante de centros de ensino. Al\u00e9m disso, o percentual de vagas oferecidas tamb\u00e9m cresceu em 2015. Esses s\u00e3o alguns dos fatores que colocam o nosso estado entre os primeiros na lista de vagas oferecidas\u201d, ressalta o secret\u00e1rio de Estado de Ci\u00eancia, Tecnologia e Ensino Superior, Miguel Corr\u00eaa.<\/p>\n<p>A\u00a0<a href=\"http:\/\/www.uemg.br\/\" target=\"_blank\">Universidade do Estado de Minas Gerais (UEMG)<\/a>\u00a0\u00e9 o destaque da rede estadual no Sisu, com quase 2.900 vagas disponibilizadas, com abrang\u00eancia \u00e0s regi\u00f5es do Tri\u00e2ngulo, Sul de Minas, Central, Centro-Oeste e Zona da Mata. Em 2014, foram apenas 427 vagas.<\/p>\n<p>\u201cO aumento expressivo no n\u00famero de vagas est\u00e1 ligado a dois fatores importantes: o primeiro deles porque houve um aumento de 25% para 50% no n\u00famero de vagas oferecidas em toda a rede. Al\u00e9m disso, foram absorvidas sete institui\u00e7\u00f5es de ensino em 2014, o que aumentou o campo de atua\u00e7\u00e3o da UEMG. S\u00e3o unidades nas cidades de Campanha, Carangola, Diamantina, Ituiutaba, Passos, Ibirit\u00e9 e Divin\u00f3polis\u201d, explica o secret\u00e1rio.<\/p>\n<p>A imagem a seguir mostra os munic\u00edpios mineiros atendidos pela Uemg, por regi\u00e3o, nesta edi\u00e7\u00e3o do Sisu.\u00a0<a href=\"http:\/\/sisu.mec.gov.br\/cursos?tipo=ies&amp;valor=1036\" target=\"_blank\">Confira, neste link, em detalhes, os cursos e vagas oferecidos pela Universidade do Estado de Minas Gerais (Uemg)<\/a>.<\/p>\n<p><img decoding=\"async\" src=\"http:\/\/aconteceunovale.com.br\/portal\/wp-content\/uploads\/2015\/01\/sisu_uemg.jpg\" alt=\"\" \/><br \/>\n<\/br><\/p>\n<h4><strong>Inscri\u00e7\u00f5es<\/strong><\/h4>\n<p>As inscri\u00e7\u00f5es, gratuitas, devem ser efetuadas somente pela internet, na p\u00e1gina do Sisu. O prazo termina \u00e0s 23h59 do dia 22 de janeiro. Para tanto, os alunos devem ter em m\u00e3os o n\u00famero de inscri\u00e7\u00e3o e a senha do Enem 2014, dados que s\u00e3o pr\u00e9-requisitos para a participa\u00e7\u00e3o e inscri\u00e7\u00e3o. Ao final do processo, o pr\u00f3prio sistema j\u00e1 ir\u00e1 apontar, de maneira autom\u00e1tica, os melhores classificados de cada curso.<\/p>\n<p>No ato da inscri\u00e7\u00e3o, o estudante escolhe duas op\u00e7\u00f5es de cursos, sendo a primeira sele\u00e7\u00e3o a preferencial. Em alguns dos cursos, pode haver tr\u00eas modalidades de concorr\u00eancia: vagas de ampla concorr\u00eancia, vagas reservadas de acordo com a Lei de Cotas e vagas destinadas \u00e0s demais a\u00e7\u00f5es afirmativas da institui\u00e7\u00e3o. O candidato dever\u00e1, no momento da inscri\u00e7\u00e3o, optar por uma destas modalidades, de acordo com seu perfil.<\/p>\n<p>A primeira chamada ser\u00e1 divulgada em 26 de janeiro. Os aprovados ter\u00e3o de 30 de janeiro a 03 de fevereiro para efetuarem a matr\u00edcula na institui\u00e7\u00e3o para a qual foram aprovados.<\/p>\n<h4><strong>Outras institui\u00e7\u00f5es<\/strong><\/h4>\n<p>Al\u00e9m da Uemg, tamb\u00e9m participam desta etapa as seguintes institui\u00e7\u00f5es de ensino superior: Centro Federal de Educa\u00e7\u00e3o Tecnol\u00f3gica de Minas Gerais (Cefet\/MG), Instituto Federal de Educa\u00e7\u00e3o, Ci\u00eancia e Tecnologia do Tri\u00e2ngulo (IFTM), Instituto Federal de Educa\u00e7\u00e3o, Ci\u00eancia e Tecnologia de Minas Gerais (IFMG), Instituto Federal de Educa\u00e7\u00e3o, Ci\u00eancia e Tecnologia do Norte de Minas Gerais (IFNMG), Instituto Federal de Educa\u00e7\u00e3o, Ci\u00eancia e Tecnologia do Sudeste de Minas Gerais (IFSEMG), Instituto Federal de Educa\u00e7\u00e3o, Ci\u00eancia e Tecnologia do Sul de Minas (IF Sul de Minas), Universidade Federal de Alfenas (Unifal\/MG), Universidade Federal de Itajub\u00e1 (Unifei), Universidade Federal de Juiz de Fora (UFJF), Universidade Federal de Lavras (UFLA), Universidade Federal de Minas Gerais (UFMG), Universidade Federal de Ouro Preto FOP), Universidade Federal de S\u00e3o Jo\u00e3o del-Rei (UFSJ), Universidade Federal de Uberl\u00e2ndia (UFU), Universidade Federal de Vi\u00e7osa (UFV), Universidade Federal do Tri\u00e2ngulo Mineiro (UFTM) e Universidade Federal dos Vales do Jequitinhonha e Mucuri (UFVJM). <\/p>\n<p><strong><em>(Ag\u00eancia Minas)<\/em><\/strong><\/p>\n","protected":false},"excerpt":{"rendered":"<p>Minas Gerais est\u00e1 entre os estados com o maior n\u00famero de vagas oferecidas. Nesta primeira etapa, a Uemg oferece 2.889 vagas Est\u00e3o abertas, at\u00e9 a pr\u00f3xima quinta-feira (22), as inscri\u00e7\u00f5es para a primeira edi\u00e7\u00e3o de 2015 do\u00a0Sistema de Sele\u00e7\u00e3o Unificada (Sisu). O sistema informatizado, criado pelo Minist\u00e9rio da Educa\u00e7\u00e3o, centraliza as oportunidades de vagas em [&hellip;]<\/p>\n","protected":false},"author":1,"featured_media":30725,"comment_status":"open","ping_status":"closed","sticky":false,"template":"","format":"standard","meta":{"amp_status":"","footnotes":""},"categories":[123],"tags":[15623,1501,198,199,524,30726,1494,203,213,2323,986,30727,30728],"class_list":["post-50589","post","type-post","status-publish","format-standard","has-post-thumbnail","hentry","category-gerais","tag-campanha","tag-carangola","tag-diamantina","tag-divinopolis","tag-enem","tag-estudantes-mineiros-tem-ate-quinta-feira-para-participar-do-sisu","tag-ibirite","tag-ituiutaba","tag-passos","tag-sisu","tag-uemg","tag-vagas-do-sisu-em-minas-gerais","tag-vagas-para-o-sisu-em-minas-gerais"],"_links":{"self":[{"href":"https:\/\/aconteceunovale.com.br\/portal\/index.php?rest_route=\/wp\/v2\/posts\/50589","targetHints":{"allow":["GET"]}}],"collection":[{"href":"https:\/\/aconteceunovale.com.br\/portal\/index.php?rest_route=\/wp\/v2\/posts"}],"about":[{"href":"https:\/\/aconteceunovale.com.br\/portal\/index.php?rest_route=\/wp\/v2\/types\/post"}],"author":[{"embeddable":true,"href":"https:\/\/aconteceunovale.com.br\/portal\/index.php?rest_route=\/wp\/v2\/users\/1"}],"replies":[{"embeddable":true,"href":"https:\/\/aconteceunovale.com.br\/portal\/index.php?rest_route=%2Fwp%2Fv2%2Fcomments&post=50589"}],"version-history":[{"count":0,"href":"https:\/\/aconteceunovale.com.br\/portal\/index.php?rest_route=\/wp\/v2\/posts\/50589\/revisions"}],"wp:featuredmedia":[{"embeddable":true,"href":"https:\/\/aconteceunovale.com.br\/portal\/index.php?rest_route=\/wp\/v2\/media\/30725"}],"wp:attachment":[{"href":"https:\/\/aconteceunovale.com.br\/portal\/index.php?rest_route=%2Fwp%2Fv2%2Fmedia&parent=50589"}],"wp:term":[{"taxonomy":"category","embeddable":true,"href":"https:\/\/aconteceunovale.com.br\/portal\/index.php?rest_route=%2Fwp%2Fv2%2Fcategories&post=50589"},{"taxonomy":"post_tag","embeddable":true,"href":"https:\/\/aconteceunovale.com.br\/portal\/index.php?rest_route=%2Fwp%2Fv2%2Ftags&post=50589"}],"curies":[{"name":"wp","href":"https:\/\/api.w.org\/{rel}","templated":true}]}}