{"id":50587,"date":"2015-01-20T11:07:15","date_gmt":"2015-01-20T14:07:15","guid":{"rendered":"http:\/\/aconteceunovale.com.br\/portal\/?p=50587"},"modified":"2015-01-20T11:07:15","modified_gmt":"2015-01-20T14:07:15","slug":"previsao-do-tempo-para-minas-gerais-nesta-terca-feira-20-de-janeiro","status":"publish","type":"post","link":"https:\/\/aconteceunovale.com.br\/portal\/?p=50587","title":{"rendered":"Previs\u00e3o do tempo para Minas Gerais nesta ter\u00e7a-feira, 20 de janeiro"},"content":{"rendered":"<h4><em><strong>Massa de ar seco e quente ainda persiste sobre boa parte do Estado<\/strong><\/em><\/h4>\n<p>Nesta ter\u00e7a-feira, o tempo continua est\u00e1vel na maior parte de Minas Gerais, devido \u00e0 presen\u00e7a de uma massa de ar seco e quente. Possibilidade de chuvas isoladas t\u00edpicas de ver\u00e3o ocorrem a partir da tarde no Sul de Minas. <\/p>\n<p>As temperaturas permanecem elevadas e a m\u00e1xima pode atingir os 38\u00b0C no Tri\u00e2ngulo e Norte. A umidade fica em torno de 30% \u00e0 tarde na maior parte do estado. Em Belo Horizonte, o dia ser\u00e1 de c\u00e9u claro com temperaturas oscilando entre 18 e 33\u00b0C.<\/p>\n","protected":false},"excerpt":{"rendered":"<p>Massa de ar seco e quente ainda persiste sobre boa parte do Estado Nesta ter\u00e7a-feira, o tempo continua est\u00e1vel na maior parte de Minas Gerais, devido \u00e0 presen\u00e7a de uma massa de ar seco e quente. Possibilidade de chuvas isoladas t\u00edpicas de ver\u00e3o ocorrem a partir da tarde no Sul de Minas. As temperaturas permanecem [&hellip;]<\/p>\n","protected":false},"author":1,"featured_media":15765,"comment_status":"open","ping_status":"closed","sticky":false,"template":"","format":"standard","meta":{"amp_status":"","footnotes":""},"categories":[123],"tags":[1839,28255,30725],"class_list":["post-50587","post","type-post","status-publish","format-standard","has-post-thumbnail","hentry","category-gerais","tag-previsao-do-tempo-para-minas-gerais","tag-previsao-do-tempo-para-minas-gerais-nesta-terca-feira","tag-previsao-do-tempo-para-minas-gerais-nesta-terca-feira-20-de-janeiro"],"_links":{"self":[{"href":"https:\/\/aconteceunovale.com.br\/portal\/index.php?rest_route=\/wp\/v2\/posts\/50587","targetHints":{"allow":["GET"]}}],"collection":[{"href":"https:\/\/aconteceunovale.com.br\/portal\/index.php?rest_route=\/wp\/v2\/posts"}],"about":[{"href":"https:\/\/aconteceunovale.com.br\/portal\/index.php?rest_route=\/wp\/v2\/types\/post"}],"author":[{"embeddable":true,"href":"https:\/\/aconteceunovale.com.br\/portal\/index.php?rest_route=\/wp\/v2\/users\/1"}],"replies":[{"embeddable":true,"href":"https:\/\/aconteceunovale.com.br\/portal\/index.php?rest_route=%2Fwp%2Fv2%2Fcomments&post=50587"}],"version-history":[{"count":0,"href":"https:\/\/aconteceunovale.com.br\/portal\/index.php?rest_route=\/wp\/v2\/posts\/50587\/revisions"}],"wp:featuredmedia":[{"embeddable":true,"href":"https:\/\/aconteceunovale.com.br\/portal\/index.php?rest_route=\/wp\/v2\/media\/15765"}],"wp:attachment":[{"href":"https:\/\/aconteceunovale.com.br\/portal\/index.php?rest_route=%2Fwp%2Fv2%2Fmedia&parent=50587"}],"wp:term":[{"taxonomy":"category","embeddable":true,"href":"https:\/\/aconteceunovale.com.br\/portal\/index.php?rest_route=%2Fwp%2Fv2%2Fcategories&post=50587"},{"taxonomy":"post_tag","embeddable":true,"href":"https:\/\/aconteceunovale.com.br\/portal\/index.php?rest_route=%2Fwp%2Fv2%2Ftags&post=50587"}],"curies":[{"name":"wp","href":"https:\/\/api.w.org\/{rel}","templated":true}]}}