{"id":50577,"date":"2015-01-19T21:41:08","date_gmt":"2015-01-20T00:41:08","guid":{"rendered":"http:\/\/aconteceunovale.com.br\/portal\/?p=50577"},"modified":"2015-01-20T12:55:59","modified_gmt":"2015-01-20T15:55:59","slug":"apagao-atinge-minas-gerais-e-outros-estados-do-sudeste-sul-e-centro-oeste-do-brasil","status":"publish","type":"post","link":"https:\/\/aconteceunovale.com.br\/portal\/?p=50577","title":{"rendered":"Apag\u00e3o atinge Minas Gerais e outros estados do Sudeste, Sul e Centro-Oeste do Brasil"},"content":{"rendered":"<p>Consumidores de energia relatam em redes sociais na tarde desta segunda-feira, falta de luz nas regi\u00f5es Sul, Sudeste e Centro-Oeste nos seguintes Estados: S\u00e3o Paulo, Rio de Janeiro, Minas Gerais, Rio Grande do Sul, Paran\u00e1, Esp\u00edrito Santo, Goi\u00e1s, Mato Grosso, Mato Grosso do Sul e Santa Catarina, al\u00e9m do Distrito Federal.<\/p>\n<p>A Companhia Energ\u00e9tica de Minas Gerais (Cemig) confirmou que recebeu orienta\u00e7\u00e3o do Operador Nacional do Sistema (ONS) para reduzir o fornecimento no Estado e disse que se pronunciaria oficialmente sobre a quest\u00e3o.<\/p>\n<p>At\u00e9 as 17h30, por\u00e9m, a estatal n\u00e3o havia informado de quanto foi a redu\u00e7\u00e3o, assim como as \u00e1reas atingidas e consumidores atingidos. Mas, por meio de redes sociais da internet, internautas relataram cortes em \u00e1reas de Belo Horizonte, al\u00e9m de cidades da regi\u00e3o metropolitana da capital e munic\u00edpios do interior, situa\u00e7\u00e3o tamb\u00e9m registrada em Estados como S\u00e3o Paulo, Rio de Janeiro, Paran\u00e1, Esp\u00edrito Santo e Distrito Federal.<\/p>\n<p>No in\u00edcio da tarde, v\u00e1rios bairros da Regi\u00e3o Oeste de Belo Horizonte j\u00e1 haviam ficado sem energia por causa do rompimento de um cabo na Avenida Raja Gabaglia, pr\u00f3ximo \u00e0 4\u00aa Regi\u00e3o Militar do Ex\u00e9rcito Brasileiro.<\/p>\n<p>A falta de energia afetou sem\u00e1foros da avenida, uma das mais movimentadas da \u00e1rea, e o tr\u00e1fego teve que ser controlado por agentes da BHTrans, empresa respons\u00e1vel pelo gerenciamento do tr\u00e2nsito e do transporte p\u00fablico na capital. A queda de energia durou cerca de duas horas.<\/p>\n<h4>Justificativa do ONS<\/h4>\n<p>No in\u00edcio da noite, o Operador Nacional do Sistema El\u00e9trico (ONS) se pronunciou oficialmente. O \u00f3rg\u00e3o afirmou que problemas na transfer\u00eancia de energia das Regi\u00f5es Norte e Nordeste para o Sudeste e a eleva\u00e7\u00e3o da demanda no hor\u00e1rio de pico provocaram os cortes na oferta de energia el\u00e9trica nesta segunda-feira.<\/p>\n<p>Em nota, o ONS explica que esses dois problemas levaram \u00e0 redu\u00e7\u00e3o na frequ\u00eancia el\u00e9trica no Sistema Interligado Nacional (SIN), mesmo havendo &#8220;folga de gera\u00e7\u00e3o&#8221;. &#8220;A frequ\u00eancia el\u00e9trica caiu a valores da ordem de 59 Hz, quando o normal \u00e9 60 Hz&#8221;, diz a nota do ONS.<\/p>\n<p>Por causa da queda na frequ\u00eancia ocorreu a perda de usinas geradoras de energia. De acordo com a ONS, foram atingidas as usinas Angra I, Volta Grande, Amador Aguiar II, S\u00e1 Carvalho, Guilman Amorim, Canoas II, Viana e Linhares (Sudeste); Cana Brava e S\u00e3o Salvador (Centro-Oeste); e Governador Ney Braga (Sul). No total, foram afetados 2.200 MW, nessas tr\u00eas regi\u00f5es.<\/p>\n<p>A determina\u00e7\u00e3o para que as distribuidoras de eletricidade reduzissem sua carga de energia teve como objetivo &#8220;restabelecer a frequ\u00eancia el\u00e9trica \u00e0s suas condi\u00e7\u00f5es normais&#8221;. Segundo a nota do ONS, foram atingidos &#8220;menos de 5%&#8221; da carga do SIN. A situa\u00e7\u00e3o foi totalmente normalizada \u00e0s 15h45.<\/p>\n<p>O ONS confirmou que foi convocada para esta ter\u00e7a-feira, 20, \u00e0s 14h30, no Rio, uma reuni\u00e3o com todos os agentes envolvidos para analisar a ocorr\u00eancia, conforme antecipou o Broadcast.<\/p>\n<h4>Outros estados<\/h4>\n<p>O ONS determinou que diversas distribuidoras de energia, com opera\u00e7\u00f5es nas regi\u00f5es Sudeste e Sul, reduzissem a oferta de energia durante uma parte da tarde desta segunda-feira. As companhias Eletropaulo, CPFL Energia, Copel e Light confirmaram a orienta\u00e7\u00e3o do ONS. A reportagem da Ag\u00eancia Estado apurou que a Ampla tamb\u00e9m recebeu igual determina\u00e7\u00e3o. A EDP Energias do Brasil ainda n\u00e3o confirmou eventuais orienta\u00e7\u00f5es do ONS. A Eletrobras, que opera apenas na regi\u00e3o Nordeste, n\u00e3o recebeu nenhuma determina\u00e7\u00e3o.<\/p>\n<p>Em S\u00e3o Paulo, a Eletropaulo foi orientada a reduzir a oferta em 700 MW de energia distribu\u00edda. No caso da CPLF Energia, a redu\u00e7\u00e3o foi de aproximadamente 800 MW de energia. A primeira informou que restabeleceu a totalidade de sua carga de energia distribu\u00edda \u00e0s 15h50. A CPFL, por outro lado, informou que a orienta\u00e7\u00e3o inicial do ONS permitia o restabelecimento para um ter\u00e7o dos clientes atendidos. A Copel teve que reduzir a carga em 320 MW.<\/p>\n<p>A Eletropaulo, no entanto, informou por meio de nota \u00e0 imprensa que o ONS orientou o corte de energia de mais de 700 Megawatts. A empresa diz que o Centro de Opera\u00e7\u00f5es da Distribuidora acompanha a situa\u00e7\u00e3o e &#8220;segue monitorando o sistema integrado por meio do ONS&#8221;.<\/p>\n<p>Poucos minutos depois, em novo comunicado, informou que, &#8220;seguindo orienta\u00e7\u00e3o do ONS (Operador Nacional do Sistema El\u00e9trico), restabeleceu a totalidade de sua carga de energia distribu\u00edda \u00e0s 15h50&#8221;.<\/p>\n<p>De acordo com assessoria de imprensa da Eletropaulo, em contato telef\u00f4nico, n\u00e3o h\u00e1 informa\u00e7\u00f5es oficiais de quais regi\u00f5es da cidade de S\u00e3o Paulo sofrem ou sofreram com os cortes de energia. A companhia promete comunicado para detalhar melhor quais regi\u00f5es atendidas por ela ser\u00e3o ou foram afetadas.<\/p>\n<p>A Copel tamb\u00e9m foi orientada pelo ONS a reduzir oferta em 320 MW de energia distribu\u00edda; a Light e a Ampla tamb\u00e9m receberam ordem semelhante. CPFL Energia, ap\u00f3s ser submetida \u00e0 mesma determina\u00e7\u00e3o, recebeu autoriza\u00e7\u00e3o para restabelecer fornecimento a um ter\u00e7o dos clientes.<\/p>\n<p>Em S\u00e3o Paulo, a Linha Amarela do metr\u00f4 tem problemas de opera\u00e7\u00e3o devido \u00e0 falta de energia el\u00e9trica. De acordo com a ViaQuatro, que administra o trecho, a opera\u00e7\u00e3o \u00e9 parcial. O Twitter oficial da concession\u00e1ria republica fotos tiradas por usu\u00e1rios. Nas imagens, pessoas descem dos trens e caminham pelos trilhos.<\/p>\n<p>O Distrito Federal tamb\u00e9m enfrentou problemas no fornecimento de energia el\u00e9trica na tarde desta segunda-feira. Conforme a CEB Distribui\u00e7\u00e3o, que atende a capital federal, algumas subesta\u00e7\u00f5es foram desligadas \u00e0s 15 horas, a pedido do Operador Nacional do Sistema (ONS). Foram desligadas oito subesta\u00e7\u00f5es: Samambaia Oeste, Brasil\u00e2ndia, PAD\/DF, Planaltina, S\u00e3o Jos\u00e9, Vale do Amanhecer, S\u00e3o Sebasti\u00e3o, Sobradinho. \u00c0s 15h40 as subesta\u00e7\u00f5es voltaram a funcionar, exceto S\u00e3o Jos\u00e9 e PAD\/DF.<\/p>\n<p>Segundo a CEB, cerca de 157 mil unidades consumidoras ficaram sem energia neste per\u00edodo. A regi\u00e3o da Esplanada dos Minist\u00e9rios e da Pra\u00e7a dos Tr\u00eas Poderes, entretanto, n\u00e3o foi atingida.<\/p>\n<p>Em Goi\u00e1s, segundo a distribuidora Celg-D, houve corte manual de carga no total aproximado de 200 megawatts (MW) a partir das 14h58. A companhia goiana informa que o corte foi realizado conforme orienta\u00e7\u00f5es do Operador Nacional do Sistema (ONS)el\u00e9trico, &#8220;em fun\u00e7\u00e3o das condi\u00e7\u00f5es sist\u00eamicas&#8221;. A Celg cita que o corte afetou v\u00e1rias regi\u00f5es de Goi\u00e1s, inclusive parte de Goi\u00e2nia, com normaliza\u00e7\u00e3o a partir das 16 horas. <\/p>\n<h4>Munic\u00edpios afetados em Minas Gerais<\/h4>\n<p>&#8211; Aimor\u00e9s<br \/>\n&#8211; Alvarenga<br \/>\n&#8211; Ant\u00f4nio Dias<br \/>\n&#8211; Belo Horizonte (parcial)<br \/>\n&#8211; Bonfim<br \/>\n&#8211; Brumadinho<br \/>\n&#8211; Cachoeira do Campo<br \/>\n&#8211; Capit\u00e3o Andrade<br \/>\n&#8211; Conquista<br \/>\n&#8211; Conselheiro Pena<br \/>\n&#8211; Coronel Fabriciano<br \/>\n&#8211; Crucil\u00e2ndia<br \/>\n&#8211; Cuparaque<br \/>\n&#8211; Delta<br \/>\n&#8211; Dom Cavati<br \/>\n&#8211; Engenheiro Caldas<br \/>\n&#8211; Esmeraldas<br \/>\n&#8211; Espinosa<br \/>\n&#8211; Fernandes Tourinho<br \/>\n&#8211; Galileia<br \/>\n&#8211; Goiabeira<br \/>\n&#8211; Gorutuba<br \/>\n&#8211; Governador Valadares (parcial)<br \/>\n&#8211; Igarap\u00e9<br \/>\n&#8211; Ipatinga (parcial)<br \/>\n&#8211; Itabira<br \/>\n&#8211; Itacarambi<br \/>\n&#8211; Itanhomi<br \/>\n&#8211; Itueta<br \/>\n&#8211; Jaguara\u00e7u<br \/>\n&#8211; Ja\u00edba<br \/>\n&#8211; Japonvar<br \/>\n&#8211; Jata\u00ed<br \/>\n&#8211; Juatuba<br \/>\n&#8211; Juven\u00edlia<br \/>\n&#8211; Manga<br \/>\n&#8211; M\u00e1rio Campos<br \/>\n&#8211; Mateus Leme<br \/>\n&#8211; Matias Cardoso<br \/>\n&#8211; Mirav\u00e2nia<br \/>\n&#8211; Pint\u00f3polis<br \/>\n&#8211; Resplendor<br \/>\n&#8211; Ribeir\u00e3o das Neves (parcial)<br \/>\n&#8211; Santa Rita do Itueto<br \/>\n&#8211; S\u00e3o Francisco<br \/>\n&#8211; S\u00e3o Geraldo do Baixio<br \/>\n&#8211; S\u00e3o Jo\u00e3o das Miss\u00f5es<br \/>\n&#8211; S\u00e3o Joaquim de Bicas<br \/>\n&#8211; Sobr\u00e1lia<br \/>\n&#8211; Tarumirim<br \/>\n&#8211; Tumiritinga<br \/>\n&#8211; Uberaba (parcial)<br \/>\n&#8211; Varzel\u00e2ndia<br \/>\n&#8211; Verdel\u00e2ndia<\/p>\n<p><strong><em>(Ag\u00eancia Estado \/ R\u00e1dio Itatiaia)<\/em><\/strong><\/p>\n","protected":false},"excerpt":{"rendered":"<p>Consumidores de energia relatam em redes sociais na tarde desta segunda-feira, falta de luz nas regi\u00f5es Sul, Sudeste e Centro-Oeste nos seguintes Estados: S\u00e3o Paulo, Rio de Janeiro, Minas Gerais, Rio Grande do Sul, Paran\u00e1, Esp\u00edrito Santo, Goi\u00e1s, Mato Grosso, Mato Grosso do Sul e Santa Catarina, al\u00e9m do Distrito Federal. A Companhia Energ\u00e9tica de [&hellip;]<\/p>\n","protected":false},"author":1,"featured_media":50579,"comment_status":"open","ping_status":"closed","sticky":false,"template":"","format":"standard","meta":{"amp_status":"","footnotes":""},"categories":[6],"tags":[273,275,1740,30710,30709,30716,30711,30717,30713,30714,30712,30715,194,12259,3679,23835,279,30721,347,18567,1607,282,1524,30746,284,1617,1328,288,1492,1278,289,292,293,17193,247,1493,201,202,1705,297,298,1741,1058,3058,30747,7520,30720,1706,1356,7524,12296,1708,3056,30744,30745,30719,30718,1710,309,3674,314,1522,318,1810,10113,328,329,330,220,1713,1814],"class_list":["post-50577","post","type-post","status-publish","format-standard","has-post-thumbnail","hentry","category-br","tag-aimores","tag-alvarenga","tag-antonio-dias","tag-apagao-atinge-minas-gerais","tag-apagao-atinge-minas-gerais-e-outros-estados-do-sudeste","tag-apagao-em-goias","tag-apagao-em-sao-paulo","tag-apagao-no-distrito-federal","tag-apagao-no-espirito-santo","tag-apagao-no-parana","tag-apagao-no-rio-de-janeiro","tag-apagao-no-rio-grande-do-sul","tag-belo-horizonte","tag-bonfim","tag-brumadinho","tag-cachoeira-do-campo","tag-capitao-andrade","tag-causas-do-apagao-19-de-janeiro-de-2014","tag-cemig","tag-companhia-energetica-de-minas-gerais","tag-conquista","tag-conselheiro-pena","tag-coronel-fabriciano","tag-crucilandia","tag-cuparaque","tag-delta","tag-dom-cavati","tag-engenheiro-caldas","tag-esmeraldas","tag-espinosa","tag-fernandes-tourinho","tag-galileia","tag-goiabeira","tag-gorutuba","tag-governador-valadares","tag-igarape","tag-ipatinga","tag-itabira","tag-itacarambi","tag-itanhomi","tag-itueta","tag-jaguaracu","tag-jaiba","tag-japonvar","tag-jatai","tag-juatuba","tag-justificativa-do-ons-para-apagao","tag-juvenilia","tag-manga","tag-mario-campos","tag-mateus-leme","tag-matias-cardoso","tag-miravania","tag-municipios-afetados-em-minas-gerais","tag-municipios-afetados-pelo-apagao-em-minas-gerais","tag-ons","tag-operador-nacional-do-sistema","tag-pintopolis","tag-resplendor","tag-ribeirao-das-neves","tag-santa-rita-do-itueto","tag-sao-francisco","tag-sao-geraldo-do-baixio","tag-sao-joao-das-missoes","tag-sao-joaquim-de-bicas","tag-sobralia","tag-tarumirim","tag-tumiritinga","tag-uberaba","tag-varzelandia","tag-verdelandia"],"_links":{"self":[{"href":"https:\/\/aconteceunovale.com.br\/portal\/index.php?rest_route=\/wp\/v2\/posts\/50577","targetHints":{"allow":["GET"]}}],"collection":[{"href":"https:\/\/aconteceunovale.com.br\/portal\/index.php?rest_route=\/wp\/v2\/posts"}],"about":[{"href":"https:\/\/aconteceunovale.com.br\/portal\/index.php?rest_route=\/wp\/v2\/types\/post"}],"author":[{"embeddable":true,"href":"https:\/\/aconteceunovale.com.br\/portal\/index.php?rest_route=\/wp\/v2\/users\/1"}],"replies":[{"embeddable":true,"href":"https:\/\/aconteceunovale.com.br\/portal\/index.php?rest_route=%2Fwp%2Fv2%2Fcomments&post=50577"}],"version-history":[{"count":0,"href":"https:\/\/aconteceunovale.com.br\/portal\/index.php?rest_route=\/wp\/v2\/posts\/50577\/revisions"}],"wp:featuredmedia":[{"embeddable":true,"href":"https:\/\/aconteceunovale.com.br\/portal\/index.php?rest_route=\/wp\/v2\/media\/50579"}],"wp:attachment":[{"href":"https:\/\/aconteceunovale.com.br\/portal\/index.php?rest_route=%2Fwp%2Fv2%2Fmedia&parent=50577"}],"wp:term":[{"taxonomy":"category","embeddable":true,"href":"https:\/\/aconteceunovale.com.br\/portal\/index.php?rest_route=%2Fwp%2Fv2%2Fcategories&post=50577"},{"taxonomy":"post_tag","embeddable":true,"href":"https:\/\/aconteceunovale.com.br\/portal\/index.php?rest_route=%2Fwp%2Fv2%2Ftags&post=50577"}],"curies":[{"name":"wp","href":"https:\/\/api.w.org\/{rel}","templated":true}]}}