{"id":50575,"date":"2015-01-19T21:26:26","date_gmt":"2015-01-20T00:26:26","guid":{"rendered":"http:\/\/aconteceunovale.com.br\/portal\/?p=50575"},"modified":"2015-01-19T21:26:26","modified_gmt":"2015-01-20T00:26:26","slug":"ladrao-leva-r-700-mil-de-loja-da-regiao-central-de-ipatinga","status":"publish","type":"post","link":"https:\/\/aconteceunovale.com.br\/portal\/?p=50575","title":{"rendered":"Ladr\u00e3o leva R$ 700 mil de loja da regi\u00e3o Central de Ipatinga"},"content":{"rendered":"<h4><strong><em>Furto foi descoberto na manh\u00e3 desta segunda-feira (19). Dinheiro foi recuperado pela Pol\u00edcia.<\/em><\/strong><\/h4>\n<p>Um furto foi descoberto na manh\u00e3 desta segunda-feira (19) em uma loja no Centro de Ipatinga. O propriet\u00e1rio do estabelecimento acionou a Pol\u00edcia Militar por volta de 7h30 ap\u00f3s perceber que faltavam R$ 700 mil do local. Durante o rastreamento, a pol\u00edcia descobriu que o autor do furto prestava servi\u00e7os como carpinteiro e mora no bairro Recanto, em Tim\u00f3teo. O acusado foi localizado em Ipatinga em um estabelecimento comercial no bairro Jardim Panorama. <\/p>\n<p>Durante a abordagem uma grande quantia em dinheiro foi encontrada no carro do suspeito e a maior parte em sua casa. Cerca de R$ 1 mil n\u00e3o foi recuperado, pois de acordo com o acusado j\u00e1 havia adquirido mercadorias para serem usadas em sua oficina. <\/p>\n<p>O homem acabou confessando o crime e disse que entrou na loja por duas vezes. A primeira foi na quinta-feira (15) quando conseguiu sair com alguns pacotes de dinheiro, e a segunda vez foi nesta segunda-feira (19) quando levou o restante do dinheiro. Em conversa com os policiais o acusado disse que \u201cn\u00e3o resistiu \u00e0 tenta\u00e7\u00e3o de ver tanto dinheiro na sua frente\u201d. O homem foi preso e autuado por furto. (Jornal Vale do A\u00e7o)<\/p>\n","protected":false},"excerpt":{"rendered":"<p>Furto foi descoberto na manh\u00e3 desta segunda-feira (19). Dinheiro foi recuperado pela Pol\u00edcia. Um furto foi descoberto na manh\u00e3 desta segunda-feira (19) em uma loja no Centro de Ipatinga. O propriet\u00e1rio do estabelecimento acionou a Pol\u00edcia Militar por volta de 7h30 ap\u00f3s perceber que faltavam R$ 700 mil do local. Durante o rastreamento, a pol\u00edcia [&hellip;]<\/p>\n","protected":false},"author":1,"featured_media":32926,"comment_status":"open","ping_status":"closed","sticky":false,"template":"","format":"standard","meta":{"amp_status":"","footnotes":""},"categories":[121],"tags":[30707,30705,30703,30708,30706,30704,1105],"class_list":["post-50575","post","type-post","status-publish","format-standard","has-post-thumbnail","hentry","category-leste","tag-carpinteiro-furta-r-700-mil-de-loja-da-regiao-central-de-ipatinga","tag-daywson-halisson-barreto","tag-furto-na-distak-modas-ipatinga","tag-ladrao-leva-r-700-mil-de-loja-da-regiao-central-de-ipatinga","tag-mario-fernando-cunha-ganchas","tag-roubo-na-distak-modas-ipatinga","tag-timoteo"],"_links":{"self":[{"href":"https:\/\/aconteceunovale.com.br\/portal\/index.php?rest_route=\/wp\/v2\/posts\/50575","targetHints":{"allow":["GET"]}}],"collection":[{"href":"https:\/\/aconteceunovale.com.br\/portal\/index.php?rest_route=\/wp\/v2\/posts"}],"about":[{"href":"https:\/\/aconteceunovale.com.br\/portal\/index.php?rest_route=\/wp\/v2\/types\/post"}],"author":[{"embeddable":true,"href":"https:\/\/aconteceunovale.com.br\/portal\/index.php?rest_route=\/wp\/v2\/users\/1"}],"replies":[{"embeddable":true,"href":"https:\/\/aconteceunovale.com.br\/portal\/index.php?rest_route=%2Fwp%2Fv2%2Fcomments&post=50575"}],"version-history":[{"count":0,"href":"https:\/\/aconteceunovale.com.br\/portal\/index.php?rest_route=\/wp\/v2\/posts\/50575\/revisions"}],"wp:featuredmedia":[{"embeddable":true,"href":"https:\/\/aconteceunovale.com.br\/portal\/index.php?rest_route=\/wp\/v2\/media\/32926"}],"wp:attachment":[{"href":"https:\/\/aconteceunovale.com.br\/portal\/index.php?rest_route=%2Fwp%2Fv2%2Fmedia&parent=50575"}],"wp:term":[{"taxonomy":"category","embeddable":true,"href":"https:\/\/aconteceunovale.com.br\/portal\/index.php?rest_route=%2Fwp%2Fv2%2Fcategories&post=50575"},{"taxonomy":"post_tag","embeddable":true,"href":"https:\/\/aconteceunovale.com.br\/portal\/index.php?rest_route=%2Fwp%2Fv2%2Ftags&post=50575"}],"curies":[{"name":"wp","href":"https:\/\/api.w.org\/{rel}","templated":true}]}}