{"id":50559,"date":"2015-01-19T20:40:38","date_gmt":"2015-01-19T23:40:38","guid":{"rendered":"http:\/\/aconteceunovale.com.br\/portal\/?p=50559"},"modified":"2015-01-19T20:41:48","modified_gmt":"2015-01-19T23:41:48","slug":"africano-que-estudava-na-ufop-morre-afogado-em-cachoeira-de-mariana","status":"publish","type":"post","link":"https:\/\/aconteceunovale.com.br\/portal\/?p=50559","title":{"rendered":"Africano que estudava na UFOP morre afogado em cachoeira de Mariana"},"content":{"rendered":"<h4><strong><em>As causas do afogamento ainda n\u00e3o foram esclarecidas pelo Corpo de Bombeiros e a Pol\u00edcia Civil.<\/em><\/strong><\/h4>\n<p>As causas da morte do estudante Braima Man\u00e9, de Guin\u00e9-Bissau, que cursava o Curso de Ci\u00eancias Econ\u00f4micas na Universidade Federal de Ouro Preto (UFOP), e se afogou em uma cachoeira em Mariana, na Regi\u00e3o Central de Minas Gerais, deve ser investigada. Ainda n\u00e3o h\u00e1 informa\u00e7\u00f5es de como aconteceu o afogamento. <\/p>\n<p><img decoding=\"async\" src=\"http:\/\/aconteceunovale.com.br\/portal\/wp-content\/uploads\/2015\/01\/braima_mane.jpg\" alt=\"\" \/><em>Braima Man\u00e9, de 24 anos, estudava na UFOP desde o primeiro semestre de 2010 &#8211; Foto: Reprodu\u00e7\u00e3o<\/em><br \/>\n<\/br><\/p>\n<p>A UFOP informou, por meio de nota, que o estudante tinha 24 anos, se matriculou na universidade no primeiro semestre de 2010, vinculado ao Programa Estudante Conv\u00eanio de Gradua\u00e7\u00e3o (PEC-G) Nesse domingo, ele se afogou na cachoeira Serrinha, em Passagem de Mariana. As causas n\u00e3o foram informadas pela institui\u00e7\u00e3o. <\/p>\n<p>De acordo com a Pol\u00edcia Civil, o boletim de ocorr\u00eancia sobre o caso est\u00e1 sob a responsabilidade do Corpo de Bombeiros. At\u00e9 \u00e0s 18h desta segunda-feira, o documento n\u00e3o tinha sido entregue na delegacia da cidade e nem mesmo foi fechado. <\/p>\n<p>O irm\u00e3o do jovem, que tamb\u00e9m mora no Brasil, j\u00e1 se deslocou de Vit\u00f3ria para Mariana para cuidar dos tr\u00e2mites legais para o traslado do corpo. <\/p>\n<p>Por meio das redes sociais, familiares e amigos da v\u00edtimas tentam arrecadar verba para levar o corpo para o pa\u00eds de origem do estudante. \u201cAgradecemos as pessoas que solidarizam conosco nesse momento dif\u00edcil de perda de nosso querido Braima Man\u00e9. Agora precisamos da solidariedade de cada um\u201d, disse um parente no Facebook. No texto, o homem ainda afirma que a Universidade vai auxiliar os familiares. <\/p>\n<p>Desde o in\u00edcio de Janeiro, o Corpo de Bombeiros j\u00e1 registrou pelo menos 38 mortes por afogamento em Minas Gerais. O balan\u00e7o foi divulgado nesse domingo. No ano passado, foram registradas 66 mortes durante todo o m\u00eas de janeiro. <\/p>\n<p><strong><em>(Estado de Minas)<\/em><\/strong><\/p>\n","protected":false},"excerpt":{"rendered":"<p>As causas do afogamento ainda n\u00e3o foram esclarecidas pelo Corpo de Bombeiros e a Pol\u00edcia Civil. As causas da morte do estudante Braima Man\u00e9, de Guin\u00e9-Bissau, que cursava o Curso de Ci\u00eancias Econ\u00f4micas na Universidade Federal de Ouro Preto (UFOP), e se afogou em uma cachoeira em Mariana, na Regi\u00e3o Central de Minas Gerais, deve [&hellip;]<\/p>\n","protected":false},"author":1,"featured_media":50560,"comment_status":"open","ping_status":"closed","sticky":false,"template":"","format":"standard","meta":{"amp_status":"","footnotes":""},"categories":[28848],"tags":[30667,30660,30664,30666,30663,30662,30661,7363,16254,30665],"class_list":["post-50559","post","type-post","status-publish","format-standard","has-post-thumbnail","hentry","category-mundo","tag-africano-que-estudava-na-ufop-morre-afogado-em-cachoeira-de-mariana","tag-braima-mane","tag-braima-mane-de-guine-bissau","tag-cachoeira-serrinha","tag-curso-de-ciencias-economicas-da-ufop","tag-curso-de-ciencias-economicas-na-universidade-federal-de-ouro-preto","tag-guine-bissau","tag-mariana","tag-ufop","tag-universidade-federal-de-ouro-preto"],"_links":{"self":[{"href":"https:\/\/aconteceunovale.com.br\/portal\/index.php?rest_route=\/wp\/v2\/posts\/50559","targetHints":{"allow":["GET"]}}],"collection":[{"href":"https:\/\/aconteceunovale.com.br\/portal\/index.php?rest_route=\/wp\/v2\/posts"}],"about":[{"href":"https:\/\/aconteceunovale.com.br\/portal\/index.php?rest_route=\/wp\/v2\/types\/post"}],"author":[{"embeddable":true,"href":"https:\/\/aconteceunovale.com.br\/portal\/index.php?rest_route=\/wp\/v2\/users\/1"}],"replies":[{"embeddable":true,"href":"https:\/\/aconteceunovale.com.br\/portal\/index.php?rest_route=%2Fwp%2Fv2%2Fcomments&post=50559"}],"version-history":[{"count":0,"href":"https:\/\/aconteceunovale.com.br\/portal\/index.php?rest_route=\/wp\/v2\/posts\/50559\/revisions"}],"wp:featuredmedia":[{"embeddable":true,"href":"https:\/\/aconteceunovale.com.br\/portal\/index.php?rest_route=\/wp\/v2\/media\/50560"}],"wp:attachment":[{"href":"https:\/\/aconteceunovale.com.br\/portal\/index.php?rest_route=%2Fwp%2Fv2%2Fmedia&parent=50559"}],"wp:term":[{"taxonomy":"category","embeddable":true,"href":"https:\/\/aconteceunovale.com.br\/portal\/index.php?rest_route=%2Fwp%2Fv2%2Fcategories&post=50559"},{"taxonomy":"post_tag","embeddable":true,"href":"https:\/\/aconteceunovale.com.br\/portal\/index.php?rest_route=%2Fwp%2Fv2%2Ftags&post=50559"}],"curies":[{"name":"wp","href":"https:\/\/api.w.org\/{rel}","templated":true}]}}